{"id":37746,"date":"2006-10-17T13:25:37","date_gmt":"2006-10-17T13:25:37","guid":{"rendered":"http:\/\/diariodominicano.ddns.net\/?p=37746"},"modified":"2006-10-17T13:25:37","modified_gmt":"2006-10-17T13:25:37","slug":"las-principales-en-teledebate-170","status":"publish","type":"post","link":"https:\/\/diariodominicano.com\/?p=37746","title":{"rendered":"LAS PRINCIPALES EN TELEDEBATE"},"content":{"rendered":"<p><body><\/p>\n<p><span class=\"titulogrande1\">LAS PRINCIPALES EN TELEDEBATE<\/span><br \/>&#13;<br \/>\n  <br \/>&#13;<br \/>\n  <span class=\"textogrande\">Viernes  13,10,06<\/span><\/p>\n<p>&#13;<\/p>\n<p align=\"justify\" class=\"text1noticias\">BRUGAL CREE EN SU GENTE.\u00a0  Excelente como siempre el acto de Brugal Cree en su Gente que present\u00f2  su d\u00e9cima quinta edici\u00f2n con premios que totalizan 5 millones depesos.\u00a0 La selecci\u00f3n del Jurado para el Gran Premio  recay\u00f2 merecidamente en el Patronato Cibao de Rehabilitaci\u00f3n.\u00a0 <br \/>&#13;<br \/>\n  <br \/>&#13;<br \/>\nAcertada la idea de tener como orador  invitado en esta oportunidad al empresario y fil\u00e1ntropo Manuel Arsenio  Ure\u00f1a.\u00a0 E igualmente atinada la  iniciativa de entregar el reconocimiento al h\u00e9roe an\u00f3nimo a do\u00f1a Graciela  Gratereaux, Mam\u00e0 Nin\u00f2n, por su labor a favor de personas encarceladas.<\/p>\n<p>&#13;<\/p>\n<p align=\"justify\" class=\"text1noticias\">RAPIDA REACCION. No pasaron 24  horas de la grav\u00edsima denuncia del obispo de Mao-Montecristi, monse\u00f1or Espinal,  sobre el libre trasiego por la frontera de ilegales, drogas, armas y  mercader\u00ecas para que se detuviese a dos haitianos portando nada menos que 117  kilos de coca\u00edna.\u00a0 Y menos de otras 24  para que se anunciase la sustituci\u00f2n de las dotaciones militares y aduanales de  Jiman\u00ec, Dajab\u00f2n y El\u00ecas Pi\u00f1a por presunta complicidad en los contrabandos. <\/p>\n<p>&#13;<\/p>\n<p align=\"justify\" class=\"text1noticias\">SI CULPABLES, NO BASTA CON  SUSTITUIRLOS. Ahora bien:\u00a0 si estaban  cumpliendo con su deber no hab\u00eca raz\u00f2n para sustituirlas, y si pudieran estar  presuntamente implicados sus miembros en las actividades ilegales denunciadas  por el religioso, entonces no basta con cambiarlas.\u00a0 Es necesario que se depuren posibles  complicidades y de comprobarse, que los responsables sean sometidos a los  tribunales ordinarios para que se haga justicia y a trav\u00e8s de ella, que sirvan  de escarmiento y ejemplo.<\/p>\n<p>&#13;<\/p>\n<p align=\"justify\" class=\"text1noticias\">QUE SE SOMETAN A LA JUSTICIA.\u00a0 Es el mismo caso de los  celulares robados recuperados por la   Polic\u00eca y que han sido apropiados por algunos agentes para  uso personal o de sus familias.\u00a0 Hizo  bien el Jefe de la   Polic\u00eca Nacional en denunciar el hecho.\u00a0 Pero eso no basta.\u00a0 Como bien ha expresado el titular de Interior  y Polic\u00eca, Franklin Almeida, los responsables tienen que ser sometidos a la Justicia, porque \u00e8se es  tan robo como el de cualquier ladr\u00f2n, y a\u00f9n m\u00e0s, ya que es perpetrado por quienes  son representantes de la ley y el orden.<\/p>\n<p>&#13;<\/p>\n<p align=\"justify\" class=\"text1noticias\">QUE DIOS LO OIGA. Aunque lo  haya dicho en Washington ello no resta validez a las declaraciones del  Superintendente de Electricidad, Francisco M\u00e9ndez, se\u00f1alando que el \u00e8xito en la  renegociaci\u00f3n de los contratos con las empresas generadoras y la revisi\u00f3n del  Acuerdo de Madrid pudiera transferir de inmediato o paulatinamente a los  usuarios una mejor\u00eca en las actuales abultadas tarifas el\u00e9ctricas.\u00a0 Frente a esa posibilidad s\u00f2lo resta cruzar  los dedos, elevar la mirada al cielo y murmurar por lo bajo para que no se  barajen los planes \u201cQue Dios lo oiga\u201d.<\/p>\n<p>&#13;<\/p>\n<p align=\"justify\" class=\"text1noticias\">AMENAZAS Y PROTECCI\u00d3N.\u00a0 Hablando de temor a posible venganza, las  autoridades deben brindar inmediata protecci\u00f3n a los familiares de un joven  asesinado en Villa Mella hace pocos d\u00ecas\u00a0  por protestar la instalaci\u00f3n de un punto de venta de drogas frente a su  domicilio.\u00a0 Del hecho se acusa a un ex  polic\u00eca, dizque dado de baja por la comisi\u00f2n de graves delitos, quien ahora  estar\u00eca amenazando a los dolientes de la v\u00ecctima con hacerles lo mismo si  persisten en acusarlo.\u00a0 Adem\u00e1s, \u00bfc\u00f2mo es  posible que estando acusado del hecho el tal elemento se encuentre en libertad?<\/p>\n<p>&#13;<\/p>\n<p align=\"justify\" class=\"text1noticias\">EXPRESI\u00d3N DE INDIGENCIA MORAL.  L\u00e0grimas de verg\u00fcenza y de ira la denuncia de que varias personas que se acercaron  al lugar donde cay\u00f2 el helic\u00f3ptero que cost\u00f2 la vida a sus cuatro ocupantes en La Bombita, se dedicaron a  despojar los cad\u00e1veres de sus pertenencias.\u00a0  Hay que preguntarse hasta qu\u00e8 grado de vileza e insensibilidad hemos  rodado.\u00a0 Y que nadie apele por favor a la  abusada excusa de que el hecho es fruto de la pobreza.\u00a0 En todo caso de indigencia moral, nunca de  necesidad material.<br \/>&#13;<br \/>\n  \u00a0<br \/>&#13;<br \/>\n  LA PARTIDA DE IVAN  BRUGAL. El pa\u00ecs ha perdido un profesional y un ciudadano muy meritorio con el  deceso del Profesor Iv\u00e0n Brugal.\u00a0 Tres  veces vicerrector acad\u00e9mico de la Universidad Aut\u00f3noma  de Santo Domingo, donde prest\u00f2 eminentes servicios por espacio de m\u00e0s de dos  d\u00e9cadas as\u00ec como presidente del Consejo Nacional de Educaci\u00f3n Superior.\u00a0 El destacado pat\u00f2logo fue adem\u00e1s un ciudadano  comprometido pol\u00edticamente con larga militancia y dirigencia en el Partido de la Liberaci\u00f3n Dominicana.\u00a0 Descanse en paz.<\/p>\n<p>&#13;<\/p>\n<p align=\"justify\" class=\"text1noticias\">DE NUEVO EN CAMPA\u00d1A POL\u00cdTICA.  Con el lanzamiento oficial de su precandidatura a la Presidencia de la Rep\u00f9blica por el Partido  Reformista Social Cristiano de Luis Toral, se espera que otros dentro de esa  agrupaci\u00f3n oficialicen sus aspiraciones que son una especie de secreto a  voces.\u00a0 Adem\u00e1s de Amable Aristy se  barajan los nombre de Eduardo Estrella, Jos\u00e8 Enrique Sued y hasta el mismo  Josecito Hazim, pese a su derrota en los pasados comicios.\u00a0 A s\u00f2lo escasos meses de las elecciones del  pasado mayo, ya estamos de nuevo inmersos en campa\u00f1a pol\u00edtica.<\/p>\n<p>&#13;<\/p>\n<h6> 2006-10-17 13:25:37 <\/h6>\n<p><!--\n<link rel=\"stylesheet\" href=\"css\/bootstrap.min.css\">\n\n\n<ul class=\"pagination\">\n\t    \n\t\n\n<li >\n\t<a href='?page_no=13478'>Previous<\/a>\n\t<\/li>\n\n\n       \n    \n\n<li><a href='?page_no=1'>1<\/a><\/li>\n\n\n\n<li><a href='?page_no=2'>2<\/a><\/li>\n\n\n\n<li><a>...<\/a><\/li>\n\n\n\n<li><a href='?page_no=13477'>13477<\/a><\/li>\n\n\n\n<li><a href='?page_no=13478'>13478<\/a><\/li>\n\n\n\n<li class='active'><a>13479<\/a><\/li>\n\n\n\n<li><a href='?page_no=13480'>13480<\/a><\/li>\n\n\n\n<li><a href='?page_no=13481'>13481<\/a><\/li>\n\n\n\n<li><a>...<\/a><\/li>\n\n\n\n<li><a href='?page_no=13611'>13611<\/a><\/li>\n\n\n\n<li><a href='?page_no=13612'>13612<\/a><\/li>\n\n    \n\t\n\n<li >\n\t<a href='?page_no=13480'>Next<\/a>\n\t<\/li>\n\n\n    \n\n<li><a href='?page_no=13612'>Last &rsaquo;&rsaquo;<\/a><\/li>\n\n<\/ul>\n\n\n--><br \/>\n<\/body><\/p>\n","protected":false},"excerpt":{"rendered":"<p>LAS PRINCIPALES EN TELEDEBATE&#13; &#13; Viernes 13,10,06 &#13; BRUGAL CREE EN SU GENTE.\u00a0 Excelente como siempre el acto de Brugal Cree en su Gente que present\u00f2 su d\u00e9cima quinta edici\u00f2n con premios que totalizan 5 millones depesos.\u00a0 La selecci\u00f3n del Jurado para el Gran Premio recay\u00f2 merecidamente en el Patronato Cibao de Rehabilitaci\u00f3n.\u00a0 &#13; &#13; [&hellip;]<\/p>\n","protected":false},"author":3,"featured_media":0,"comment_status":"open","ping_status":"open","sticky":false,"template":"","format":"standard","meta":{"footnotes":""},"categories":[16],"tags":[],"class_list":["post-37746","post","type-post","status-publish","format-standard","hentry","category-opiniones"],"_links":{"self":[{"href":"https:\/\/diariodominicano.com\/index.php?rest_route=\/wp\/v2\/posts\/37746","targetHints":{"allow":["GET"]}}],"collection":[{"href":"https:\/\/diariodominicano.com\/index.php?rest_route=\/wp\/v2\/posts"}],"about":[{"href":"https:\/\/diariodominicano.com\/index.php?rest_route=\/wp\/v2\/types\/post"}],"author":[{"embeddable":true,"href":"https:\/\/diariodominicano.com\/index.php?rest_route=\/wp\/v2\/users\/3"}],"replies":[{"embeddable":true,"href":"https:\/\/diariodominicano.com\/index.php?rest_route=%2Fwp%2Fv2%2Fcomments&post=37746"}],"version-history":[{"count":0,"href":"https:\/\/diariodominicano.com\/index.php?rest_route=\/wp\/v2\/posts\/37746\/revisions"}],"wp:attachment":[{"href":"https:\/\/diariodominicano.com\/index.php?rest_route=%2Fwp%2Fv2%2Fmedia&parent=37746"}],"wp:term":[{"taxonomy":"category","embeddable":true,"href":"https:\/\/diariodominicano.com\/index.php?rest_route=%2Fwp%2Fv2%2Fcategories&post=37746"},{"taxonomy":"post_tag","embeddable":true,"href":"https:\/\/diariodominicano.com\/index.php?rest_route=%2Fwp%2Fv2%2Ftags&post=37746"}],"curies":[{"name":"wp","href":"https:\/\/api.w.org\/{rel}","templated":true}]}}