{"id":37744,"date":"2006-10-17T13:31:48","date_gmt":"2006-10-17T13:31:48","guid":{"rendered":"http:\/\/diariodominicano.ddns.net\/?p=37744"},"modified":"2006-10-17T13:31:48","modified_gmt":"2006-10-17T13:31:48","slug":"el-tiro-rapido-483","status":"publish","type":"post","link":"https:\/\/diariodominicano.com\/?p=37744","title":{"rendered":"EL TIRO RAPIDO"},"content":{"rendered":"<p><body><\/p>\n<p align=\"center\"><span class=\"titulogrande1\">EL TIRO RAPIDO<\/span><br \/>&#13;<br \/>\n  <span class=\"textogrande\">de<br \/>&#13;<br \/>\n  Mario  Rivadulla<\/span><\/p>\n<p>&#13;<\/p>\n<p align=\"justify\" class=\"text1noticias\">Est\u00e0 m\u00e0s all\u00e0 de toda duda y mucho m\u00e0s de excusa y  justificaci\u00f3n, el hecho de que miembros de la Polic\u00eca Nacional,  no importa su rango, hayan podido usufructuar veh\u00edculos robados y recuperados  por la instituci\u00f3n en vez de entregarlos a sus respectivos propietarios.<\/p>\n<p>&#13;<\/p>\n<p align=\"justify\" class=\"text1noticias\">Una acci\u00f2n de esa naturaleza es  siempre censurable, ilegal y punible, sin que le sirva de pretexto el hecho,  por dem\u00e0s sobradamente conocido, de que era una pr\u00e0ctica antigua, frecuente y  llevada a cabo impunemente en el cuerpo de orden p\u00f9blico.\u00a0 Tan condenable como lo es ahora mismo,\u00a0 la apropiaci\u00f3n denunciada por el propio Jefe  de la Polic\u00eca  de celulares robados y recobrados que son usados por agentes uniformados, sus  parientes y amigos que dicho sea de paso, \u00a0habr\u00eca que investigar c\u00f2mo y por qu\u00e8 han  podido ser activados.<\/p>\n<p>&#13;<\/p>\n<p align=\"justify\" class=\"text1noticias\">El se\u00f1alamiento viene a punto  con motivo del controversial fallo absolutario dictado en el juicio seguido  contra oficiales en retiro y otros en activo,\u00a0  acusados. de haber estado utilizando en provecho propio treinta y siete  veh\u00edculos que hab\u00ecan sido reportados como robados por sus leg\u00edtimos due\u00f1os.<\/p>\n<p>&#13;<\/p>\n<p align=\"justify\" class=\"text1noticias\">La denuncia surgida a comienzos  de la presente administraci\u00f3n, levant\u00f2 una verdadera polvareda y cre\u00f2 una gran  expectaci\u00f3n en torno a este expediente.\u00a0  Existe evidencia y la convicci\u00f3n generalizada de que el delito, que sin  duda lo es, fue cometido.<\/p>\n<p>&#13;<\/p>\n<p align=\"justify\" class=\"text1noticias\">Ahora bien, se ha se\u00f1alado en  m\u00e0s de una ocasi\u00f3n que bajo el nuevo C\u00f3digo Procesal Penal ha quedado  grandemente limitada la prerrogativa\u00a0 del  Juez de \u00a0condenar en base a la \u00ecntima  convicci\u00f3n.\u00a0 Ahora debe hacerlo en raz\u00f3n  del m\u00e8rito de las pruebas aportadas que prueben la culpabilidad de los acusados  m\u00e0s all\u00e0 de toda duda.\u00a0 M\u00e0s claro: el  delito puede existir,\u00a0 y sin embargo no  ser legalmente posible condenar al o los presuntos responsables si no se prueba  que cometieron el hecho. <\/p>\n<p>&#13;<\/p>\n<p align=\"justify\" class=\"text1noticias\">Seg\u00f9n las versiones incompletas  que se han divulgado del mismo, es tal precisamente el argumento que ha servido  de base al fallo absolutorio dictado por la jueza Rosanna Isabel V\u00e0squez, quien  en mismo fustig\u00f2 duramente a los fiscales que llevaron el peso de la acusaci\u00f2n  se\u00f1alando que los elementos utilizados para sustentar la misma carec\u00ecan de toda  validez probatoria.<\/p>\n<p>&#13;<\/p>\n<p align=\"justify\" class=\"text1noticias\">El Fiscal del Distrito ha  reaccionado a su vez, calificando duramente la sentencia como \u201cestocada mortal\u201d  a la credibilidad del Poder Judicial.\u00a0<br \/>&#13;<br \/>\n  <br \/>  &#13;<br \/>\nOtras opiniones se han manifestado en unos casos para rechazar el  fallo,\u00a0 y en otros para reprochar a los  fiscales no instrumentar debidamente los expedientes en lo que ha sido hasta  ahora una queja frecuente de los propios jueces.<\/p>\n<p>&#13;<\/p>\n<p align=\"justify\" class=\"text1noticias\">\u00bfFueron convincentes o no las  pruebas presentadas por los fiscales en el juicio?\u00a0 Este es el punto a debatir, la inc\u00f3gnita a  despejar.<\/p>\n<p>&#13;<\/p>\n<p align=\"justify\" class=\"text1noticias\">Se ha divulgado que la Fiscal\u00eca ha reclamado de la Suprema Corte de  Justicia determinar si la sentencia se ajusta a Derecho, o por el contrario  contradice sus principios.\u00a0 Tocar\u00e0 al  alto tribunal decidirlo.<\/p>\n<p>&#13;<\/p>\n<p align=\"justify\" class=\"text1noticias\">Pero dada la naturaleza del  caso y el inter\u00e9s p\u00f9blico que involucra, creemos que antes que tomar posici\u00f2n por  anticipado respecto el fallo ser\u00eca conveniente publicarlo en toda su extensi\u00f2n  para conocer en detalle los hechos y argumentos legales en que se fundament\u00f2 la  magistrada para dictarlo. Ello permitir\u00eca recabar la opini\u00f3n de reputados  juristas de entre los muchos que aqu\u00ec tenemos de sobra,\u00a0 sobre los m\u00e8ritos legales en que fue  sustentado.<\/p>\n<p>&#13;<\/p>\n<p align=\"justify\" class=\"text1noticias\">Porque dejar flotando cualquier  duda o suspicacia sobre la validez de dicha a la luz del Derecho y de acuerdo a  los requerimientos del actual C\u00f3digo Procesal Penal al cual deben ajustar sus  actuaciones fiscales y jueces, redundar\u00e0 no solo en perjuicio de su autora sino  tambi\u00e8n de la transparencia y eficacia de la Administraci\u00f3n de  Justicia. <\/p>\n<p>&#13;<\/p>\n<p align=\"justify\" class=\"text1noticias\">Esto as\u00ec con mayor raz\u00f3n,  cuando el propio Presidente de la Suprema Corte de Justicia admite que son muchos  los casos de corrupci\u00f2n en la justicia, ya sea por soborno, tr\u00e0fico de  influencias o presiones interesadas, lo que si bien, como tambi\u00e8n se\u00f1ala, es un  delito dif\u00eccil de probar empa\u00f1a inexorablemente la imagen del poder que la representa.<\/p>\n<p>&#13;<\/p>\n<h6> 2006-10-17 13:31:48 <\/h6>\n<p><!--\n<link rel=\"stylesheet\" href=\"css\/bootstrap.min.css\">\n\n\n<ul class=\"pagination\">\n\t    \n\t\n\n<li >\n\t<a href='?page_no=13476'>Previous<\/a>\n\t<\/li>\n\n\n       \n    \n\n<li><a href='?page_no=1'>1<\/a><\/li>\n\n\n\n<li><a href='?page_no=2'>2<\/a><\/li>\n\n\n\n<li><a>...<\/a><\/li>\n\n\n\n<li><a href='?page_no=13475'>13475<\/a><\/li>\n\n\n\n<li><a href='?page_no=13476'>13476<\/a><\/li>\n\n\n\n<li class='active'><a>13477<\/a><\/li>\n\n\n\n<li><a href='?page_no=13478'>13478<\/a><\/li>\n\n\n\n<li><a href='?page_no=13479'>13479<\/a><\/li>\n\n\n\n<li><a>...<\/a><\/li>\n\n\n\n<li><a href='?page_no=13611'>13611<\/a><\/li>\n\n\n\n<li><a href='?page_no=13612'>13612<\/a><\/li>\n\n    \n\t\n\n<li >\n\t<a href='?page_no=13478'>Next<\/a>\n\t<\/li>\n\n\n    \n\n<li><a href='?page_no=13612'>Last &rsaquo;&rsaquo;<\/a><\/li>\n\n<\/ul>\n\n\n--><br \/>\n<\/body><\/p>\n","protected":false},"excerpt":{"rendered":"<p>EL TIRO RAPIDO&#13; de&#13; Mario Rivadulla &#13; Est\u00e0 m\u00e0s all\u00e0 de toda duda y mucho m\u00e0s de excusa y justificaci\u00f3n, el hecho de que miembros de la Polic\u00eca Nacional, no importa su rango, hayan podido usufructuar veh\u00edculos robados y recuperados por la instituci\u00f3n en vez de entregarlos a sus respectivos propietarios. &#13; Una acci\u00f2n de [&hellip;]<\/p>\n","protected":false},"author":3,"featured_media":0,"comment_status":"open","ping_status":"open","sticky":false,"template":"","format":"standard","meta":{"footnotes":""},"categories":[16],"tags":[],"class_list":["post-37744","post","type-post","status-publish","format-standard","hentry","category-opiniones"],"_links":{"self":[{"href":"https:\/\/diariodominicano.com\/index.php?rest_route=\/wp\/v2\/posts\/37744","targetHints":{"allow":["GET"]}}],"collection":[{"href":"https:\/\/diariodominicano.com\/index.php?rest_route=\/wp\/v2\/posts"}],"about":[{"href":"https:\/\/diariodominicano.com\/index.php?rest_route=\/wp\/v2\/types\/post"}],"author":[{"embeddable":true,"href":"https:\/\/diariodominicano.com\/index.php?rest_route=\/wp\/v2\/users\/3"}],"replies":[{"embeddable":true,"href":"https:\/\/diariodominicano.com\/index.php?rest_route=%2Fwp%2Fv2%2Fcomments&post=37744"}],"version-history":[{"count":0,"href":"https:\/\/diariodominicano.com\/index.php?rest_route=\/wp\/v2\/posts\/37744\/revisions"}],"wp:attachment":[{"href":"https:\/\/diariodominicano.com\/index.php?rest_route=%2Fwp%2Fv2%2Fmedia&parent=37744"}],"wp:term":[{"taxonomy":"category","embeddable":true,"href":"https:\/\/diariodominicano.com\/index.php?rest_route=%2Fwp%2Fv2%2Fcategories&post=37744"},{"taxonomy":"post_tag","embeddable":true,"href":"https:\/\/diariodominicano.com\/index.php?rest_route=%2Fwp%2Fv2%2Ftags&post=37744"}],"curies":[{"name":"wp","href":"https:\/\/api.w.org\/{rel}","templated":true}]}}