{"id":37743,"date":"2006-10-18T12:07:20","date_gmt":"2006-10-18T12:07:20","guid":{"rendered":"http:\/\/diariodominicano.ddns.net\/?p=37743"},"modified":"2006-10-18T12:07:20","modified_gmt":"2006-10-18T12:07:20","slug":"los-temas-de-teledebate-45","status":"publish","type":"post","link":"https:\/\/diariodominicano.com\/?p=37743","title":{"rendered":"LOS TEMAS DE TELEDEBATE"},"content":{"rendered":"<p><body><\/p>\n<p align=\"center\" class=\"titulogrande1\">LOS TEMAS DE TELEDEBATE<\/p>\n<p>&#13;<\/p>\n<p align=\"justify\" class=\"text1noticias\">ALEX JIM\u00c9NEZ.\u00a0 A  partir de ma\u00f1ana\u00a0 tendremos por ac\u00e0 a  Alex Jim\u00e9nez todos los martes,\u00a0  compartiendo informaciones y comentarios en TELEDEBATE.\u00a0 Alex es un veterano comunicador, licenciado  en econom\u00eca, director del combativo semanario Primicias, comentarista del  Matutino de Rumba y productor de televisi\u00f3n.\u00a0  Experiencia y nombre le sobran.\u00a0  Bienvenido.<\/p>\n<p>&#13;<\/p>\n<p align=\"justify\" class=\"text1noticias\">NO MATEMOS ESA GALLINA.\u00a0 El pa\u00ecs cuenta con 3 gallinas que ponen  huevos de oro.\u00a0 Y una de ellas, la que  produce mayor cantidad, es la industria tur\u00edstica.\u00a0 Hoy por hoy y desde hace tiempo, somos el  principal destino del Caribe para quienes gustan de vacacionar en el  extranjero.\u00a0 <br \/>&#13;<br \/>\n  <br \/>&#13;<br \/>\nUn gran logro porque se  trata de un mercado muy competido.\u00a0 Pero  el turismo es una actividad muy sensible, entre otras razones y no la menos  importante, a la seguridad.\u00a0 En estos  d\u00ecas, fue asesinado en su veh\u00ecculo en lo que a todas luces parece un ajuste de  cuentas, ya que todas sus pertenencias aparecieron intactas, un extranjero  aposentado en el pa\u00ecs, que es como decir un turista con residencia.\u00a0 Y ahora el siempre bien enterado Diario Libre  despliega como informaci\u00f2n principal de portada de este d\u00eca que piratas,  \u00f3iganlo bien para quienes pensaban que ya hab\u00ecan pasado los tiempos de los  Henry Morgan y Barbanegra, asaltan embarcaciones fondeadas en la playa de Boca  Chica.\u00a0 El \u00f9ltimo de estos casos tuvo  como v\u00ecctimas a un matrimonio estadounidense mientras dorm\u00edan en el interior de  su nave anclada frente al Club N\u00e1utico.\u00a0  La falta de vigilancia es notoria seg\u00f9n testigos residentes en la zona,  lo que facilita la labor de los asaltantes mar\u00edtimos.\u00a0 Hechos como \u00e8ste, de no ser controlados, solo  pueden contribuir a matar nuestra gallina m\u00e0s ponedora.\u00a0 Mucho ojo con eso.<\/p>\n<p>&#13;<\/p>\n<p align=\"justify\" class=\"text1noticias\">ACERAS OCUPADAS.\u00a0\u00a0 El Ayuntamiento del Distrito Nacional y la AMET unificar\u00e0n esfuerzos  para despejar las aceras de la ciudad capital de veh\u00edculos que las convierten  en improvisados parqueos, obligando a los peatones a usar las calles para  caminar con el consiguiente riesgo que esto representa.\u00a0 Se trata de un reclamo que de viejo hemos  estado haciendo en TELEDEBATE por lo que saludamos la disposici\u00f2n y esperamos  que la misma sea objeto de celoso cumplimiento.\u00a0  Ahora bien&#8230;\u00bfesa disposici\u00f2n se limitar\u00e0 a los veh\u00edculos?\u00a0 \u00bfY qu\u00e8 hay de las construcciones que en unos  casos ocupan gran parte de las aceras con materiales de construcci\u00f3n, y en  otros llegan al colmo de construir casetas que ocupan todo su espacio?\u00a0 \u00bfY de los negocios improvisados que tambi\u00e8n  usando como excusa el abusado y abusivo argumento del \u201cpadrefamilismo\u201d y el \u201cme  la estoy buscando\u201d se apropian de las v\u00ecas peatonales para montar sus negocios  sin dejar espacio para los peatones?\u00a0 \u00bfEs  que \u00e8stos no son tambi\u00e8n padres de familia cuyo derecho se est\u00e0 violentando?\u00a0 Si se va a hacer, hag\u00e1moslo bien sin importar  qui\u00e8n sea el violador.<\/p>\n<p>&#13;<\/p>\n<p align=\"justify\" class=\"text1noticias\">SENSIBILIDAD COMUNITARIA Y  SOCIAL.\u00a0 Desde los lejanos d\u00ecas en que se  cre\u00f2 la Asociaci\u00f3n Pro  Desarrollo de Santiago, que presidi\u00f2 muy meritoriamente el desaparecido V\u00ecctor  Espaillat Cabral, el empresariado de la capital cibae\u00f1a ha demostrado un  elevado grado de sensibilidad comunitaria.\u00a0  Posiblemente no hay en el pa\u00ecs un grupo empresarial con mayor nivel de  compromiso con el progreso de su ciudad y su regi\u00f2n que el de Santiago.\u00a0 Ahora mismo, dando una nueva demostraci\u00f3n de  ello, los empresarios de las empresas de zona franca y de otros sectores  formales, han anunciado un aporte de nada menos que 75 millones de pesos para  contribuir a erradicar esa p\u00f9stula purulenta que es el vertedero de Rafey.\u00a0 Mientras tanto, aqu\u00ec tambi\u00e8n, en la capital,  empresarios santiaguenses que acudieron a un encuentro convocado por la Secretaria de Educaci\u00f3n  para recabar la ayuda del sector privado a fin de impulsar planes docentes,  fueron los primeros en decir presentes.\u00a0  <br \/>&#13;<br \/>\n  <br \/>&#13;<br \/>\nBien por ellos.<\/p>\n<p>&#13;<\/p>\n<p align=\"justify\" class=\"text1noticias\">NO HACE FALTA SER RICOS.\u00a0  Pero no hace falta ser ricos para desarrollar proyectos comunitarios y  mejorar la calidad de vida de sus habitantes.\u00a0  Un ejemplo palpable lo tenemos en la Asociaci\u00f3n para el  Desarrollo de San Jos\u00e8 de Ocoa, que preside el padre Luis Quinn.\u00a0<br \/>&#13;<br \/>\n  <br \/> &#13;<br \/>\nFundada en 1962, gracias a la iniciativa de  este abnegado sacerdote, la   Asociaci\u00f3n, chele a chele, compensando con buena voluntad y  bien desarrollado esp\u00edritu comunitario, la limitaci\u00f3n de recursos presenta un  historial envidiable.\u00a0\u00a0 La cantidad de  obras realizadas nos dan una idea del notable trabajo llevado a cabo por la Asociaci\u00f3n. Desde  que inici\u00f2 sus actividades ha construido 2 mil 12 casas y reparado 7 mil 58,  148 nuevos acueductos y rehabilitaci\u00f3n de otros 40, instalaci\u00f3n de 2 mil 747  letrinas, edificaci\u00f3n de 11 cl\u00ecnicas rurales, 13 centros comunales, 69  escuelas, 1 comedor econ\u00f2mico y un centro ap\u00eccola.\u00a0 Construcci\u00f3n de 587 kil\u00f2metros de caminos  vecinales y reparaci\u00f3n de 365.\u00a0\u00a0 43  escuelas y centros de televisi\u00f3n electrificados con energ\u00eda solar, 11cl\u00ecnicas  rurales, 13 centros comunales, 2 de inform\u00e1tica, 454 viviendas, 2  microhidroel\u00e8ctricas y hasta un generador e\u00f2lico. S\u00f9mense los programas de  vacunaci\u00f3n y salud preventiva beneficiando a decenas de miles de personas,  cr\u00e8ditos rurales, cultivos org\u00e1nicos, reforestaci\u00f2n, conservaci\u00f3n de  suelos&#8230;Una lista interminable.\u00a0 Todo  esto con una inversi\u00f3n de apena 116 millones 577 mil 702 pesos en\u00a0 42 a\u00f1os.\u00a0  Esos n\u00fameros lo dicen todo. Explican tambi\u00e8n por qu\u00e8 cuando a los  ocoe\u00f1os hablan del padre Quinn lo hacen con tanta veneraci\u00f3n y cari\u00f1o.\u00a0 Pero sobre todo demuestran que cuando se  quiere, se puede. Y que a trav\u00e8s de la autogesti\u00f3n es posible alcanzar grandes  logros con un m\u00ednimo de recursos.<\/p>\n<p>&#13;<\/p>\n<h6> 2006-10-18 12:07:20 <\/h6>\n<p><!--\n<link rel=\"stylesheet\" href=\"css\/bootstrap.min.css\">\n\n\n<ul class=\"pagination\">\n\t    \n\t\n\n<li >\n\t<a href='?page_no=13475'>Previous<\/a>\n\t<\/li>\n\n\n       \n    \n\n<li><a href='?page_no=1'>1<\/a><\/li>\n\n\n\n<li><a href='?page_no=2'>2<\/a><\/li>\n\n\n\n<li><a>...<\/a><\/li>\n\n\n\n<li><a href='?page_no=13474'>13474<\/a><\/li>\n\n\n\n<li><a href='?page_no=13475'>13475<\/a><\/li>\n\n\n\n<li class='active'><a>13476<\/a><\/li>\n\n\n\n<li><a href='?page_no=13477'>13477<\/a><\/li>\n\n\n\n<li><a href='?page_no=13478'>13478<\/a><\/li>\n\n\n\n<li><a>...<\/a><\/li>\n\n\n\n<li><a href='?page_no=13611'>13611<\/a><\/li>\n\n\n\n<li><a href='?page_no=13612'>13612<\/a><\/li>\n\n    \n\t\n\n<li >\n\t<a href='?page_no=13477'>Next<\/a>\n\t<\/li>\n\n\n    \n\n<li><a href='?page_no=13612'>Last &rsaquo;&rsaquo;<\/a><\/li>\n\n<\/ul>\n\n\n--><br \/>\n<\/body><\/p>\n","protected":false},"excerpt":{"rendered":"<p>LOS TEMAS DE TELEDEBATE &#13; ALEX JIM\u00c9NEZ.\u00a0 A partir de ma\u00f1ana\u00a0 tendremos por ac\u00e0 a Alex Jim\u00e9nez todos los martes,\u00a0 compartiendo informaciones y comentarios en TELEDEBATE.\u00a0 Alex es un veterano comunicador, licenciado en econom\u00eca, director del combativo semanario Primicias, comentarista del Matutino de Rumba y productor de televisi\u00f3n.\u00a0 Experiencia y nombre le sobran.\u00a0 Bienvenido. &#13; [&hellip;]<\/p>\n","protected":false},"author":3,"featured_media":0,"comment_status":"open","ping_status":"open","sticky":false,"template":"","format":"standard","meta":{"footnotes":""},"categories":[16],"tags":[],"class_list":["post-37743","post","type-post","status-publish","format-standard","hentry","category-opiniones"],"_links":{"self":[{"href":"https:\/\/diariodominicano.com\/index.php?rest_route=\/wp\/v2\/posts\/37743","targetHints":{"allow":["GET"]}}],"collection":[{"href":"https:\/\/diariodominicano.com\/index.php?rest_route=\/wp\/v2\/posts"}],"about":[{"href":"https:\/\/diariodominicano.com\/index.php?rest_route=\/wp\/v2\/types\/post"}],"author":[{"embeddable":true,"href":"https:\/\/diariodominicano.com\/index.php?rest_route=\/wp\/v2\/users\/3"}],"replies":[{"embeddable":true,"href":"https:\/\/diariodominicano.com\/index.php?rest_route=%2Fwp%2Fv2%2Fcomments&post=37743"}],"version-history":[{"count":0,"href":"https:\/\/diariodominicano.com\/index.php?rest_route=\/wp\/v2\/posts\/37743\/revisions"}],"wp:attachment":[{"href":"https:\/\/diariodominicano.com\/index.php?rest_route=%2Fwp%2Fv2%2Fmedia&parent=37743"}],"wp:term":[{"taxonomy":"category","embeddable":true,"href":"https:\/\/diariodominicano.com\/index.php?rest_route=%2Fwp%2Fv2%2Fcategories&post=37743"},{"taxonomy":"post_tag","embeddable":true,"href":"https:\/\/diariodominicano.com\/index.php?rest_route=%2Fwp%2Fv2%2Ftags&post=37743"}],"curies":[{"name":"wp","href":"https:\/\/api.w.org\/{rel}","templated":true}]}}