{"id":37742,"date":"2006-10-18T12:11:40","date_gmt":"2006-10-18T12:11:40","guid":{"rendered":"http:\/\/diariodominicano.ddns.net\/?p=37742"},"modified":"2006-10-18T12:11:40","modified_gmt":"2006-10-18T12:11:40","slug":"las-principales-en-teledebate-169","status":"publish","type":"post","link":"https:\/\/diariodominicano.com\/?p=37742","title":{"rendered":"LAS PRINCIPALES EN TELEDEBATE"},"content":{"rendered":"<p><body><\/p>\n<p align=\"center\"><span class=\"titulogrande1\">LAS PRINCIPALES EN TELEDEBATE<\/span><br \/>&#13;<br \/>\n  <br \/>&#13;<br \/>\n  <span class=\"textogrande\">Lunes  16,10,06<\/span><\/p>\n<p>&#13;<\/p>\n<p align=\"justify\" class=\"text1noticias\">Y DE LAS CONSTRUCTORAS QUE INVADEN LAS ACERAS, \u00bfQU\u00c9? Bien  que el Ayuntamiento del Distrito Nacional y la AMET se preocupen por mantener limpias las aceras  evitando que sean utilizadas como parqueos improvisados de veh\u00edculos en  perjuicio de los peatones.\u00a0 \u00bfPero qu\u00e8 me  dicen de las empresas constructoras que tambi\u00e8n invaden las mismas con los  materiales que utilizan, cuando no construyen casetas ocupando en su totalidad  esos espacios?\u00a0 \u00bfPara ellas no hay ning\u00f9n  tipo de prohibici\u00f3n?<\/p>\n<p>&#13;<\/p>\n<p align=\"justify\" class=\"text1noticias\">MALLAS Y ARNESES PARA EVITAR ACCIDENTES.\u00a0 Y hablando de construcciones, \u00bfhay alg\u00fan tipo  de supervisi\u00f3n o monitoreo de las condiciones de seguridad laboral en la  edificaci\u00f3n de las torres que se levantan en distintas avenidas y lugares de la  ciudad capital?\u00a0 \u00bfSe ha comprobado por  las autoridades la versi\u00f3n servida por la prensa matutina de que en un empinado  edificio de cuyo piso veinticuatro cay\u00f2 al vac\u00eco la semana pasada un humilde  trabajador,\u00a0 no se apreciaban mallas ni  arneses de protecci\u00f3n?<\/p>\n<p>&#13;<\/p>\n<p align=\"justify\" class=\"text1noticias\">DONACI\u00d3N DE ORGANOS: UN ACTO DE AMOR. Bien por la Iglesia Cat\u00f2lica  al exhortar a sus\u00a0 fieles a la donaci\u00f3n  de \u00f2rganos. Un \u00f3rgano sano de una persona reci\u00e8n fallecida puede salvar la vida  de un ser humano.\u00a0 Y no hay mejor muestra  de solidaridad humana que renunciar a la idea ego\u00edsta y por dem\u00e0s absurda, de  enterrar completo un cad\u00e1ver negando la posibilidad de que gracias a uno de sus  \u00f2rganos otra persona en riesgo pueda escapar a la muerte.\u00a0 La donaci\u00f3n nos convierte en \u00fatiles m\u00e0s all\u00e0  de la vida y es un acto de verdadera caridad cristiana.<\/p>\n<p>&#13;<\/p>\n<p align=\"justify\" class=\"text1noticias\">ELECTRICIDAD: POSICIONES DISCREPANTES.\u00a0 De acuerdo a lo aparentemente ocurrido en la  reuni\u00f3n de funcionarios gubernamentales que tuvo lugar en la Fundaci\u00f2n Global  y Democracia con participaci\u00f2n del Presidente Fern\u00e1ndez, todo parece indicar  que a estas alturas todav\u00eca no se dispone de un plan definido para enfrentar la  soluci\u00f2n del problema el\u00e9ctrico. Las posiciones son bien discrepantes entre los  partidarios de la privatizaci\u00f2n y los que se aferran a la idea de que el Estado  no pierda control sobre el sector. Mientras tanto siguen los apagones y las  facturas abultadas.<\/p>\n<p>&#13;<\/p>\n<p align=\"justify\" class=\"text1noticias\">CALLES QUE PARECEN MONTA\u00d1AS RUSAS.\u00a0 Hay saludar el anuncio hecho por el  Secretario de Estado de Obras P\u00f9blicas de que el gobierno entregar\u00e0 este mes  800 millones de pesos para la continuaci\u00f3n de numerosas obras en todo el pa\u00ecs  que se encuentran paralizadas.\u00a0 Un ruego  y esperanza de los conductores capitale\u00f1os: \u00bfnos tapar\u00e0n los hoyos que\u00a0 pr\u00e1cticamente aparecen en todas las  principales v\u00ecas de la   Ciudad Primada?\u00a0  Algunas dan la impresi\u00f3n de verdaderas monta\u00f1as rusas.<\/p>\n<p>&#13;<\/p>\n<p align=\"justify\" class=\"text1noticias\">ANTES DE QUE SE LOS LLEVE LA GLOBALIZACI\u00d3N.\u00a0 Oportuna la exhortaci\u00f3n del  Representante Local de la FAO  con motivo del D\u00eca Mundial de la Alimentaci\u00f3n efectuado ayer, reclamando de las  autoridades protecci\u00f3n y capacitaci\u00f2n para los peque\u00f1os y medianos productores  agr\u00edcolas as\u00ec como tambi\u00e8n reglas de juego claras para garantizar los derechos  de los consumidores.\u00a0\u00a0 En caso contrario,  prev\u00e8 que a la vuelta de muy pocos a\u00f1os los primeros habr\u00e0n desaparecido en el  marco competitivo de la globalizaci\u00f2n.<\/p>\n<p>&#13;<\/p>\n<p align=\"justify\" class=\"text1noticias\">UN SIGNIFICATIVO APORTE.\u00a0  Los empresarios de Santiago se han anotado un buen tanto a su favor con  el anuncio de la donaci\u00f3n de 75 millones de pesos para erradicar ese verdadero  c\u00e1ncer contaminante que es el vertedero de Rafey.\u00a0 Un aporte de tanta significaci\u00f3n es una  reiteraci\u00f3n del alto nivel de compromiso comunitario y regional que siempre han  demostrado los empresarios de la ciudad de los 30 Caballeros.<\/p>\n<p>&#13;<\/p>\n<p align=\"justify\" class=\"text1noticias\">IMPLANTES DE MANOS.\u00a0  Aunque arrastramos muchas situaciones negativas no todas lo son, por eso  es preciso exaltar merecidos logros.\u00a0 Y  uno bien importante es el nuevo \u00e8xito que se ha anotado el personal de cirug\u00eda  del hospital Salvador B. Gautier, que esta pasada semana logr\u00f2 realizar\u00a0 sendos implantes de manos a un hombre y una  mujer que las hab\u00ecan perdido en hechos separados.\u00a0 Bien merecen m\u00e8dicos y personal auxiliar una  calurosa felicitaci\u00f2n.<\/p>\n<p>&#13;<\/p>\n<p align=\"justify\" class=\"text1noticias\">EVITEMOS EL POSTRAUMA ELECTORAL. Y siguen escuch\u00e1ndose  voces de rechazo desde diferentes \u00e0mbitos de la sociedad a la propuesta del PRD  de que la elecci\u00f3n de los nuevos magistrados que compondr\u00e1n la Junta Central  Electoral sea realizada por consenso con el PLD y el Partido Reformista.\u00a0 Bien que los partidos hagan sus propuestas.  Pero de ah\u00ec a repartirse el pastel para que luego volvamos a pasar por otro  postrauma electoral es una experiencia amarga que debemos evitar a toda costa.<\/p>\n<p>&#13;<\/p>\n<p align=\"justify\" class=\"text1noticias\">LOS MISILES DE MOREL CERDA. Hablando del organismo  electoral, su ex presidente Manuel Ram\u00f2n Morel Cerda baj\u00f2 duro y cuestionador contra  sus actuales magistrados a los que acusa de mantener una costosa e innecesaria  sobren\u00f2mina, de incurrir en dispendios y en desorden administrativo y en llevar  el mismo al borde de la quiebra.\u00a0 Del  lado de la Junta,  mientras tanto, al parecer se ha adoptado la decisi\u00f2n de no responderle.\u00a0 De todos modos, ya la C\u00e0mara de Cuentas hizo de  auditoria faltando ahora \u00fanicamente que d\u00e8 los resultados.<\/p>\n<p>&#13;<\/p>\n<p align=\"justify\" class=\"text1noticias\">AREAS VERDES Y GE\u00d3FAGOS. Mientras aqu\u00ec, en la capital,  pr\u00e1cticamente se ha rescatado la famosa, pestilente y contaminante laguna de la N\u00fa\u00f1ez de C\u00e1ceres a punto de  convertirse en un parque ecol\u00f3gico y sitio de sana recreaci\u00f3n, en Santiago se  quejan de que la ciudad apenas dispone de un cincuenta por ciento de las \u00e0reas  verdes que requiere.\u00a0 Aunque dicen que  mal de muchos es consuelo de tontos, en la capital tambi\u00e8n los ge\u00f3fagos se han  tragado gran parte del cintur\u00f3n verde.<\/p>\n<p>&#13;<\/p>\n<h6> 2006-10-18 12:11:40 <\/h6>\n<p><!--\n<link rel=\"stylesheet\" href=\"css\/bootstrap.min.css\">\n\n\n<ul class=\"pagination\">\n\t    \n\t\n\n<li >\n\t<a href='?page_no=13474'>Previous<\/a>\n\t<\/li>\n\n\n       \n    \n\n<li><a href='?page_no=1'>1<\/a><\/li>\n\n\n\n<li><a href='?page_no=2'>2<\/a><\/li>\n\n\n\n<li><a>...<\/a><\/li>\n\n\n\n<li><a href='?page_no=13473'>13473<\/a><\/li>\n\n\n\n<li><a href='?page_no=13474'>13474<\/a><\/li>\n\n\n\n<li class='active'><a>13475<\/a><\/li>\n\n\n\n<li><a href='?page_no=13476'>13476<\/a><\/li>\n\n\n\n<li><a href='?page_no=13477'>13477<\/a><\/li>\n\n\n\n<li><a>...<\/a><\/li>\n\n\n\n<li><a href='?page_no=13611'>13611<\/a><\/li>\n\n\n\n<li><a href='?page_no=13612'>13612<\/a><\/li>\n\n    \n\t\n\n<li >\n\t<a href='?page_no=13476'>Next<\/a>\n\t<\/li>\n\n\n    \n\n<li><a href='?page_no=13612'>Last &rsaquo;&rsaquo;<\/a><\/li>\n\n<\/ul>\n\n\n--><br \/>\n<\/body><\/p>\n","protected":false},"excerpt":{"rendered":"<p>LAS PRINCIPALES EN TELEDEBATE&#13; &#13; Lunes 16,10,06 &#13; Y DE LAS CONSTRUCTORAS QUE INVADEN LAS ACERAS, \u00bfQU\u00c9? Bien que el Ayuntamiento del Distrito Nacional y la AMET se preocupen por mantener limpias las aceras evitando que sean utilizadas como parqueos improvisados de veh\u00edculos en perjuicio de los peatones.\u00a0 \u00bfPero qu\u00e8 me dicen de las empresas [&hellip;]<\/p>\n","protected":false},"author":3,"featured_media":0,"comment_status":"open","ping_status":"open","sticky":false,"template":"","format":"standard","meta":{"footnotes":""},"categories":[16],"tags":[],"class_list":["post-37742","post","type-post","status-publish","format-standard","hentry","category-opiniones"],"_links":{"self":[{"href":"https:\/\/diariodominicano.com\/index.php?rest_route=\/wp\/v2\/posts\/37742","targetHints":{"allow":["GET"]}}],"collection":[{"href":"https:\/\/diariodominicano.com\/index.php?rest_route=\/wp\/v2\/posts"}],"about":[{"href":"https:\/\/diariodominicano.com\/index.php?rest_route=\/wp\/v2\/types\/post"}],"author":[{"embeddable":true,"href":"https:\/\/diariodominicano.com\/index.php?rest_route=\/wp\/v2\/users\/3"}],"replies":[{"embeddable":true,"href":"https:\/\/diariodominicano.com\/index.php?rest_route=%2Fwp%2Fv2%2Fcomments&post=37742"}],"version-history":[{"count":0,"href":"https:\/\/diariodominicano.com\/index.php?rest_route=\/wp\/v2\/posts\/37742\/revisions"}],"wp:attachment":[{"href":"https:\/\/diariodominicano.com\/index.php?rest_route=%2Fwp%2Fv2%2Fmedia&parent=37742"}],"wp:term":[{"taxonomy":"category","embeddable":true,"href":"https:\/\/diariodominicano.com\/index.php?rest_route=%2Fwp%2Fv2%2Fcategories&post=37742"},{"taxonomy":"post_tag","embeddable":true,"href":"https:\/\/diariodominicano.com\/index.php?rest_route=%2Fwp%2Fv2%2Ftags&post=37742"}],"curies":[{"name":"wp","href":"https:\/\/api.w.org\/{rel}","templated":true}]}}