{"id":37737,"date":"2006-10-19T12:42:35","date_gmt":"2006-10-19T12:42:35","guid":{"rendered":"http:\/\/diariodominicano.ddns.net\/?p=37737"},"modified":"2006-10-19T12:42:35","modified_gmt":"2006-10-19T12:42:35","slug":"el-tiro-rapido-481","status":"publish","type":"post","link":"https:\/\/diariodominicano.com\/?p=37737","title":{"rendered":"EL TIRO RAPIDO"},"content":{"rendered":"<p><body><\/p>\n<h1 align=\"center\">EL TIRO RAPIDO<\/h1>\n<p>&#13;<\/p>\n<p align=\"center\" class=\"textogrande\">de<br \/>&#13;<br \/>\nMario  Rivadulla<\/p>\n<p>&#13;<\/p>\n<p align=\"justify\" class=\"text1noticias\">Que el sistema carcelario dominicano es un motivo de  profunda verg\u00fcenza y un permanente atentado a la m\u00e0s elemental dignidad humana,  no es secreto para nadie.<\/p>\n<p>&#13;<\/p>\n<p align=\"justify\" class=\"text1noticias\">Nuestros recintos  penitenciarios distan de ser centros de rehabilitaci\u00f3n, pese a diferentes  intentos de Reforma Carcelaria en los \u00faltimos treinta a\u00f1os,\u00a0 y a m\u00e0s recientes esfuerzos meritorios que se  han venido llevando a cabo en forma progresiva y relativo \u00e8xito con este mismo  prop\u00f3sito.\u00a0 <br \/>&#13;<br \/>\n  <br \/>&#13;<br \/>\nCabr\u00eca mencionar en este sentido,  la misi\u00f2n pastoral de Fray Ar\u00edstides Jim\u00e9nez, el abnegado cura cat\u00f3lico que  lleva consuelo y esperanza a los encarcelados, y el dedicado trabajo  profesional que por su parte encabeza el ex rector de la UASD, Roberto Santana,  tambi\u00e8n con la empe\u00f1osa misi\u00f2n de tratar de cambiar la penosa realidad de  nuestras prisiones.<\/p>\n<p>&#13;<\/p>\n<p align=\"justify\" class=\"text1noticias\">Pero todav\u00eca queda demasiado  trecho por recorrer.\u00a0 Y en esa parte  dilatada del camino donde todav\u00eca no ha llegado la mano de la reforma, hay  c\u00e0rceles que son antros de todo g\u00e8nero de vicios, abusos, atropellos,  arbitrariedades y vergonzosas complicidades entre custodios y reclusos de  confianza, los llamados probos, para la comisi\u00f2n de las m\u00e0s incre\u00edbles  infamias.<\/p>\n<p>&#13;<\/p>\n<p align=\"justify\" class=\"text1noticias\">En esas c\u00e0rceles entran drogas,  prostitutas, bebidas alcoh\u00f3licas, celulares, televisores, neveras y cuanto  pueda imaginarse por m\u00e0s prohibido que est\u00e8.\u00a0  Por entrar, han entrado hasta armas de fuego que han servido para  cumplir ejecuciones por encargo dentro de los propios recintos.\u00a0 <br \/>&#13;<br \/>\n  <br \/>&#13;<br \/>\nEn ellas se viola y prostituye, se roba, se negocia,  se estafa, se golpea y se mata.\u00a0 Tambi\u00e8n  se abren misteriosamente las rejas carcelarias para colocar en las calles a  quienes no deb\u00ecan estarlo.\u00a0 Todo ello con  la permisividad, cuando no la abierta complicidad de las propias autoridades.<\/p>\n<p>&#13;<\/p>\n<p align=\"justify\" class=\"text1noticias\">Pero cuando uno cre\u00eca que ya  hab\u00eca agotado su capacidad de asombro en este extenso memorial de degradaci\u00f3n,  sorprende la informaci\u00f2n desplegada en su edici\u00f2n del d\u00eca por el matutino Hoy  con titular principal de portada.\u00a0 Nada  m\u00e0s y nada menos que menores de edad a quienes se impone como castigo  crucificarlos amarrados a los barrotes de las celdas en el centro de  rehabilitaci\u00f3n (!!!) de Najayo, un recinto bajo la vigilancia de los llamados  agentes penitenciarios.\u00a0 O sea, ese nuevo  personal supuestamente especializado en el manejo de reclusos.\u00a0 La informaci\u00f2n indica que \u00e8stos a su vez son  sometidos a castigos humillantes.<\/p>\n<p>&#13;<\/p>\n<p align=\"justify\" class=\"text1noticias\">En El Nacional de esta misma  tarde,\u00a0 el Departamento de Protecci\u00f3n de  Menores de la   Procuradur\u00eda General de la Rep\u00f9blica da cuenta de  la cancelaci\u00f3n de los agentes culpables de este incre\u00edble castigo a menores de  edad, infame r\u00e8plica de la crucifixi\u00f3n del Dios cristiano.\u00a0 Sin embargo, la nota que divulga el popular  vespertino se\u00f1ala que solo uno de ellos fue sometido a la Justicia.<\/p>\n<p>&#13;<\/p>\n<p align=\"justify\" class=\"text1noticias\">De ser esto cierto, la pregunta  se torna obligada.\u00a0 \u00bfPor qu\u00e8 s\u00f2lo  uno?\u00a0 \u00bfEs que los dem\u00e0s no participaron  de esta vergonzosa, inhumana y cruel acci\u00f2n?\u00a0  De ser as\u00ec como\u00a0 cabe suponer, ya  que de lo contrario no tendr\u00eda sentido haberlos cancelado, \u00bfpor qu\u00e8 no  someterlos tambi\u00e8n?<\/p>\n<p>&#13;<\/p>\n<p align=\"justify\" class=\"text1noticias\">Lamentablemente son muchos los  casos en que se cometen las peores fechor\u00edas o los m\u00e0s incre\u00edbles atropellos  por parte de autoridades cuya misi\u00f2n jam\u00e0s es abusar, cuya responsabilidad  queda arropada con la sola cancelaci\u00f3n, o en algunos casos inclusive, con el  simple traslado.\u00a0\u00a0 Y eso, como quiera que  se mire, es una expresi\u00f2n de impunidad al tiempo que una incitaci\u00f3n a la  comisi\u00f2n de nuevas accciones ilegales, similares o peores,\u00a0 tanto por parte de los responsables como de  quienes los sustituyan.<\/p>\n<p>&#13;<\/p>\n<p align=\"justify\" class=\"text1noticias\">Cierto que aqu\u00ec hay grandes  culpables que escapan indemnes a todas sus maldades.\u00a0 Y que en sana justicia debieran ir primeros  en la fila a la hora de depurar y sancionar culpas.\u00a0 Pero la impunidad de unos no puede servir de  excusa y justificaci\u00f3n para la de otros.<\/p>\n<p>&#13;<\/p>\n<p align=\"justify\" class=\"text1noticias\">En otro sentido, vale ahora  someter a inmediata revisi\u00f2n el programa de modernizaci\u00f2n carcelaria y el tipo  de entrenamiento que reciben los que se supone ser\u00e0n custodios modelos,  especializados precisamente en el manejo de reclusos.\u00a0 Porque el programa es necesario mantenerlo,  sin que la acci\u00f2n de unos pocos alcance a empa\u00f1ar sus necesarios fines y  obstaculizar su indispensable ejecuci\u00f3n.<\/p>\n<p>&#13;<\/p>\n<h6> 2006-10-19 12:42:35 <\/h6>\n<p><!--\n<link rel=\"stylesheet\" href=\"css\/bootstrap.min.css\">\n\n\n<ul class=\"pagination\">\n\t    \n\t\n\n<li >\n\t<a href='?page_no=13469'>Previous<\/a>\n\t<\/li>\n\n\n       \n    \n\n<li><a href='?page_no=1'>1<\/a><\/li>\n\n\n\n<li><a href='?page_no=2'>2<\/a><\/li>\n\n\n\n<li><a>...<\/a><\/li>\n\n\n\n<li><a href='?page_no=13468'>13468<\/a><\/li>\n\n\n\n<li><a href='?page_no=13469'>13469<\/a><\/li>\n\n\n\n<li class='active'><a>13470<\/a><\/li>\n\n\n\n<li><a href='?page_no=13471'>13471<\/a><\/li>\n\n\n\n<li><a href='?page_no=13472'>13472<\/a><\/li>\n\n\n\n<li><a>...<\/a><\/li>\n\n\n\n<li><a href='?page_no=13611'>13611<\/a><\/li>\n\n\n\n<li><a href='?page_no=13612'>13612<\/a><\/li>\n\n    \n\t\n\n<li >\n\t<a href='?page_no=13471'>Next<\/a>\n\t<\/li>\n\n\n    \n\n<li><a href='?page_no=13612'>Last &rsaquo;&rsaquo;<\/a><\/li>\n\n<\/ul>\n\n\n--><br \/>\n<\/body><\/p>\n","protected":false},"excerpt":{"rendered":"<p>EL TIRO RAPIDO &#13; de&#13; Mario Rivadulla &#13; Que el sistema carcelario dominicano es un motivo de profunda verg\u00fcenza y un permanente atentado a la m\u00e0s elemental dignidad humana, no es secreto para nadie. &#13; Nuestros recintos penitenciarios distan de ser centros de rehabilitaci\u00f3n, pese a diferentes intentos de Reforma Carcelaria en los \u00faltimos treinta [&hellip;]<\/p>\n","protected":false},"author":3,"featured_media":0,"comment_status":"open","ping_status":"open","sticky":false,"template":"","format":"standard","meta":{"footnotes":""},"categories":[16],"tags":[],"class_list":["post-37737","post","type-post","status-publish","format-standard","hentry","category-opiniones"],"_links":{"self":[{"href":"https:\/\/diariodominicano.com\/index.php?rest_route=\/wp\/v2\/posts\/37737","targetHints":{"allow":["GET"]}}],"collection":[{"href":"https:\/\/diariodominicano.com\/index.php?rest_route=\/wp\/v2\/posts"}],"about":[{"href":"https:\/\/diariodominicano.com\/index.php?rest_route=\/wp\/v2\/types\/post"}],"author":[{"embeddable":true,"href":"https:\/\/diariodominicano.com\/index.php?rest_route=\/wp\/v2\/users\/3"}],"replies":[{"embeddable":true,"href":"https:\/\/diariodominicano.com\/index.php?rest_route=%2Fwp%2Fv2%2Fcomments&post=37737"}],"version-history":[{"count":0,"href":"https:\/\/diariodominicano.com\/index.php?rest_route=\/wp\/v2\/posts\/37737\/revisions"}],"wp:attachment":[{"href":"https:\/\/diariodominicano.com\/index.php?rest_route=%2Fwp%2Fv2%2Fmedia&parent=37737"}],"wp:term":[{"taxonomy":"category","embeddable":true,"href":"https:\/\/diariodominicano.com\/index.php?rest_route=%2Fwp%2Fv2%2Fcategories&post=37737"},{"taxonomy":"post_tag","embeddable":true,"href":"https:\/\/diariodominicano.com\/index.php?rest_route=%2Fwp%2Fv2%2Ftags&post=37737"}],"curies":[{"name":"wp","href":"https:\/\/api.w.org\/{rel}","templated":true}]}}