{"id":37735,"date":"2006-10-20T12:16:12","date_gmt":"2006-10-20T12:16:12","guid":{"rendered":"http:\/\/diariodominicano.ddns.net\/?p=37735"},"modified":"2006-10-20T12:16:12","modified_gmt":"2006-10-20T12:16:12","slug":"invitado-en-teledebate-13","status":"publish","type":"post","link":"https:\/\/diariodominicano.com\/?p=37735","title":{"rendered":"INVITADO EN TELEDEBATE"},"content":{"rendered":"<p><body><\/p>\n<p align=\"justify\"><span class=\"titulogrande1\">INVITADO EN TELEDEBATE<\/span><br \/>&#13;<br \/>\n  <br \/>&#13;<br \/>\n  <span class=\"textogrande\">DR. EMILIO ADOLFO RIVERO CARO<\/span><br \/>&#13;<br \/>\n<br \/>&#13;<br \/>\n<span class=\"text1noticias\">Cubano de nacimiento, desde  muy temprana edad enfrent\u00f2 la dictadura de Fulgencio Batista, aunque en una  corriente diferente a la del movimiento acaudillado por Fidel Castro.  Posteriormente, luch\u00f2 contra la de Fidel  Castro cuando \u00e8ste se apart\u00f2 del programa original democr\u00e1tico del 26 de  Julio.\u00a0\u00a0 Por este motivo guard\u00f2 20 a\u00f1os  de prisi\u00f3n. Excarcelado march\u00f2 a los Estados Unidos y reside en Washington.  <br \/>&#13;<br \/>\n<br \/>&#13;<br \/>\nRivero Caro es abogado, periodista, conferencista y profesor  universitario.\u00a0 Viajero incansable y  pol\u00ecglota que domina 8 idiomas, entre \u00e8stos el ruso y en parte el japon\u00e9s.\u00a0 Fino analista, tiene opiniones muy definidas  sobre la tem\u00e1tica norteamericano,continental y mundial.<\/span><\/p>\n<p>&#13;<\/p>\n<p align=\"justify\" class=\"text1noticias\">Rivero Caro califica al Presidente George Bush de un gran  expositor, sobre todo cuando defiende sus pol\u00edticas. Por ello no le concede  mucha importancia a las encuestas que colocan a Bush en el m\u00e0s bajo nivel de  popularidad de que haya disfrutado un presidente norteamericano en los \u00faltimos  cincuenta a\u00f1os, estimando que \u00e8ste posee la capacidad suficiente para influir  en el \u00e0nimo de los votantes norteamericanos.<\/p>\n<p>&#13;<\/p>\n<p align=\"justify\" class=\"text1noticias\">\u201cBush est\u00e0 actuando con sentido de historia.\u00a0 El tiempo justificar\u00e0 la presencia de los  Estados Unidos en Irak.\u00a0 Los soldados norteamericanos  no pueden salir de Irak ni Afganist\u00e1n\u201d, sostiene, \u201cy el pueblo norteamericano  comprende y respalda esa presencia\u201d.\u00a0\u00a0 Y  agrega:\u201cLa lucha emprendida no tiene ning\u00f9n fundamento religioso.\u00a0 No es un choque de civilizaciones ni  religiones.\u00a0 Es una guerra contra el  terrorismo\u201d.<\/p>\n<p>&#13;<\/p>\n<p align=\"justify\" class=\"text1noticias\">Rivero Caro justifica la decisi\u00f2n congresional de  levantar un muro en la frontera entre M\u00e9xico y Estados Unidos con la finalidad  de detener el masivo flujo de inmigrantes ilegales.\u00a0 \u201cTodo pais tiene derecho a establecer sus pol\u00edticas  migratorias.\u00a0 Los Estados Unidos tienen  leyes muy precisas al respecto.\u00a0 Permitir  la entrada de ilegales es tanto como\u00a0  faltar el respeto a los otros inmigrantes que han llenado sus tr\u00e0mites  para acogerse a la residencia y luego a la ciudadan\u00eca norteamericana\u201d.<\/p>\n<p>&#13;<\/p>\n<p align=\"justify\" class=\"text1noticias\">\u201cCuando uno recorre Latinoam\u00e9rica se da cuenta de la gran  riqueza de nuestros pa\u00ecses que hace innecesario el flujo migratorio hacia los  Estados Unidos.\u00a0 Los pueblos de Am\u00e9rica  Latina tienen a mano todo lo necesario para llevar una existencia digna y  pr\u00f2spera.\u00a0 Lo que ocurre es que pol\u00edticos  sinverg\u00fcenzas y corruptos constituyen el principal obst\u00e1culo para ello\u201d,  asegura.<\/p>\n<p>&#13;<\/p>\n<p align=\"justify\" class=\"text1noticias\">Considera que se ha distorsionado el sentido de la ley  que acaba de promulgar el Presidente Bush permitiendo el uso de medidas  especiales para obtener confesiones en las c\u00e0rceles de la C\u00eca. y descarta que ello  impida a los Estados Unidos seguir mostr\u00e1ndose como ejemplo de respeto a los  derechos humanos.\u00a0 \u201cA diferencia de lo  que ocurre en otros pa\u00ecses, en los Estados Unidos los m\u00e9todos utilizados en los  interrogatorios son de otro orden.\u00a0 No  hay arrancada de u\u00f1as ni maltratos f\u00edsicos de ninguna naturaleza\u201d.\u00a0 Y a\u00f1ade \u201cA Guant\u00e1namo ha ido la Cruz Roja en infinidad  de ocasiones y ha comprobado el trato humanitario que reciben los reclusos sin  que haya podido documentar ni denunciar ning\u00f9n caso de abuso.\u201d<\/p>\n<p>&#13;<\/p>\n<p align=\"justify\" class=\"text1noticias\">Niega que los Estados Unidos haya descuidado a  latinoam\u00e9rica.\u00a0 \u201cLa ayuda econ\u00f3mica que  recibe el continente es muy superior a la que se presta al resto del  mundo\u201d.\u00a0 Admite, sin embargo, que pese a  ello hay una percepci\u00f3n negativa de Norteam\u00e9rica en la regi\u00f2n lo que atribuye a  \u201cfallas diplom\u00e1ticas\u201d que hacen aparecer a los Estados Unidos como arrogantes e  ingerencistas.<\/p>\n<p>&#13;<\/p>\n<p align=\"justify\" class=\"text1noticias\">Respecto a Cuba descarta que a la desaparici\u00f3n de Fidel o  su alejamiento del poder vaya a producirse ning\u00f9n cambio traum\u00e1tico. \u201cEl  sistema es eminentemente policial y militar y Ra\u00f9l Castro controla esos  estamentos\u201d. Considera no obstante, que \u00e8ste posee mayor formaci\u00f2n pol\u00edtica que  Fidel y prev\u00e8 la posibilidad de que en el tiempo, haya un acuerdo con el  gobierno norteamericano que conduzca a la adopci\u00f3n de un modelo similar al de  China Comunista. \u201cEs decir, pol\u00edticamente absolutista pero totalmente  capitalista desde el punto de vista econ\u00f2mico.\u00a0  Ya este solo cambio har\u00eca avanzar notablemente a Cuba\u201d.<\/p>\n<p>&#13;<\/p>\n<p align=\"justify\" class=\"text1noticias\">Finalmente desecha todo temor de que en el tiempo China  Comunista pueda asumir el papel que jug\u00f2 la extinta Uni\u00f3n Sovi\u00e9tica,  convirti\u00e9ndose en un adversario militar para los Estados Unidos y reviviendo la  bipolaridad.\u00a0 \u201cLa econom\u00eca china crece  con la inyecci\u00f3n de capital de Occidente.\u00a0  Pero tambi\u00e8n crecen los Estados Unidos.\u201d, advirte.\u00a0 Y agrega\u00a0  \u201cHay que anotar como un \u00e8xito y un gran previsi\u00f3n del gobierno de Bush  el Tratado firmado con la   India.\u00a0 China no puede  pretender convertirse en una amenaza b\u00e9lica para los Estados Unidos ya que  tendr\u00eda de frente a la propia India, Corea del Sur, Jap\u00f3n, Taiw\u00e1n y la misma  Rusia\u201d <\/p>\n<p>&#13;<\/p>\n<h6> 2006-10-20 12:16:12 <\/h6>\n<p><!--\n<link rel=\"stylesheet\" href=\"css\/bootstrap.min.css\">\n\n\n<ul class=\"pagination\">\n\t    \n\t\n\n<li >\n\t<a href='?page_no=13468'>Previous<\/a>\n\t<\/li>\n\n\n       \n    \n\n<li><a href='?page_no=1'>1<\/a><\/li>\n\n\n\n<li><a href='?page_no=2'>2<\/a><\/li>\n\n\n\n<li><a>...<\/a><\/li>\n\n\n\n<li><a href='?page_no=13467'>13467<\/a><\/li>\n\n\n\n<li><a href='?page_no=13468'>13468<\/a><\/li>\n\n\n\n<li class='active'><a>13469<\/a><\/li>\n\n\n\n<li><a href='?page_no=13470'>13470<\/a><\/li>\n\n\n\n<li><a href='?page_no=13471'>13471<\/a><\/li>\n\n\n\n<li><a>...<\/a><\/li>\n\n\n\n<li><a href='?page_no=13611'>13611<\/a><\/li>\n\n\n\n<li><a href='?page_no=13612'>13612<\/a><\/li>\n\n    \n\t\n\n<li >\n\t<a href='?page_no=13470'>Next<\/a>\n\t<\/li>\n\n\n    \n\n<li><a href='?page_no=13612'>Last &rsaquo;&rsaquo;<\/a><\/li>\n\n<\/ul>\n\n\n--><br \/>\n<\/body><\/p>\n","protected":false},"excerpt":{"rendered":"<p>INVITADO EN TELEDEBATE&#13; &#13; DR. EMILIO ADOLFO RIVERO CARO&#13; &#13; Cubano de nacimiento, desde muy temprana edad enfrent\u00f2 la dictadura de Fulgencio Batista, aunque en una corriente diferente a la del movimiento acaudillado por Fidel Castro. Posteriormente, luch\u00f2 contra la de Fidel Castro cuando \u00e8ste se apart\u00f2 del programa original democr\u00e1tico del 26 de Julio.\u00a0\u00a0 [&hellip;]<\/p>\n","protected":false},"author":3,"featured_media":0,"comment_status":"open","ping_status":"open","sticky":false,"template":"","format":"standard","meta":{"footnotes":""},"categories":[16],"tags":[],"class_list":["post-37735","post","type-post","status-publish","format-standard","hentry","category-opiniones"],"_links":{"self":[{"href":"https:\/\/diariodominicano.com\/index.php?rest_route=\/wp\/v2\/posts\/37735","targetHints":{"allow":["GET"]}}],"collection":[{"href":"https:\/\/diariodominicano.com\/index.php?rest_route=\/wp\/v2\/posts"}],"about":[{"href":"https:\/\/diariodominicano.com\/index.php?rest_route=\/wp\/v2\/types\/post"}],"author":[{"embeddable":true,"href":"https:\/\/diariodominicano.com\/index.php?rest_route=\/wp\/v2\/users\/3"}],"replies":[{"embeddable":true,"href":"https:\/\/diariodominicano.com\/index.php?rest_route=%2Fwp%2Fv2%2Fcomments&post=37735"}],"version-history":[{"count":0,"href":"https:\/\/diariodominicano.com\/index.php?rest_route=\/wp\/v2\/posts\/37735\/revisions"}],"wp:attachment":[{"href":"https:\/\/diariodominicano.com\/index.php?rest_route=%2Fwp%2Fv2%2Fmedia&parent=37735"}],"wp:term":[{"taxonomy":"category","embeddable":true,"href":"https:\/\/diariodominicano.com\/index.php?rest_route=%2Fwp%2Fv2%2Fcategories&post=37735"},{"taxonomy":"post_tag","embeddable":true,"href":"https:\/\/diariodominicano.com\/index.php?rest_route=%2Fwp%2Fv2%2Ftags&post=37735"}],"curies":[{"name":"wp","href":"https:\/\/api.w.org\/{rel}","templated":true}]}}