{"id":37734,"date":"2006-10-20T12:20:43","date_gmt":"2006-10-20T12:20:43","guid":{"rendered":"http:\/\/diariodominicano.ddns.net\/?p=37734"},"modified":"2006-10-20T12:20:43","modified_gmt":"2006-10-20T12:20:43","slug":"las-principales-en-teledebate-167","status":"publish","type":"post","link":"https:\/\/diariodominicano.com\/?p=37734","title":{"rendered":"LAS PRINCIPALES EN TELEDEBATE"},"content":{"rendered":"<p><body><\/p>\n<p><span class=\"titulogrande1\">LAS PRINCIPALES EN TELEDEBATE<\/span><br \/>&#13;<br \/>\n  <br \/>&#13;<br \/>\n  <span class=\"textogrande\">Mi\u00e9rcoles 18,10,06<\/span><\/p>\n<p>&#13;<\/p>\n<p align=\"justify\" class=\"text1noticias\">DEPURACI\u00d3N DE FICHAS POLICIALES. Oportuno y necesario el  anuncio del titular de Interior y Polic\u00eca, Franklin Almeida,de que ser\u00e0n  depuradas las fichas policiales. Hay gente que aparece en esos registros que no  debiera estar, y otros en cambio que no lo est\u00e0n cuando debieran.\u00a0 De igual modo, procede la clasificaci\u00f2n de  los m\u00e0s de 25 mil dominicanos deportados por los Estados Unidos de acuerdo al  tipo y gravedad de delito por el que cumplieron sanci\u00f3n.<\/p>\n<p>&#13;<\/p>\n<p align=\"justify\" class=\"text1noticias\">LO PROTEGIO SU ANGEL GUARDIAN. Con gran suerte  naveg\u00f2 el p\u00e1rroco de Villa Mella, Juan Francisco de la Cruz Manzueta, a quien  dos malhechores hirieron de dos balazos cuando intentaron despojarlo de su  veh\u00ecculo.\u00a0 Por suerte, el religioso est\u00e0  fuera de peligro y los disparos no interesaron ning\u00fan \u00f3rgano vital.\u00a0 Falta ahora que la Polic\u00eca se esfuerce en dar  prontamente con los frustrados ladrones y asesinos a quienes el p\u00e1rroco  califica acertadamente de \u201cdelincuenticos\u201d.\u00a0  A Cruz Manzueta, sin dudas lo protegi\u00f3 su \u00e1ngel guardi\u00e1n.<\/p>\n<p>&#13;<\/p>\n<p align=\"justify\" class=\"text1noticias\">OPINI\u00d3N INTERESADA. Resulta bien contradictorio que  el ex Presidente Hip\u00f3lito Mej\u00eca se aparezca a estas alturas recomendando que en  la Reforma Constitucional se elimine la reelecci\u00f2n presidencial, despu\u00e9s que \u00e8l  invirti\u00f3 tanto esfuerzo y recursos en incorporarla al texto de la Carta Magna  para su desastrosa aventura electoral.\u00a0  Que se aparezca ahora, m\u00e0s de dos a\u00f1os despu\u00e9s,\u00a0 admitiendo que cometi\u00f3 un grave error y que  la reelecci\u00f2n es funesta como que tiene cierto tufo a opini\u00f3n interesada.<\/p>\n<p>&#13;<\/p>\n<p align=\"justify\" class=\"text1noticias\">EL NORTEAMERICANO NUMERO 300 MILLONES FUE&#8230;UN  LATINO. Como si fuese un castigo contra los racistas y miembros del klu klux  klan que todav\u00eca quedan incrustados en el seno de ese gran pa\u00ecs y pueblo que  son los Estados Unidos, el habitante n\u00f9mero 300 millones que fue la noticia del  d\u00eca en Norteam\u00e9rica y naci\u00f2 ayer en un hospital de Los Angeles, es una ni\u00f1a de  ascendencia hispana por ambas v\u00ecas.\u00a0 Su  nombre Valeria Mayte P\u00e9rez, sin el menor gene anglosaj\u00f3n.<\/p>\n<p>&#13;<\/p>\n<p align=\"justify\" class=\"text1noticias\">UN CANCER PELIGROSO. Hoy se ha estado celebrando a nivel  mundial el D\u00eca del C\u00e1ncer de Mama.\u00a0 Es el  m\u00e0s frecuente en las mujeres y el de mayor \u00edndice de mortalidad, generalmente  por descuido y falta de control y prevenci\u00f3n.\u00a0  Seg\u00fan las estad\u00edsticas una de cada ocho mujeres habr\u00e0 de padecerlo en  alg\u00fan momento de su vida.\u00a0 Hay que  advertir sin embargo que tambi\u00e8n puede dar en hombres aunque con much\u00edsima  menos frecuencia.\u00a0 La campa\u00f1a de  prevenci\u00f3n contribuye a su temprana detecci\u00f3n y cura.<\/p>\n<p>&#13;<\/p>\n<p align=\"justify\" class=\"text1noticias\">EL CONTRATO HIEDE TANTO COMO LA BASURA. Ciertamente  la acumulaci\u00f3n\u00a0 de basura en Santo  Domingo Este es a todas luces bien cr\u00ectica comprometiendo el medio ambiente y  la salud de sus mun\u00eccipes. Pero de acuerdo\u00a0  a Diario Libre,\u00a0 el contrato  otorgado sin licitaci\u00f3n a una empresa recolectora sin historial de servicio y  cuyos due\u00f1os son joyeros y due\u00f1os de compraventas, por cuatro a\u00f1os, durante los  cuales percibir\u00e0 cerca de mil millones de pesos, en principio y salvo  esclarecimientos oportunos, hiede tanto como la propia basura.<\/p>\n<p>&#13;<\/p>\n<p align=\"justify\" class=\"text1noticias\">ALCANZA PARA PAGAR LA DEUDA EXTERNA Y SOBRA. Sin  embargo esa cifra luce bien peque\u00f1a, casi rid\u00edcula, frente a la que menciona el  Director del Catastro Nacional, Freddy Santana Mart\u00ecnez, es el valor de los  inmuebles que poseen ocupantes ilegales de terrenos en la provincia de Santo  Domingo, que estima sobrepasan los 600 mil millones de pesos.\u00a0 En d\u00f3lares, unos dieciocho mil millones, m\u00e0s  que suficiente para pagar toda la deuda externa y todav\u00eca sobrar\u00eca una balsa de  divisas.<\/p>\n<p>&#13;<\/p>\n<p align=\"justify\" class=\"text1noticias\">DEMASIADOS PUNTOS DE REGALO. Que la Secretar\u00eca de  Educaci\u00f3n acuerde un regalo colectivo de hasta cinco puntos a nada menos dos  mil ciento noventa estudiantes de octavo grado y tercer ciclo de educaci\u00f3n de  adultos que tengan hasta dos asignaturas pendientes de las Pruebas Nacionales,  no parece que contribuya a la mejor formaci\u00f3n de los mismos.\u00a0 No hay raz\u00f2n despu\u00e9s para extra\u00f1arse cuando  llegan a la UASD pretendiendo cursar una carrera, bachilleres cuyo nivel  docente real es dos o tres cursos por debajo. Un punto, pasa&#8230;pero \u00a1cinco! Es  demasiado.<\/p>\n<p>&#13;<\/p>\n<p align=\"justify\" class=\"text1noticias\">EL FIN DEL INFAME VERTEDERO DE RAFEY. Al fin parece  que lo del relleno sanitario del infame vertedero de Rafey en Santiago esta vez  va en serio.\u00a0 El S\u00ecndico Jos\u00e9 Enrique  Sued anunci\u00f2 un programa que costar\u00e0 800 millones de pesos, costeado en parte  por el propio ayuntamiento municipal.\u00a0  Los trabajos dar\u00e0n inicio en\u00a0  enero del pr\u00f3ximo a\u00f1o y contar\u00e0n con el apoyo de la Agencia de  Cooperaci\u00f3n Japonesa.\u00a0 Sin dudas ser\u00e0 la  principal tarea en la gesti\u00f2n del popular S\u00ecndico de la Ciudad Coraz\u00f3n.<\/p>\n<p>&#13;<\/p>\n<p align=\"justify\" class=\"text1noticias\">ENADE, UN CONTRATO ILEGAL. El personal de la  controversial empresa ENADE abandon\u00f2 Bienes Nacionales el pasado 29 de  Septiembre, dando as\u00ec por finalizado el controversial contrato con el organismo  oficial. Se especula que abogados de dicha firma pudieran demandar al Estado  Dominicano reclamando se le indemnice por todos los ingresos que debiera  percibir en los 10 a\u00f1os de duraci\u00f3n del mismo. Pero si el contrato es ilegal,  ya que fue rechazado por el Senado entonces una reclamaci\u00f3n de ese tipo no  podr\u00eda prosperar.<\/p>\n<p>&#13;<\/p>\n<p align=\"justify\" class=\"text1noticias\">\u00bfQUI\u00c9N LE DEBE A QUIEN? Adem\u00e1s, si el contrato no  era v\u00e0lido por la raz\u00f2n expuesta, \u00bfno habr\u00eca incurrido ENADE en ilegalidad al  cobrar a deudores y vender inmuebles de Bienes Nacionales sin estar debidamente  autorizado?\u00a0 En este caso, \u00bfno ser\u00eca  l\u00f3gico que por el contrario, sea el Estado Dominicano el que reclame de dicha  empresa la devoluci\u00f3n de los ingresos que percibi\u00f2 por comisiones de cobro y  venta de manera ilegal?\u00a0 Parece que ser\u00e0  necesario definir en realidad qui\u00e8n debe a qui\u00e8n.\u00a0 <\/p>\n<p>&#13;<\/p>\n<h6> 2006-10-20 12:20:43 <\/h6>\n<p><!--\n<link rel=\"stylesheet\" href=\"css\/bootstrap.min.css\">\n\n\n<ul class=\"pagination\">\n\t    \n\t\n\n<li >\n\t<a href='?page_no=13467'>Previous<\/a>\n\t<\/li>\n\n\n       \n    \n\n<li><a href='?page_no=1'>1<\/a><\/li>\n\n\n\n<li><a href='?page_no=2'>2<\/a><\/li>\n\n\n\n<li><a>...<\/a><\/li>\n\n\n\n<li><a href='?page_no=13466'>13466<\/a><\/li>\n\n\n\n<li><a href='?page_no=13467'>13467<\/a><\/li>\n\n\n\n<li class='active'><a>13468<\/a><\/li>\n\n\n\n<li><a href='?page_no=13469'>13469<\/a><\/li>\n\n\n\n<li><a href='?page_no=13470'>13470<\/a><\/li>\n\n\n\n<li><a>...<\/a><\/li>\n\n\n\n<li><a href='?page_no=13611'>13611<\/a><\/li>\n\n\n\n<li><a href='?page_no=13612'>13612<\/a><\/li>\n\n    \n\t\n\n<li >\n\t<a href='?page_no=13469'>Next<\/a>\n\t<\/li>\n\n\n    \n\n<li><a href='?page_no=13612'>Last &rsaquo;&rsaquo;<\/a><\/li>\n\n<\/ul>\n\n\n--><br \/>\n<\/body><\/p>\n","protected":false},"excerpt":{"rendered":"<p>LAS PRINCIPALES EN TELEDEBATE&#13; &#13; Mi\u00e9rcoles 18,10,06 &#13; DEPURACI\u00d3N DE FICHAS POLICIALES. Oportuno y necesario el anuncio del titular de Interior y Polic\u00eca, Franklin Almeida,de que ser\u00e0n depuradas las fichas policiales. Hay gente que aparece en esos registros que no debiera estar, y otros en cambio que no lo est\u00e0n cuando debieran.\u00a0 De igual modo, [&hellip;]<\/p>\n","protected":false},"author":3,"featured_media":0,"comment_status":"open","ping_status":"open","sticky":false,"template":"","format":"standard","meta":{"footnotes":""},"categories":[16],"tags":[],"class_list":["post-37734","post","type-post","status-publish","format-standard","hentry","category-opiniones"],"_links":{"self":[{"href":"https:\/\/diariodominicano.com\/index.php?rest_route=\/wp\/v2\/posts\/37734","targetHints":{"allow":["GET"]}}],"collection":[{"href":"https:\/\/diariodominicano.com\/index.php?rest_route=\/wp\/v2\/posts"}],"about":[{"href":"https:\/\/diariodominicano.com\/index.php?rest_route=\/wp\/v2\/types\/post"}],"author":[{"embeddable":true,"href":"https:\/\/diariodominicano.com\/index.php?rest_route=\/wp\/v2\/users\/3"}],"replies":[{"embeddable":true,"href":"https:\/\/diariodominicano.com\/index.php?rest_route=%2Fwp%2Fv2%2Fcomments&post=37734"}],"version-history":[{"count":0,"href":"https:\/\/diariodominicano.com\/index.php?rest_route=\/wp\/v2\/posts\/37734\/revisions"}],"wp:attachment":[{"href":"https:\/\/diariodominicano.com\/index.php?rest_route=%2Fwp%2Fv2%2Fmedia&parent=37734"}],"wp:term":[{"taxonomy":"category","embeddable":true,"href":"https:\/\/diariodominicano.com\/index.php?rest_route=%2Fwp%2Fv2%2Fcategories&post=37734"},{"taxonomy":"post_tag","embeddable":true,"href":"https:\/\/diariodominicano.com\/index.php?rest_route=%2Fwp%2Fv2%2Ftags&post=37734"}],"curies":[{"name":"wp","href":"https:\/\/api.w.org\/{rel}","templated":true}]}}