{"id":37733,"date":"2006-10-21T20:27:57","date_gmt":"2006-10-21T20:27:57","guid":{"rendered":"http:\/\/diariodominicano.ddns.net\/?p=37733"},"modified":"2006-10-21T20:27:57","modified_gmt":"2006-10-21T20:27:57","slug":"premio-principe-de-asturias-de-la-concordia","status":"publish","type":"post","link":"https:\/\/diariodominicano.com\/?p=37733","title":{"rendered":"PREMIO PR\u00cdNCIPE DE ASTURIAS DE LA CONCORDIA"},"content":{"rendered":"<p><body><\/p>\n<p align=\"center\"><span class=\"titulogrande1\">PREMIO PR\u00cdNCIPE DE ASTURIAS DE LA CONCORDIA <\/span><br \/>&#13;<br \/>\n  \u00a0\u00a0\u00a0\u00a0 Discurso de Ann M. Veneman\u00a0<strong>\u00a0<a href=\"javascript:AddClip('20061020elpepucul_8.Tes')\" title=\"A\u00f1adir a Mi carpeta\"><img loading=\"lazy\" decoding=\"async\" border=\"0\" width=\"26\" height=\"10\" src=\"http:\/\/10.0.0.82:8080\/formato_clip_image001_0030.gif\" alt=\"A\u00f1adir a Mi carpeta\" \/><\/a><\/strong><br \/>&#13;<br \/>\n<strong>Directora ejecutiva de Unicef<\/strong><\/p>\n<p>&#13;<\/p>\n<p>\u00a0<\/p>\n<p>&#13;<\/p>\n<p align=\"justify\" class=\"text1noticias\">Majestad,<br \/>&#13;<br \/>\n  <br \/>&#13;<br \/>\n  Altezas Reales,<br \/>&#13;<br \/>\n  <br \/>&#13;<br \/>\n  Galardonados,<br \/>&#13;<br \/>\n  <br \/>&#13;<br \/>\n  Se\u00f1oras y se\u00f1ores:<br \/>&#13;<br \/>\n  <br \/>&#13;<br \/>\n  Es, desde luego, un gran honor recoger en nombre de UNICEF el  Premio Pr\u00edncipe de Asturias de la   Concordia, uno de los galardones m\u00e1s prestigiosos de Espa\u00f1a.<br \/>&#13;<br \/>\n  <br \/>&#13;<br \/>\n  Con profundo respeto, nos unimos a los dem\u00e1s premiados de esta  edici\u00f3n y a los de los veinticinco a\u00f1os transcurridos desde que se crearon los  Premios.<br \/>&#13;<br \/>\n  <br \/>&#13;<br \/>\n  Los Premios Pr\u00edncipe de Asturias celebraron su XXV aniversario  el a\u00f1o pasado. Y para UNICEF es un honor especial recibir este galard\u00f3n en  este, nuestro 60 aniversario.<br \/>&#13;<br \/>\n  <br \/>&#13;<br \/>\n  Cuando se fund\u00f3 UNICEF en 1946, despu\u00e9s de la Segunda Guerra  Mundial, interven\u00eda principalmente en Europa y Jap\u00f3n, proporcionando ayuda de  emergencia a ni\u00f1os necesitados.<br \/>&#13;<br \/>\n  <br \/>&#13;<br \/>\n  Con el paso de los a\u00f1os, el \u00e1mbito de trabajo de UNICEF se ha  extendido y abarca hoy a los millones de ni\u00f1os de todo el mundo \u2013 desde \u00c1frica  hasta Am\u00e9rica Latina \u2013 cuyas vidas son marcadas por la pobreza, el conflicto y  las emergencias.<br \/>&#13;<br \/>\n  <br \/>&#13;<br \/>\n  UNICEF se ha transformado durante los \u00faltimos sesenta a\u00f1os desde  sus comienzos precarios, hasta convertirse en una organizaci\u00f3n dedicada a  mejorar el bienestar de los ni\u00f1os, sea o no en situaciones de emergencia.<br \/>&#13;<br \/>\n  <br \/>&#13;<br \/>\n  La organizaci\u00f3n sigue trabajando incansablemente para proteger a  los ni\u00f1os de los males y de las enfermedades, para darles alimento y la  oportunidad de aprender y llevar vidas fruct\u00edferas.<br \/>&#13;<br \/>\n  <br \/>&#13;<br \/>\n  Gran parte de los hambrientos, desnutridos, desharrapados, los  sin techo, analfabetos, explotados y desplazados del mundo son ni\u00f1os.<br \/>&#13;<br \/>\n  <br \/>&#13;<br \/>\n  De hecho, los ni\u00f1os est\u00e1n en el centro de los Objetivos de  Desarrollo del Milenio, que van desde la erradicaci\u00f3n de la pobreza extrema y  del hambre hasta el logro de la ense\u00f1anza primaria universal y la igualdad de  g\u00e9nero, desde la reducci\u00f3n de la mortalidad infantil y materna, y la lucha  contra el sida y otras enfermedades, hasta conseguir la sostenibilidad del  medio ambiente y el desarrollo de una asociaci\u00f3n global para el desarrollo.<br \/>&#13;<br \/>\n  <br \/>&#13;<br \/>\n  Cuando hacemos inventario de los \u00faltimos 60 a\u00f1os, constatamos  que se han dado grandes pasos hacia delante, no s\u00f3lo para los ni\u00f1os de Europa y  parte de Asia sino tambi\u00e9n para millones de ni\u00f1os en el mundo en desarrollo.<br \/>&#13;<br \/>\n  <br \/>&#13;<br \/>\n  El mundo ha sido testigo en los \u00faltimos sesenta a\u00f1os de m\u00e1s  avances contra la pobreza y m\u00e1s progreso en beneficio de los ni\u00f1os que en los  quinientos anteriores.<br \/>&#13;<br \/>\n  <br \/>&#13;<br \/>\n  Entre 1960 y 2004, la media de la tasa de mortalidad de los  menores de cinco a\u00f1os en los pa\u00edses en desarrollo pas\u00f3 de 222 a 87 muertes por cada  1000 nacimientos.<br \/>&#13;<br \/>\n  <br \/>&#13;<br \/>\n  En los a\u00f1os 80, la tasa media de inmunizaci\u00f3n en la mayor\u00eda de  los pa\u00edses en v\u00edas de desarrollo rondaba el 10 al 20 por ciento.<br \/>&#13;<br \/>\n  <br \/>&#13;<br \/>\n  Hoy, la inmunizaci\u00f3n con vacunas habituales ha llegado a m\u00e1s del  70 por ciento de los ni\u00f1os de todo el mundo.<br \/>&#13;<br \/>\n  <br \/>&#13;<br \/>\n  Ahora el mundo est\u00e1 libre de la viruela, la primera de las  principales enfermedades en ser erradicada.<br \/>&#13;<br \/>\n  <br \/>&#13;<br \/>\n  Ah\u00ed donde la poliomielitis era una epidemia, se han hecho  extraordinarios progresos y hoy unos 175 pa\u00edses est\u00e1n libres de ella.<br \/>&#13;<br \/>\n  <br \/>&#13;<br \/>\n  Aproximadamente mil millones de personas m\u00e1s que en 1990 tienen  acceso hoy a agua segura.<br \/>&#13;<br \/>\n  <br \/>&#13;<br \/>\n  Y hay m\u00e1s ni\u00f1os escolarizados hoy que nunca.<br \/>&#13;<br \/>\n  <br \/>&#13;<br \/>\n  Pero queda mucho por hacer.<br \/>&#13;<br \/>\n  <br \/>&#13;<br \/>\n  Todav\u00eda vivimos en un mundo donde m\u00e1s de dos mil millones de  personas viven con dos d\u00f3lares al d\u00eda o menos.<br \/>&#13;<br \/>\n  <br \/>&#13;<br \/>\n  Vivimos en un mundo donde m\u00e1s de 10 millones de ni\u00f1os al a\u00f1o se  mueren por causas que en gran medida se pueden evitar, como la enfermedad y la  malnutrici\u00f3n.<br \/>&#13;<br \/>\n  <br \/>&#13;<br \/>\n  Vivimos en un mundo donde los desastres naturales, la  explotaci\u00f3n, la hambruna y el hambre todav\u00eda ponen en peligro la paz y la  estabilidad.<br \/>&#13;<br \/>\n  <br \/>&#13;<br \/>\n  Cada minuto, otras nueve personas se contagian de sida y uno de  ellos, como m\u00ednimo, es menor de quince a\u00f1os.<br \/>&#13;<br \/>\n  <br \/>&#13;<br \/>\n  Durante todos mis viajes para UNICEF, he visto muchas de las  caras que esconden estas cifras.<br \/>&#13;<br \/>\n  <br \/>&#13;<br \/>\n  He conocido a supervivientes del genocidio de Ruanda. Me han  hablado de mujeres escogidas para ser violadas por soldados portadores del  virus del sida.<br \/>&#13;<br \/>\n  <br \/>&#13;<br \/>\n  He visitado a las v\u00edctimas del terremoto de Pakist\u00e1n apenas unos  d\u00edas despu\u00e9s, en el que miles de ni\u00f1os perdieron la vida cuando el se\u00edsmo  derrumb\u00f3 sus escuelas.<br \/>&#13;<br \/>\n  <br \/>&#13;<br \/>\n  He visto a mujeres y beb\u00e9s en pa\u00edses como Malawi que se est\u00e1n  muriendo de sida.<br \/>&#13;<br \/>\n  <br \/>&#13;<br \/>\n  He hablado con ni\u00f1os que el tsunami en India y Sri Lanka  convirti\u00f3 en hu\u00e9rfanos.<br \/>&#13;<br \/>\n  <br \/>&#13;<br \/>\n  He conocido a j\u00f3venes rumanas obligadas a prostituirse en  Irlanda por traficantes de sexo.<br \/>&#13;<br \/>\n  <br \/>&#13;<br \/>\n  Y he hablado con una hu\u00e9rfana de 12 a\u00f1os en la Rep\u00fablica Democr\u00e1tica  del Congo que fue brutalmente violada por cuatro hombres, en una zona donde la  violaci\u00f3n sirve como arma de guerra.<br \/>&#13;<br \/>\n  <br \/>&#13;<br \/>\n  Estos ni\u00f1os, y millones como ellos, son los que apelan a nuestra  conciencia colectiva y dependen de nuestra acci\u00f3n colectiva.<br \/>&#13;<br \/>\n  <br \/>&#13;<br \/>\n  En nombre de estos ni\u00f1os, y de todos los ni\u00f1os del mundo, UNICEF  recoge este galard\u00f3n con profunda gratitud. Gracias.<\/p>\n<p>&#13;<\/p>\n<h6> 2006-10-21 20:27:57 <\/h6>\n<p><!--\n<link rel=\"stylesheet\" href=\"css\/bootstrap.min.css\">\n\n\n<ul class=\"pagination\">\n\t    \n\t\n\n<li >\n\t<a href='?page_no=13466'>Previous<\/a>\n\t<\/li>\n\n\n       \n    \n\n<li><a href='?page_no=1'>1<\/a><\/li>\n\n\n\n<li><a href='?page_no=2'>2<\/a><\/li>\n\n\n\n<li><a>...<\/a><\/li>\n\n\n\n<li><a href='?page_no=13465'>13465<\/a><\/li>\n\n\n\n<li><a href='?page_no=13466'>13466<\/a><\/li>\n\n\n\n<li class='active'><a>13467<\/a><\/li>\n\n\n\n<li><a href='?page_no=13468'>13468<\/a><\/li>\n\n\n\n<li><a href='?page_no=13469'>13469<\/a><\/li>\n\n\n\n<li><a>...<\/a><\/li>\n\n\n\n<li><a href='?page_no=13611'>13611<\/a><\/li>\n\n\n\n<li><a href='?page_no=13612'>13612<\/a><\/li>\n\n    \n\t\n\n<li >\n\t<a href='?page_no=13468'>Next<\/a>\n\t<\/li>\n\n\n    \n\n<li><a href='?page_no=13612'>Last &rsaquo;&rsaquo;<\/a><\/li>\n\n<\/ul>\n\n\n--><br \/>\n<\/body><\/p>\n","protected":false},"excerpt":{"rendered":"<p>PREMIO PR\u00cdNCIPE DE ASTURIAS DE LA CONCORDIA &#13; \u00a0\u00a0\u00a0\u00a0 Discurso de Ann M. Veneman\u00a0\u00a0&#13; Directora ejecutiva de Unicef &#13; \u00a0 &#13; Majestad,&#13; &#13; Altezas Reales,&#13; &#13; Galardonados,&#13; &#13; Se\u00f1oras y se\u00f1ores:&#13; &#13; Es, desde luego, un gran honor recoger en nombre de UNICEF el Premio Pr\u00edncipe de Asturias de la Concordia, uno de los galardones [&hellip;]<\/p>\n","protected":false},"author":3,"featured_media":0,"comment_status":"open","ping_status":"open","sticky":false,"template":"","format":"standard","meta":{"footnotes":""},"categories":[16],"tags":[],"class_list":["post-37733","post","type-post","status-publish","format-standard","hentry","category-opiniones"],"_links":{"self":[{"href":"https:\/\/diariodominicano.com\/index.php?rest_route=\/wp\/v2\/posts\/37733","targetHints":{"allow":["GET"]}}],"collection":[{"href":"https:\/\/diariodominicano.com\/index.php?rest_route=\/wp\/v2\/posts"}],"about":[{"href":"https:\/\/diariodominicano.com\/index.php?rest_route=\/wp\/v2\/types\/post"}],"author":[{"embeddable":true,"href":"https:\/\/diariodominicano.com\/index.php?rest_route=\/wp\/v2\/users\/3"}],"replies":[{"embeddable":true,"href":"https:\/\/diariodominicano.com\/index.php?rest_route=%2Fwp%2Fv2%2Fcomments&post=37733"}],"version-history":[{"count":0,"href":"https:\/\/diariodominicano.com\/index.php?rest_route=\/wp\/v2\/posts\/37733\/revisions"}],"wp:attachment":[{"href":"https:\/\/diariodominicano.com\/index.php?rest_route=%2Fwp%2Fv2%2Fmedia&parent=37733"}],"wp:term":[{"taxonomy":"category","embeddable":true,"href":"https:\/\/diariodominicano.com\/index.php?rest_route=%2Fwp%2Fv2%2Fcategories&post=37733"},{"taxonomy":"post_tag","embeddable":true,"href":"https:\/\/diariodominicano.com\/index.php?rest_route=%2Fwp%2Fv2%2Ftags&post=37733"}],"curies":[{"name":"wp","href":"https:\/\/api.w.org\/{rel}","templated":true}]}}