{"id":377293,"date":"2022-08-19T23:49:34","date_gmt":"2022-08-20T03:49:34","guid":{"rendered":"http:\/\/diariodominicano.com\/?p=377293"},"modified":"2022-08-20T00:20:13","modified_gmt":"2022-08-20T04:20:13","slug":"el-general-espanol-manuel-buceta-inicia-su-retirada-a-santiago-de-los-caballeros-en-la-guerra-de-la-restauracion","status":"publish","type":"post","link":"https:\/\/diariodominicano.com\/?p=377293","title":{"rendered":"El general espa\u00f1ol Manuel Buceta inicia su retirada a Santiago de los Caballeros. En la Guerra de la Restauraci\u00f3n"},"content":{"rendered":"\n<p>  <strong>Gaspar Polanco liquid\u00f3 el resto de la columna de Buceta, lo que lo oblig\u00f3 a internarse en las cejas de monte del r\u00edo Yaque del Norte. <\/strong><\/p>\n\n\n\n<p>&nbsp;&nbsp;Por H\u00e9ctor Tineo Nolasco<\/p>\n\n\n\n<p>Diariodominicano.com<\/p>\n\n\n\n<p>GUAYUBIN, el 20 de agosto de 1863, durante la Guerra de la Restauraci\u00f3n, el brigadier espa\u00f1ol Manuel Buceta inici\u00f3 su retirada a la ciudad Santiago de los Caballeros.<\/p>\n\n\n\n<figure class=\"wp-block-image size-full\"><img loading=\"lazy\" decoding=\"async\" width=\"313\" height=\"161\" src=\"https:\/\/diariodominicano.com\/wp-content\/uploads\/2022\/08\/Benito-Moncion-y-Cabrera.jpg\" alt=\"\" class=\"wp-image-375853\" srcset=\"https:\/\/diariodominicano.com\/wp-content\/uploads\/2022\/08\/Benito-Moncion-y-Cabrera.jpg 313w, https:\/\/diariodominicano.com\/wp-content\/uploads\/2022\/08\/Benito-Moncion-y-Cabrera-300x154.jpg 300w\" sizes=\"auto, (max-width: 313px) 100vw, 313px\" \/><\/figure>\n\n\n\n<p>&nbsp;&nbsp;&nbsp;&nbsp;&nbsp; <strong>En esa circunstancia su columna fue atacada por las fuerzas de los restauradores Benito Monci\u00f3n&nbsp; y Pedro Antonio Pimentel, desde Villalobos hasta Guayacanes, y luego fue emboscado en La Barranquita y Cayucal.<\/strong><\/p>\n\n\n\n<p>&nbsp;&nbsp;&nbsp;&nbsp; De su lado Gaspar Polanco liquid\u00f3 el resto de la columna de Buceta, lo que lo oblig\u00f3 a internarse en las cejas de monte del r\u00edo Yaque del Norte.<\/p>\n\n\n\n<p>&nbsp;&nbsp;&nbsp; El \u00abManual de Historia Militar Dominicana\u00bb, precisa que \u00abLos patriotas atacaron a los espa\u00f1oles, el 20 de agosto, a las 9 de la ma\u00f1ana, logrando aprovechar las caracter\u00edsticas favorables del terreno, las condiciones meteorol\u00f3gicas, ya que se sufr\u00eda&nbsp; un calor extenuante y la baja moral del enemigo, pues el polvo que produc\u00edan ambas caballer\u00edas, unido a la sed, los consum\u00edan.<\/p>\n\n\n\n<p>&nbsp;&nbsp; \u00abFue un ataque mortal por&nbsp; la vanguardia, la retaguardia y los flancos. El combate se extendi\u00f3 hasta las 14:00 horas de ese d\u00eda, cuando los espa\u00f1oles pudieron replegarse, dejando en el campo de batalla 40 soldados de Infanter\u00eda y 7 de caballer\u00eda\u00bb.<\/p>\n","protected":false},"excerpt":{"rendered":"<p>Gaspar Polanco liquid\u00f3 el resto de la columna de Buceta, lo que lo oblig\u00f3 a internarse en las cejas de monte del r\u00edo Yaque del Norte. &nbsp;&nbsp;Por H\u00e9ctor Tineo Nolasco Diariodominicano.com GUAYUBIN, el 20 de agosto de 1863, durante la Guerra de la Restauraci\u00f3n, el brigadier espa\u00f1ol Manuel Buceta inici\u00f3 su retirada a la ciudad [&hellip;]<\/p>\n","protected":false},"author":28,"featured_media":375854,"comment_status":"closed","ping_status":"","sticky":true,"template":"","format":"standard","meta":{"footnotes":""},"categories":[26,27],"tags":[],"class_list":["post-377293","post","type-post","status-publish","format-standard","has-post-thumbnail","hentry","category-efemerides","category-portada"],"_links":{"self":[{"href":"https:\/\/diariodominicano.com\/index.php?rest_route=\/wp\/v2\/posts\/377293","targetHints":{"allow":["GET"]}}],"collection":[{"href":"https:\/\/diariodominicano.com\/index.php?rest_route=\/wp\/v2\/posts"}],"about":[{"href":"https:\/\/diariodominicano.com\/index.php?rest_route=\/wp\/v2\/types\/post"}],"author":[{"embeddable":true,"href":"https:\/\/diariodominicano.com\/index.php?rest_route=\/wp\/v2\/users\/28"}],"replies":[{"embeddable":true,"href":"https:\/\/diariodominicano.com\/index.php?rest_route=%2Fwp%2Fv2%2Fcomments&post=377293"}],"version-history":[{"count":5,"href":"https:\/\/diariodominicano.com\/index.php?rest_route=\/wp\/v2\/posts\/377293\/revisions"}],"predecessor-version":[{"id":377308,"href":"https:\/\/diariodominicano.com\/index.php?rest_route=\/wp\/v2\/posts\/377293\/revisions\/377308"}],"wp:featuredmedia":[{"embeddable":true,"href":"https:\/\/diariodominicano.com\/index.php?rest_route=\/wp\/v2\/media\/375854"}],"wp:attachment":[{"href":"https:\/\/diariodominicano.com\/index.php?rest_route=%2Fwp%2Fv2%2Fmedia&parent=377293"}],"wp:term":[{"taxonomy":"category","embeddable":true,"href":"https:\/\/diariodominicano.com\/index.php?rest_route=%2Fwp%2Fv2%2Fcategories&post=377293"},{"taxonomy":"post_tag","embeddable":true,"href":"https:\/\/diariodominicano.com\/index.php?rest_route=%2Fwp%2Fv2%2Ftags&post=377293"}],"curies":[{"name":"wp","href":"https:\/\/api.w.org\/{rel}","templated":true}]}}