{"id":377291,"date":"2022-08-19T23:45:19","date_gmt":"2022-08-20T03:45:19","guid":{"rendered":"http:\/\/diariodominicano.com\/?p=377291"},"modified":"2022-08-19T23:45:19","modified_gmt":"2022-08-20T03:45:19","slug":"el-dia-que-nacio-emilio-prudhomme-maduro-3","status":"publish","type":"post","link":"https:\/\/diariodominicano.com\/?p=377291","title":{"rendered":"El d\u00eda que naci\u00f3 Emilio Prud\u2019Homme Maduro"},"content":{"rendered":"\n<p>Por H\u00e9ctor Tineo Nolasco<\/p>\n\n\n\n<p>Diariodominicano.com<\/p>\n\n\n\n<p>PUERTO PLATA,&nbsp; el&nbsp; 20 de agosto de 1856, naci\u00f3 en Puerto Plata, Emilio Prud\u2019Homme&nbsp; Maduro, quien se destac\u00f3 como&nbsp; abogado,&nbsp; poeta&nbsp; y educador. Fueron sus padres Pedro Prud&#8217;Homme y Ana Maduro.<\/p>\n\n\n\n<p>&nbsp;&nbsp;&nbsp;&nbsp; Entre las obras de Emilio Prud\u2019Homme, est\u00e1 el Himno Nacional de Rep\u00fablica Dominicana.&nbsp; Fue un colaborador del educador Eugenio Mar\u00eda de Hostos.<\/p>\n\n\n\n<p>&nbsp;Cuando Rep\u00fablica Dominicana fue invadida por Estados Unidos en el a\u00f1o 1916, figur\u00f3 entre las voces que se pronunciaron en contra de la violaci\u00f3n de la soberan\u00eda nacional.&nbsp;<\/p>\n\n\n\n<p>&nbsp; &nbsp;&nbsp;&nbsp;&nbsp;&nbsp;Entre sus obras adem\u00e1s del Himno Nacional, est\u00e1n El 16 de agosto, A la Juventud Dominicana, y Mi Tierra. De joven se dedic\u00f3 al magisterio.<\/p>\n\n\n\n<p>&nbsp;&nbsp;&nbsp;&nbsp;&nbsp;&nbsp; El historiador puertoplate\u00f1o Rufino Mart\u00ednez, en su obra \u201cDiccionario Biogr\u00e1fico-Hist\u00f3rico Dominicano 1821-1930, refiere que dedic\u00f3 30 a\u00f1os al&nbsp; magisterio, pero con la reorganizaci\u00f3n que hizo el Gobierno estadounidense&nbsp; de ocupaci\u00f3n en el a\u00f1o 1917, fue dejado fuera del sistema de ense\u00f1anza.<\/p>\n\n\n\n<p>&nbsp;&nbsp; Ante esa circunstancia se concentr\u00f3 a su labor de abogado, que hab\u00eda abandonado en 1882, para dedicarse al trabajo de educador.<\/p>\n\n\n\n<p>&nbsp;&nbsp; Durante los a\u00f1os 1910-1911, presidi\u00f3 el Centro de Profesores, una entidad con categor\u00eda de liceo,&nbsp; que&nbsp;&nbsp; puso en actividad al elemento intelectual&nbsp; para estimular el esp\u00edritu creativo de las personas que se integraban a la organizaci\u00f3n.<\/p>\n\n\n\n<p>&nbsp;&nbsp; Emilio Prud\u2019Homme, fue estudioso de letras, arte y filosof\u00eda. Gustaba compartir los conocimientos con sus amigos y alumnos.<\/p>\n\n\n\n<p>&nbsp;&nbsp;&nbsp; Se destac\u00f3 por ser un poeta muy cr\u00edtico. A sus creaciones les hac\u00eda m\u00faltiples correcciones. Al escribir el Himno Nacional, busc\u00f3 a su amigo Jos\u00e9 Reyes para que le escribiera la m\u00fasica.<\/p>\n\n\n\n<p>&nbsp;&nbsp;&nbsp; La \u00faltima residencia de Emilio Prud\u2019Homme, fue en la ciudad de Santo Domingo, donde muri\u00f3 el 21 de julio de 1932. Hab\u00eda fijado domicilio en la capital dominicana&nbsp; al ser nombrado en 1930,&nbsp; juez de la Suprema Corte de Justicia.<\/p>\n\n\n\n<p>&nbsp;&nbsp;&nbsp; Antes, en el Gobierno interino de Francisco&nbsp; Henr\u00edquez y Carvajal, en 1916, Emilio Prud\u2019Homme, se desempe\u00f1\u00f3 como ministro de Justicia e Instrucci\u00f3n P\u00fablica.<\/p>\n","protected":false},"excerpt":{"rendered":"<p>Por H\u00e9ctor Tineo Nolasco Diariodominicano.com PUERTO PLATA,&nbsp; el&nbsp; 20 de agosto de 1856, naci\u00f3 en Puerto Plata, Emilio Prud\u2019Homme&nbsp; Maduro, quien se destac\u00f3 como&nbsp; abogado,&nbsp; poeta&nbsp; y educador. Fueron sus padres Pedro Prud&#8217;Homme y Ana Maduro. &nbsp;&nbsp;&nbsp;&nbsp; Entre las obras de Emilio Prud\u2019Homme, est\u00e1 el Himno Nacional de Rep\u00fablica Dominicana.&nbsp; Fue un colaborador del educador [&hellip;]<\/p>\n","protected":false},"author":28,"featured_media":370293,"comment_status":"closed","ping_status":"","sticky":true,"template":"","format":"standard","meta":{"footnotes":""},"categories":[26,27],"tags":[],"class_list":["post-377291","post","type-post","status-publish","format-standard","has-post-thumbnail","hentry","category-efemerides","category-portada"],"_links":{"self":[{"href":"https:\/\/diariodominicano.com\/index.php?rest_route=\/wp\/v2\/posts\/377291","targetHints":{"allow":["GET"]}}],"collection":[{"href":"https:\/\/diariodominicano.com\/index.php?rest_route=\/wp\/v2\/posts"}],"about":[{"href":"https:\/\/diariodominicano.com\/index.php?rest_route=\/wp\/v2\/types\/post"}],"author":[{"embeddable":true,"href":"https:\/\/diariodominicano.com\/index.php?rest_route=\/wp\/v2\/users\/28"}],"replies":[{"embeddable":true,"href":"https:\/\/diariodominicano.com\/index.php?rest_route=%2Fwp%2Fv2%2Fcomments&post=377291"}],"version-history":[{"count":1,"href":"https:\/\/diariodominicano.com\/index.php?rest_route=\/wp\/v2\/posts\/377291\/revisions"}],"predecessor-version":[{"id":377292,"href":"https:\/\/diariodominicano.com\/index.php?rest_route=\/wp\/v2\/posts\/377291\/revisions\/377292"}],"wp:featuredmedia":[{"embeddable":true,"href":"https:\/\/diariodominicano.com\/index.php?rest_route=\/wp\/v2\/media\/370293"}],"wp:attachment":[{"href":"https:\/\/diariodominicano.com\/index.php?rest_route=%2Fwp%2Fv2%2Fmedia&parent=377291"}],"wp:term":[{"taxonomy":"category","embeddable":true,"href":"https:\/\/diariodominicano.com\/index.php?rest_route=%2Fwp%2Fv2%2Fcategories&post=377291"},{"taxonomy":"post_tag","embeddable":true,"href":"https:\/\/diariodominicano.com\/index.php?rest_route=%2Fwp%2Fv2%2Ftags&post=377291"}],"curies":[{"name":"wp","href":"https:\/\/api.w.org\/{rel}","templated":true}]}}