{"id":37728,"date":"2006-10-24T13:03:45","date_gmt":"2006-10-24T13:03:45","guid":{"rendered":"http:\/\/diariodominicano.ddns.net\/?p=37728"},"modified":"2006-10-24T13:03:45","modified_gmt":"2006-10-24T13:03:45","slug":"el-tiro-rapido-480","status":"publish","type":"post","link":"https:\/\/diariodominicano.com\/?p=37728","title":{"rendered":"EL TIRO RAPIDO"},"content":{"rendered":"<p><body><\/p>\n<p><span class=\"titulogrande1\">EL TIRO RAPIDO <\/span><br \/>&#13;<br \/>\n  <br \/>&#13;<br \/>\n  <br \/>&#13;<br \/>\n    <span class=\"textogrande\">de<br \/>&#13;<br \/>\nMario Rivadulla<\/span><br \/>&#13;\n<\/p>\n<p>&#13;<\/p>\n<p align=\"justify\" class=\"text1noticias\">Hoy por hoy, inmediatamente despu\u00e9s del tema de la  seguridad ciudadana, el de mayor apremio para el pa\u00eds y el Gobierno es el de la  crisis energ\u00e9tica.<\/p>\n<p>&#13;<\/p>\n<p align=\"justify\" class=\"text1noticias\">El propio Presidente Leonel Fern\u00e1ndez acaba de declarar  que el sistema energ\u00e9tico es insostenible por m\u00e1s tiempo en las condiciones  actuales.\u00a0 <br \/>&#13;<br \/>\n  <br \/>&#13;<br \/>\nNo hay un solo dominicano ni  un solo habitante de nuestro pedazo de isla, que no est\u00e8 de acuerdo con esa  afirmaci\u00f3n tan categ\u00f3rica.<\/p>\n<p>&#13;<\/p>\n<p align=\"justify\" class=\"text1noticias\">Por d\u00e9cadas, gobierno tr\u00e0s gobierno, Rep\u00f9blica Dominicana  ha venido arrastrando el pesado fardo de un servicio de energ\u00eda ineficiente,  inestable y sumamente costoso.\u00a0 La  electricidad ha sido en todos estos a\u00f1os un factor de permanente irritaci\u00f3n y  zozobra social as\u00ec como de alto costo pol\u00edtico.\u00a0  Pero adem\u00e1s, una constante retranca en su desarrolllo econ\u00f3mico.<\/p>\n<p>&#13;<\/p>\n<p align=\"justify\" class=\"text1noticias\">Una mente tan l\u00f9cida como la del ido a destiempo,  ingeniero Felipe Vicini, sentenci\u00f2 en una ocasi\u00f3n que todav\u00eca m\u00e0s grave que las  p\u00e8rdidas originadas por la crisis el\u00e8ctrica, era lo que hab\u00eca dejado de  producir, ganar y progresar el pa\u00ecs como consecuencia de ella.\u00a0 Ten\u00eca sobrada raz\u00f2n. <br \/>&#13;<br \/>\n  <br \/>&#13;<br \/>\nGran parte de nuestra  pobreza y retraso es consecuencia de la energ\u00eda, o m\u00e0s bien de la falta y costo  de la misma.<\/p>\n<p>&#13;<\/p>\n<p align=\"justify\" class=\"text1noticias\">La capitalizaci\u00f3n iniciada bajo el pasado gobierno del  Presidente Fern\u00e1ndez se nos ofrec\u00eda como la posible soluci\u00f3n a la problem\u00e1tica  energ\u00e8tica.\u00a0 <br \/>&#13;<br \/>\n  <br \/>&#13;<br \/>\nUn nuevo camino que  eliminar\u00eca los apagones, borraria del presupuesto de la naci\u00f3n la partida de  subsidio al sector y eventualmente,\u00a0  ofrecer\u00eca el servicio a una tarifa m\u00e0s baja.\u00a0 En la pr\u00e0ctica\u00a0 por una diversidad de muy complejas razones,  ha resultado lo contrario, a\u00f9n cuando no todo ha resultado negativo por cuanto  posibilit\u00f2 que por primera vez,\u00a0 el pa\u00ecs  dispusiera de una capacidad instalada superior a la demanda entre un 20 y un 25  porciento.<\/p>\n<p>&#13;<\/p>\n<p align=\"justify\" class=\"text1noticias\">Pero los apagones han continuado.\u00a0 Las facturaciones alcanzan niveles  insostenibles.\u00a0 El elevado costo  energ\u00e9tico afecta la competitividad de los sectores productivos nacionales y el  creciente subsidio se ha convertido en una carga cada vez m\u00e0s onerosa para las  agobiadas finanzas p\u00f9blicas.\u00a0 Todo esto  adem\u00e1s, conlleva un elevado costo pol\u00edtico para el gobierno.<\/p>\n<p>&#13;<\/p>\n<p align=\"justify\" class=\"text1noticias\">En todo ese tiempo han sobrado propuestas,\u00a0 planes, seminarios, reuniones, negociaciones  para tratar de resolver la compleja problem\u00e1tica el\u00e9ctrica, sin que haya  asomado la tan ansiada tabla salvadora que nos libere de ese pesado tormento  que con altas y bajas, venimos arrastrando por m\u00e0s de 4 d\u00e8cadas.<\/p>\n<p>&#13;<\/p>\n<p align=\"justify\" class=\"text1noticias\">A nuestro juicio, tal como hemos manifestado en infinidad  de ocasiones en TELEDEBATE y este TIRO RAPIDO, el primer paso para toda  posibilidad seria y efectiva de abordar la crisis de electricidad, es  despolitizar, despartidizar el tema,sacarlo del debate oportunista y de la  cr\u00ectica ventajista.<\/p>\n<p>&#13;<\/p>\n<p align=\"justify\" class=\"text1noticias\">Por a\u00f1os hemos venido abogando porque la crisis el\u00e9ctrica  la enfrentemos \u00e7omo lo que es: no responsabilidad de un gobierno ni de un  partido sino un problema nacional, que nos afecta a todos.\u00a0 Como tal debe ser afrontado en base a un gran  pacto, compromiso o proyecto de naci\u00f3n que sume la comprensi\u00f3n, el esfuerzo y  la colaboraci\u00f3n de todos los sectores pol\u00edticos, econ\u00f3micos y sociales del pa\u00ecs  para empujar juntos en la misma direcci\u00f2n.<\/p>\n<p>&#13;<\/p>\n<p align=\"justify\" class=\"text1noticias\">Dentro de este marco, acogemos con satisfacci\u00f3n tanto las  conclusiones del Foro El\u00e9ctrico tanto como las oportunas declaraciones del  joven Secretario General del PRD, Orlando Jorge Mera, pronunci\u00e1ndose en el  mismo sentido.\u00a0 De igual modo, el anuncio  de la cumbre que convocar\u00e0 el Presidente Fern\u00e1ndez con participaci\u00f2n de  dirigentes del PLD, PRD y el PRSC para  tratar diversos asuntos de inter\u00e8s en la agenda nacional,  entre los que figura, suponemos que en sitio de cabecera, la crisis energ\u00e8tica.<\/p>\n<p>&#13;<\/p>\n<p align=\"justify\" class=\"text1noticias\">Es de esperar que se  trate de un ejercicio productivo y no de una nueva OPORTUNIDAD de intercambiar  mutuas INCULPACIONES ACHAC\u00c1NDOSE la responsabilidad de  un problema que insistimos no\u00a0 es de  nadie en particular pero\u00a0 que nos  `perjudica e irrita\u00a0 a todos.<\/p>\n<p>&#13;<\/p>\n<p align=\"justify\" class=\"text1noticias\">La BIBLIA nos relata el hermoso pasaje del \u00e8xodo de los  jud\u00ecos de EGIPTO, quienes bajo el liderazgo de MOIS\u00c9S, el elegido a quien  JEHOV\u00c1 entreg\u00f2 las famosas tablas que contienen los diez mandamientos,  estuvieron vagando cuarenta a\u00f1os por el desierto hasta encontrar la tierra prometida.\u00a0 ese mismo tiempo llevamos los dominicanos  viviendo entre apagones a la   B\u00daSQUEDA de la   ansiada luz sin haberla encontrado.<\/p>\n<p>&#13;<\/p>\n<p align=\"justify\" class=\"text1noticias\">Ojal\u00e0 en esta  OPORTUNIDAD\u00a0 lleguemos tambi\u00e8n al fin, a  nuestra tierra prometida: la de   un servicio de electricidad eficiente,\u00a0 estable y con tarifas acordes con nuestra  economia.<\/p>\n<p>&#13;<\/p>\n<h6> 2006-10-24 13:03:45 <\/h6>\n<p><!--\n<link rel=\"stylesheet\" href=\"css\/bootstrap.min.css\">\n\n\n<ul class=\"pagination\">\n\t    \n\t\n\n<li >\n\t<a href='?page_no=13461'>Previous<\/a>\n\t<\/li>\n\n\n       \n    \n\n<li><a href='?page_no=1'>1<\/a><\/li>\n\n\n\n<li><a href='?page_no=2'>2<\/a><\/li>\n\n\n\n<li><a>...<\/a><\/li>\n\n\n\n<li><a href='?page_no=13460'>13460<\/a><\/li>\n\n\n\n<li><a href='?page_no=13461'>13461<\/a><\/li>\n\n\n\n<li class='active'><a>13462<\/a><\/li>\n\n\n\n<li><a href='?page_no=13463'>13463<\/a><\/li>\n\n\n\n<li><a href='?page_no=13464'>13464<\/a><\/li>\n\n\n\n<li><a>...<\/a><\/li>\n\n\n\n<li><a href='?page_no=13611'>13611<\/a><\/li>\n\n\n\n<li><a href='?page_no=13612'>13612<\/a><\/li>\n\n    \n\t\n\n<li >\n\t<a href='?page_no=13463'>Next<\/a>\n\t<\/li>\n\n\n    \n\n<li><a href='?page_no=13612'>Last &rsaquo;&rsaquo;<\/a><\/li>\n\n<\/ul>\n\n\n--><br \/>\n<\/body><\/p>\n","protected":false},"excerpt":{"rendered":"<p>EL TIRO RAPIDO &#13; &#13; &#13; de&#13; Mario Rivadulla&#13; &#13; Hoy por hoy, inmediatamente despu\u00e9s del tema de la seguridad ciudadana, el de mayor apremio para el pa\u00eds y el Gobierno es el de la crisis energ\u00e9tica. &#13; El propio Presidente Leonel Fern\u00e1ndez acaba de declarar que el sistema energ\u00e9tico es insostenible por m\u00e1s tiempo [&hellip;]<\/p>\n","protected":false},"author":3,"featured_media":0,"comment_status":"open","ping_status":"open","sticky":false,"template":"","format":"standard","meta":{"footnotes":""},"categories":[16],"tags":[],"class_list":["post-37728","post","type-post","status-publish","format-standard","hentry","category-opiniones"],"_links":{"self":[{"href":"https:\/\/diariodominicano.com\/index.php?rest_route=\/wp\/v2\/posts\/37728","targetHints":{"allow":["GET"]}}],"collection":[{"href":"https:\/\/diariodominicano.com\/index.php?rest_route=\/wp\/v2\/posts"}],"about":[{"href":"https:\/\/diariodominicano.com\/index.php?rest_route=\/wp\/v2\/types\/post"}],"author":[{"embeddable":true,"href":"https:\/\/diariodominicano.com\/index.php?rest_route=\/wp\/v2\/users\/3"}],"replies":[{"embeddable":true,"href":"https:\/\/diariodominicano.com\/index.php?rest_route=%2Fwp%2Fv2%2Fcomments&post=37728"}],"version-history":[{"count":0,"href":"https:\/\/diariodominicano.com\/index.php?rest_route=\/wp\/v2\/posts\/37728\/revisions"}],"wp:attachment":[{"href":"https:\/\/diariodominicano.com\/index.php?rest_route=%2Fwp%2Fv2%2Fmedia&parent=37728"}],"wp:term":[{"taxonomy":"category","embeddable":true,"href":"https:\/\/diariodominicano.com\/index.php?rest_route=%2Fwp%2Fv2%2Fcategories&post=37728"},{"taxonomy":"post_tag","embeddable":true,"href":"https:\/\/diariodominicano.com\/index.php?rest_route=%2Fwp%2Fv2%2Ftags&post=37728"}],"curies":[{"name":"wp","href":"https:\/\/api.w.org\/{rel}","templated":true}]}}