{"id":37722,"date":"2006-10-26T12:46:12","date_gmt":"2006-10-26T12:46:12","guid":{"rendered":"http:\/\/diariodominicano.ddns.net\/?p=37722"},"modified":"2006-10-26T12:46:12","modified_gmt":"2006-10-26T12:46:12","slug":"los-temas-de-teledebate-43","status":"publish","type":"post","link":"https:\/\/diariodominicano.com\/?p=37722","title":{"rendered":"LOS TEMAS DE TELEDEBATE"},"content":{"rendered":"<p><body><\/p>\n<h1 align=\"center\">LOS TEMAS DE TELEDEBATE<\/h1>\n<p>&#13;<\/p>\n<p align=\"center\">\u00a0<\/p>\n<p>&#13;<\/p>\n<p align=\"justify\" class=\"text1noticias\">DOS IMPORTANTES APORTES.\u00a0  Hoy en la ma\u00f1ana, atrac\u00f2 en el muelle Don Diego, del puerto de Sans  Souci, el primero de cuarenta cruceros que est\u00e0n previstos a hacer escala en  Santo Domingo durante la presente temporada, restableciendo as\u00ec un turismo que  hab\u00eca quedado suspendido por las precarias condiciones que ofrec\u00edamos a los  visitantes extranjeros.\u00a0 En la medida en  que las obras que componen el impresionante proyecto de remodelaci\u00f3n de Sans Souci,  donde se invertir\u00e1n m\u00e0s de cuatrocientos millones de d\u00f3lares en 8 a\u00f1os, ese  n\u00f9mero se ver\u00e0 multiplicado varias veces hasta convertirnos en uno de los  puntos de escala obligados y de mayor atractivo para el turismo.\u00a0 El otro aporte de importancia ser\u00e0 la  inauguraci\u00f3n del moderno campo de golf de Punta Espada, dentro del  multimillonario proyecto de Cap Can.\u00a0 Hoy  en la ma\u00f1ana se ofrecieron datos a la prensa de la ejecuci\u00f3n del mismo por  parte del colega Ellis P\u00e9rez.\u00a0\u00a0 La  inversi\u00f2n total ser\u00e0 del orden de mil 500 millones de d\u00f3lares en los pr\u00f3ximos 12 a 15 a\u00f1os.\u00a0 Nos estamos convirtiendo en una verdadera  potencia tur\u00edstica.<\/p>\n<p>&#13;<\/p>\n<p align=\"justify\" class=\"text1noticias\">CONTRATO.\u00a0 Despu\u00e8s de varios d\u00ecas de ser aireado en  p\u00f9blico, el S\u00ecndico de Santo Domingo Este, Juan de los Santos, anunci\u00f2 su  decisi\u00f2n de dirigirse a la   Sala Capitular de ese ayuntamiento para solicitarle la  rescisi\u00f2n del contrato suscrito con la empresa SEHISA y someter a licitaci\u00f2n la  contrataci\u00f2n de una empresa con capacidad t\u00e9cnica y financiera para la recogida  de basuras.\u00a0 El error original consisti\u00f2  en que el Cabildo le otorg\u00f2 autorizaci\u00f3n al S\u00ecndico para que contratase una  empresa a fin de recoger la basura, debido a la situaci\u00f2n de emergencia que se  confronta en ese municipio como consecuencia del gran acumulo dejado en  herencia por la administraci\u00f3n anterior. Pero la autorizaci\u00f3n fue dada sin  l\u00ecmites ni condiciones.\u00a0 Y el contrato  que se suscribi\u00f2 jam\u00e0s fue llevado a la Sala Capitular,  donde s\u00f2lo tres regidores, el independiente Juan de la Cruz Trifolio y dos  pelede\u00ecstas votaron en contra de la autorizaci\u00f3n que se le otorg\u00f2 a de los  Santos como una carta abierta.\u00a0 Es de  esperar que esta experiencia le sirva a de los Santos, S\u00ecndico de estreno, de  ejemplo para entender que no es lo mismo manejar un negocio propio que  gerenciar asuntos p\u00fablicos donde es preciso someterse a normas especiales.<\/p>\n<p>&#13;<\/p>\n<p align=\"justify\" class=\"text1noticias\">ACUERDOS DE APOSENTO.\u00a0 Hay quienes consideran que Reinaldo Pared  P\u00e9rez ha asumido una posici\u00f2n muy r\u00ecgida cuando frente a la convocatoria del  Presidente Leonel Fern\u00e1ndez a los 3 mayores partidos pol\u00edticos: el propio PLD,  el PRD y el PRSC para discutir en una cumbre diferentes temas, entre \u00e8stos la  nueva Junta Central Electoral, ha declarado y reiterado que nombrar los  integrantes de la misma es una prerrogativa constitucional del Senado y que  \u00e8ste en modo alguno resignar\u00e0 esa facultad en beneficio de acuerdos de  aposento.\u00a0 Creemos que es una posici\u00f2n  correcta.\u00a0 Continuamente hablamos de  institucionalizar el pa\u00ecs, y para ello debemos comenzar por respetar las instituciones.\u00a0 Si tal es facultad del Senado, es s\u00f2lo a \u00e8l  al que corresponder\u00e0 escoger los jueces.\u00a0  Tambi\u00e8n en contrapartida ser\u00e0 su responsabilidad ante la historia y el  pa\u00ecs de hacer una selecci\u00f3n adecuada escogiendo personas honorables,  calificadas y en aptitud de organizar un proceso electoral eficiente,  confiable, participativo y sin traumas postcomiciales.<\/p>\n<p>&#13;<\/p>\n<p align=\"justify\" class=\"text1noticias\">SIDA.\u00a0 As\u00ec como la lepra lo fue en la antig\u00fcedad, el  SIDA es considerado como la maldici\u00f3n del siglo XX.\u00a0 Una enfermedad transmisible a trav\u00e8s de los  fluidos,semen,saliva,sangre, para la cual no se han descubierto hasta ahora ni  vacuna ni cura.\u00a0 La v\u00ecctima del SIDA es  un condenado en vida a una muerte lenta, ag\u00f3nica y temprana. Lo m\u00e0s que ha  logrado hasta ahora la ciencia farmacol\u00f3gica es a desarrollar una serie de  medicamentos muy costosos que no curan sino alivian los s\u00edntomas del SIDA y  alargan la vida del paciente.\u00a0 La  maldici\u00f3n del SIDA la comparten decenas de millones de personas en el  mundo.\u00a0 En el Caribe, los pa\u00ecses de mayor  incidencia son Hait\u00ec con una prevalencia que va del 5 al 7.5 porciento, o sea  que entre 50 y 75 de cada mil haitianos son portadores del virus, y Rep\u00f9blica  Dominicana donde se estima est\u00e0n afectados 15 de cada mil habitantes  contendencia a aumentar.\u00a0 De acuerdo a  se\u00f1alamientos hechos por el doctor Humberto Salazar, quien preside COOPRESIDA,  entidad que cuenta con el apoyo de organismos internacionales, la mayor  cantidad de enfermos se d\u00e0 en la poblaci\u00f3n de entre 15 y 25 a\u00f1os; es mayor la  cifra de mujeres afectadas que la de hombres y se calcula tenemos entre 80 y 90  mil enfermos muchos de los cuales ignoran padecer la enfermedad, ya cuando \u00e8sta  presenta s\u00edntomas es cuando ya se encuentra en fase de desarrollo.\u00a0 El \u00e9nfasis hay que hacerlo en la prevenci\u00f3n.<\/p>\n<p>&#13;<\/p>\n<p align=\"justify\" class=\"text1noticias\">LEONEL\u2014BUSH.\u00a0 Ma\u00f1ana es el encuentro de Leonel Fern\u00e1ndez y  un George Bush que confronta una grave situaci\u00f2n interna en el plano  pol\u00edtico.\u00a0 <br \/>&#13;<br \/>\n  <br \/>&#13;<br \/>\nA menos de dos semanas de las  elecciones congresionales en que el Partido Republicano corre el riesgo de  perder el control de ambas c\u00e0maras, Bush afronta una grave situaci\u00f2n de  rebeld\u00eda entre los legisladores de su propio partido muchos de los cuales le  reclaman la retirada de Irak mientras hacen esfuerzos por salvar sus esca\u00f1os.  La popularidad del presidente norteamericano ha descendido a los niveles m\u00e0s  bajos de los \u00faltimos cincuenta a\u00f1os.\u00a0 En  carpeta, Leonel Fern\u00e1ndez lleva dos temas fundamentales: la entrada en vigencia  del TLC y una actitud de mayor flexibilidad y ayuda al pais por parte de los  organismos internacionales.\u00a0 Pero es  posible tambi\u00e8n que traten el tema del petr\u00f3leo y le echen una ojeada al  panorama latinoamericano e inclusive haya alg\u00fan intercambio sobre el tranque  producido en la ONU  para seleccionar el miembro del Consejo de Seguridad, puesto que se disputan  Guatemala y Venezuela, y en el que al cabo de 22 rondas de votaci\u00f3n ninguno ha  podido lograr el m\u00ednimo requerido.\u00a0 Lo  que hay es que cruzar los dedos y esperar que el mandatario sea portador de  buenas nuevas a su regreso.<\/p>\n<p>&#13;<\/p>\n<h6> 2006-10-26 12:46:12 <\/h6>\n<p><!--\n<link rel=\"stylesheet\" href=\"css\/bootstrap.min.css\">\n\n\n<ul class=\"pagination\">\n\t    \n\t\n\n<li >\n\t<a href='?page_no=13456'>Previous<\/a>\n\t<\/li>\n\n\n       \n    \n\n<li><a href='?page_no=1'>1<\/a><\/li>\n\n\n\n<li><a href='?page_no=2'>2<\/a><\/li>\n\n\n\n<li><a>...<\/a><\/li>\n\n\n\n<li><a href='?page_no=13455'>13455<\/a><\/li>\n\n\n\n<li><a href='?page_no=13456'>13456<\/a><\/li>\n\n\n\n<li class='active'><a>13457<\/a><\/li>\n\n\n\n<li><a href='?page_no=13458'>13458<\/a><\/li>\n\n\n\n<li><a href='?page_no=13459'>13459<\/a><\/li>\n\n\n\n<li><a>...<\/a><\/li>\n\n\n\n<li><a href='?page_no=13611'>13611<\/a><\/li>\n\n\n\n<li><a href='?page_no=13612'>13612<\/a><\/li>\n\n    \n\t\n\n<li >\n\t<a href='?page_no=13458'>Next<\/a>\n\t<\/li>\n\n\n    \n\n<li><a href='?page_no=13612'>Last &rsaquo;&rsaquo;<\/a><\/li>\n\n<\/ul>\n\n\n--><br \/>\n<\/body><\/p>\n","protected":false},"excerpt":{"rendered":"<p>LOS TEMAS DE TELEDEBATE &#13; \u00a0 &#13; DOS IMPORTANTES APORTES.\u00a0 Hoy en la ma\u00f1ana, atrac\u00f2 en el muelle Don Diego, del puerto de Sans Souci, el primero de cuarenta cruceros que est\u00e0n previstos a hacer escala en Santo Domingo durante la presente temporada, restableciendo as\u00ec un turismo que hab\u00eca quedado suspendido por las precarias condiciones [&hellip;]<\/p>\n","protected":false},"author":3,"featured_media":0,"comment_status":"open","ping_status":"open","sticky":false,"template":"","format":"standard","meta":{"footnotes":""},"categories":[16],"tags":[],"class_list":["post-37722","post","type-post","status-publish","format-standard","hentry","category-opiniones"],"_links":{"self":[{"href":"https:\/\/diariodominicano.com\/index.php?rest_route=\/wp\/v2\/posts\/37722","targetHints":{"allow":["GET"]}}],"collection":[{"href":"https:\/\/diariodominicano.com\/index.php?rest_route=\/wp\/v2\/posts"}],"about":[{"href":"https:\/\/diariodominicano.com\/index.php?rest_route=\/wp\/v2\/types\/post"}],"author":[{"embeddable":true,"href":"https:\/\/diariodominicano.com\/index.php?rest_route=\/wp\/v2\/users\/3"}],"replies":[{"embeddable":true,"href":"https:\/\/diariodominicano.com\/index.php?rest_route=%2Fwp%2Fv2%2Fcomments&post=37722"}],"version-history":[{"count":0,"href":"https:\/\/diariodominicano.com\/index.php?rest_route=\/wp\/v2\/posts\/37722\/revisions"}],"wp:attachment":[{"href":"https:\/\/diariodominicano.com\/index.php?rest_route=%2Fwp%2Fv2%2Fmedia&parent=37722"}],"wp:term":[{"taxonomy":"category","embeddable":true,"href":"https:\/\/diariodominicano.com\/index.php?rest_route=%2Fwp%2Fv2%2Fcategories&post=37722"},{"taxonomy":"post_tag","embeddable":true,"href":"https:\/\/diariodominicano.com\/index.php?rest_route=%2Fwp%2Fv2%2Ftags&post=37722"}],"curies":[{"name":"wp","href":"https:\/\/api.w.org\/{rel}","templated":true}]}}