{"id":377190,"date":"2022-08-19T14:49:54","date_gmt":"2022-08-19T18:49:54","guid":{"rendered":"http:\/\/diariodominicano.com\/?p=377190"},"modified":"2022-08-19T14:49:54","modified_gmt":"2022-08-19T18:49:54","slug":"mide-conmemora-el-159-aniversario-de-la-batalla-de-guayubin","status":"publish","type":"post","link":"https:\/\/diariodominicano.com\/?p=377190","title":{"rendered":"MIDE conmemora el 159 aniversario de la \u00abBatalla de Guayub\u00edn"},"content":{"rendered":"\n<p><strong>GUAYUB\u00cdN, Montecristi.<\/strong>&nbsp;\u2013 El Ministerio de Defensa y la Comisi\u00f3n Permanente de Efem\u00e9rides Patrias rindieron homenaje a los h\u00e9roes de la batalla restauradora celebrada aqu\u00ed en 1863 y que fortaleci\u00f3 la Restauraci\u00f3n de la Rep\u00fablica proclamada dos d\u00edas antes.<\/p>\n\n\n\n<figure class=\"wp-block-image size-full\"><img loading=\"lazy\" decoding=\"async\" width=\"724\" height=\"1024\" src=\"https:\/\/diariodominicano.com\/wp-content\/uploads\/2022\/08\/WhatsApp-Image-2022-08-19-at-10.09.13-AM.jpeg\" alt=\"\" class=\"wp-image-377192\" srcset=\"https:\/\/diariodominicano.com\/wp-content\/uploads\/2022\/08\/WhatsApp-Image-2022-08-19-at-10.09.13-AM.jpeg 724w, https:\/\/diariodominicano.com\/wp-content\/uploads\/2022\/08\/WhatsApp-Image-2022-08-19-at-10.09.13-AM-212x300.jpeg 212w\" sizes=\"auto, (max-width: 724px) 100vw, 724px\" \/><\/figure>\n\n\n\n<p>La actividad, que se desarroll\u00f3 en el parque Gaspar Polanco, de la comunidad permiti\u00f3 resaltar el patriotismo de valientes soldados como el Coronel Jos\u00e9 Antonio Polanco y el Capit\u00e1n Francisco Antonio G\u00f3mez.<\/p>\n\n\n\n<p>El acto inici\u00f3 con el enhestamiento de la Bandera Nacional y la interpretaci\u00f3n del Himno Nacional a cargo de la Banda de M\u00fasica y una compa\u00f1\u00eda del Ej\u00e9rcito de Rep\u00fablica Dominicana. Luego se dio lectura a la orden del d\u00eda y se realizaron los honores militares de estilos a los h\u00e9roes de la Batalla de Guayub\u00edn.<\/p>\n\n\n\n<p>Con esta actividad, las Fuerzas Armadas rinden homenaje de eterna recordaci\u00f3n, respeto y gratitud a la fe, al coraje y valor sin par de los prohombres del Combate de Guayub\u00edn, pueblo de valientes y de esforzados ciudadanos por la paz, la dignidad y el decoro.<\/p>\n\n\n\n<p>\u00a1Gloria Eterna a Santiago Rodr\u00edguez, Benito Monci\u00f3n, Jos\u00e9 Cabrera, Pedro Pimentel, Eugenio Belliard, Segundo Rivas, y a los cientos de patriotas que hicieron posible la Restauraci\u00f3n!<\/p>\n\n\n\n<p>La actividad estuvo encabezada por la honorable Gobernadora Civil de Montecristi, Nelsy Milagros Cruz, el Coronel&nbsp; Rodolfo Reynoso Green,ERD., (DEM),Comandante del Comando Conjunto Norte de las FF. AA, el se\u00f1or Juan Pablo Uribe, Presidente de la Comisi\u00f3n Permanente de Efem\u00e9rides Patrias, quienes se hicieron acompa\u00f1ar del se\u00f1or Samuel Toribio, Alcalde de Guayub\u00edn y miembro del Comit\u00e9 de Efem\u00e9rides Patria y otras autoridades civiles y militares.<\/p>\n\n\n\n<p><strong><em>Departamento de Prensa<\/em><\/strong><\/p>\n\n\n\n<p><em><strong>Direcci\u00f3n de Asuntos Civiles del Estado Mayor Conjunto, J5<\/strong><\/em><\/p>\n\n\n\n<p><em><strong>Ministerio de Defensa de Rep\u00fablica Dominicana<\/strong><\/em><\/p>\n","protected":false},"excerpt":{"rendered":"<p>GUAYUB\u00cdN, Montecristi.&nbsp;\u2013 El Ministerio de Defensa y la Comisi\u00f3n Permanente de Efem\u00e9rides Patrias rindieron homenaje a los h\u00e9roes de la batalla restauradora celebrada aqu\u00ed en 1863 y que fortaleci\u00f3 la Restauraci\u00f3n de la Rep\u00fablica proclamada dos d\u00edas antes. La actividad, que se desarroll\u00f3 en el parque Gaspar Polanco, de la comunidad permiti\u00f3 resaltar el patriotismo [&hellip;]<\/p>\n","protected":false},"author":2,"featured_media":377191,"comment_status":"closed","ping_status":"","sticky":true,"template":"","format":"standard","meta":{"footnotes":""},"categories":[26,27],"tags":[],"class_list":["post-377190","post","type-post","status-publish","format-standard","has-post-thumbnail","hentry","category-efemerides","category-portada"],"_links":{"self":[{"href":"https:\/\/diariodominicano.com\/index.php?rest_route=\/wp\/v2\/posts\/377190","targetHints":{"allow":["GET"]}}],"collection":[{"href":"https:\/\/diariodominicano.com\/index.php?rest_route=\/wp\/v2\/posts"}],"about":[{"href":"https:\/\/diariodominicano.com\/index.php?rest_route=\/wp\/v2\/types\/post"}],"author":[{"embeddable":true,"href":"https:\/\/diariodominicano.com\/index.php?rest_route=\/wp\/v2\/users\/2"}],"replies":[{"embeddable":true,"href":"https:\/\/diariodominicano.com\/index.php?rest_route=%2Fwp%2Fv2%2Fcomments&post=377190"}],"version-history":[{"count":1,"href":"https:\/\/diariodominicano.com\/index.php?rest_route=\/wp\/v2\/posts\/377190\/revisions"}],"predecessor-version":[{"id":377193,"href":"https:\/\/diariodominicano.com\/index.php?rest_route=\/wp\/v2\/posts\/377190\/revisions\/377193"}],"wp:featuredmedia":[{"embeddable":true,"href":"https:\/\/diariodominicano.com\/index.php?rest_route=\/wp\/v2\/media\/377191"}],"wp:attachment":[{"href":"https:\/\/diariodominicano.com\/index.php?rest_route=%2Fwp%2Fv2%2Fmedia&parent=377190"}],"wp:term":[{"taxonomy":"category","embeddable":true,"href":"https:\/\/diariodominicano.com\/index.php?rest_route=%2Fwp%2Fv2%2Fcategories&post=377190"},{"taxonomy":"post_tag","embeddable":true,"href":"https:\/\/diariodominicano.com\/index.php?rest_route=%2Fwp%2Fv2%2Ftags&post=377190"}],"curies":[{"name":"wp","href":"https:\/\/api.w.org\/{rel}","templated":true}]}}