{"id":37719,"date":"2006-10-27T12:50:10","date_gmt":"2006-10-27T12:50:10","guid":{"rendered":"http:\/\/diariodominicano.ddns.net\/?p=37719"},"modified":"2006-10-27T12:50:10","modified_gmt":"2006-10-27T12:50:10","slug":"tejiendose-su-propia-trampa","status":"publish","type":"post","link":"https:\/\/diariodominicano.com\/?p=37719","title":{"rendered":"TEJI\u00cbNDOSE SU PROPIA TRAMPA"},"content":{"rendered":"<p><body><\/p>\n<p class=\"titulogrande1\">TEJI\u00cbNDOSE  SU PROPIA TRAMPA<\/p>\n<p>&#13;<\/p>\n<p class=\"textogrande\">Guillermo  Caram*<\/p>\n<p>&#13;<\/p>\n<p align=\"justify\" class=\"text1noticias\">El  Presidente Fern\u00e1ndez, al empe\u00f1arse en reformar la constituci\u00f3n mediante  Asamblea Revisora y consulta popular, y por el manejo inadecuado a problemas como  el el\u00e9ctrico, est\u00e1 tejiendo su propia trampa en la que caer\u00e1 como v\u00edctima.<br \/>&#13;<br \/>\n  \u00a0<br \/>&#13;<br \/>\n  Se  empe\u00f1a en reformar la constituci\u00f3n cuando la percepci\u00f3n ciudadana apunta hacia  otras prioridades. Pretende llevarla a cabo mediante una Asamblea Revisora  sobre la cual ni su partido tiene el control para aprobarla, en circunstancia  que la oposici\u00f3n ha anticipado su rechazo, y cuando no se sabe hasta que punto  \u00e9l mismo tiene el control de los legisladores de su partido. Y lo est\u00e1  acompa\u00f1ando de un proceso de consulta que tiene todas la de convertirse en una  caja de Pandora que al abrirse desborde reclamos populares dif\u00edcilmente conciliables.<\/p>\n<p>&#13;<\/p>\n<p align=\"justify\" class=\"text1noticias\">Y  al solucionar problemas nacionales, su gobierno acrecienta cada d\u00eda m\u00e1s los  traspi\u00e9s, siendo el caso de la energ\u00eda el ejemplo m\u00e1s representativo. Cuando se  esperaba que por fin los contratos fueran revisados para que las empresas se  sometieran a la Ley  de Electricidad, despu\u00e9s de anunciarse muchas veces, comienzan a escucharse  voces oficiales que postulan modificar la ley para que los contratos dejen de  ser ilegales; al igual que voces interesadas que condicionan esta revisi\u00f3n al  pago de una supuesta deuda originada en energ\u00eda comprada a sobreprecio, al  margen de la ley.<\/p>\n<p>&#13;<\/p>\n<p align=\"justify\" class=\"text1noticias\">El  gobierno no se da cuenta que est\u00e1 cayendo en el s\u00edndrome del triunfo post  electoral que se manifiesta en su descomposici\u00f3n luego de recibir apoyo en los comicios  congresionales de medio t\u00e9rmino; s\u00edndrome que cobr\u00f3\u00a0 como v\u00edctima al PLD en el 2000 y a Hip\u00f3lito  Mej\u00eda en el 2004.<\/p>\n<p>&#13;<\/p>\n<p align=\"justify\" class=\"text1noticias\">Para  los reformistas, \u00e9ste s\u00edndrome y esa trampa, le imponen la obligaci\u00f3n de buscar  su recomposici\u00f3n para convertirse en opci\u00f3n de poder en el 2008. M\u00e1s a\u00fan al ser  parte de los traspi\u00e9s dados por el gobierno la afectaci\u00f3n de un patrimonio aportado, y celosamente conservado, por\u00a0 los gobiernos del PRSC y Balaguer: las presas  cuya energ\u00eda producida pretende ser negociada.<\/p>\n<p>&#13;<\/p>\n<p align=\"justify\" class=\"text1noticias\">Para  ello es imprescindible que los dos dirigentes que quedan elegidos\u00a0 directamente en el PRSC, de los cinco  originalmente votados, asuman como obligaci\u00f3n frente a la naci\u00f3n, el procurar  la reunificaci\u00f3n de la familia reformista; dejando que las ilusiones  presidenciales que muchos se forjan, siga siendo alimentada por\u00a0 protagonistas de esas caricaturas.<\/p>\n<p>&#13;<\/p>\n<p align=\"justify\" class=\"text1noticias\">*Guillermo Caram es pol\u00edtico<\/p>\n<p>&#13;<\/p>\n<h6> 2006-10-27 12:50:10 <\/h6>\n<p><!--\n<link rel=\"stylesheet\" href=\"css\/bootstrap.min.css\">\n\n\n<ul class=\"pagination\">\n\t    \n\t\n\n<li >\n\t<a href='?page_no=13453'>Previous<\/a>\n\t<\/li>\n\n\n       \n    \n\n<li><a href='?page_no=1'>1<\/a><\/li>\n\n\n\n<li><a href='?page_no=2'>2<\/a><\/li>\n\n\n\n<li><a>...<\/a><\/li>\n\n\n\n<li><a href='?page_no=13452'>13452<\/a><\/li>\n\n\n\n<li><a href='?page_no=13453'>13453<\/a><\/li>\n\n\n\n<li class='active'><a>13454<\/a><\/li>\n\n\n\n<li><a href='?page_no=13455'>13455<\/a><\/li>\n\n\n\n<li><a href='?page_no=13456'>13456<\/a><\/li>\n\n\n\n<li><a>...<\/a><\/li>\n\n\n\n<li><a href='?page_no=13611'>13611<\/a><\/li>\n\n\n\n<li><a href='?page_no=13612'>13612<\/a><\/li>\n\n    \n\t\n\n<li >\n\t<a href='?page_no=13455'>Next<\/a>\n\t<\/li>\n\n\n    \n\n<li><a href='?page_no=13612'>Last &rsaquo;&rsaquo;<\/a><\/li>\n\n<\/ul>\n\n\n--><br \/>\n<\/body><\/p>\n","protected":false},"excerpt":{"rendered":"<p>TEJI\u00cbNDOSE SU PROPIA TRAMPA &#13; Guillermo Caram* &#13; El Presidente Fern\u00e1ndez, al empe\u00f1arse en reformar la constituci\u00f3n mediante Asamblea Revisora y consulta popular, y por el manejo inadecuado a problemas como el el\u00e9ctrico, est\u00e1 tejiendo su propia trampa en la que caer\u00e1 como v\u00edctima.&#13; \u00a0&#13; Se empe\u00f1a en reformar la constituci\u00f3n cuando la percepci\u00f3n ciudadana [&hellip;]<\/p>\n","protected":false},"author":3,"featured_media":0,"comment_status":"open","ping_status":"open","sticky":false,"template":"","format":"standard","meta":{"footnotes":""},"categories":[16],"tags":[],"class_list":["post-37719","post","type-post","status-publish","format-standard","hentry","category-opiniones"],"_links":{"self":[{"href":"https:\/\/diariodominicano.com\/index.php?rest_route=\/wp\/v2\/posts\/37719","targetHints":{"allow":["GET"]}}],"collection":[{"href":"https:\/\/diariodominicano.com\/index.php?rest_route=\/wp\/v2\/posts"}],"about":[{"href":"https:\/\/diariodominicano.com\/index.php?rest_route=\/wp\/v2\/types\/post"}],"author":[{"embeddable":true,"href":"https:\/\/diariodominicano.com\/index.php?rest_route=\/wp\/v2\/users\/3"}],"replies":[{"embeddable":true,"href":"https:\/\/diariodominicano.com\/index.php?rest_route=%2Fwp%2Fv2%2Fcomments&post=37719"}],"version-history":[{"count":0,"href":"https:\/\/diariodominicano.com\/index.php?rest_route=\/wp\/v2\/posts\/37719\/revisions"}],"wp:attachment":[{"href":"https:\/\/diariodominicano.com\/index.php?rest_route=%2Fwp%2Fv2%2Fmedia&parent=37719"}],"wp:term":[{"taxonomy":"category","embeddable":true,"href":"https:\/\/diariodominicano.com\/index.php?rest_route=%2Fwp%2Fv2%2Fcategories&post=37719"},{"taxonomy":"post_tag","embeddable":true,"href":"https:\/\/diariodominicano.com\/index.php?rest_route=%2Fwp%2Fv2%2Ftags&post=37719"}],"curies":[{"name":"wp","href":"https:\/\/api.w.org\/{rel}","templated":true}]}}