{"id":37711,"date":"2006-11-01T12:57:31","date_gmt":"2006-11-01T12:57:31","guid":{"rendered":"http:\/\/diariodominicano.ddns.net\/?p=37711"},"modified":"2006-11-01T12:57:31","modified_gmt":"2006-11-01T12:57:31","slug":"las-principales-en-teledebate-161","status":"publish","type":"post","link":"https:\/\/diariodominicano.com\/?p=37711","title":{"rendered":"LAS PRINCIPALES EN TELEDEBATE"},"content":{"rendered":"<p><body><\/p>\n<p align=\"center\"><span class=\"titulogrande1\">LAS PRINCIPALES EN TELEDEBATE<\/span><br \/>&#13;<br \/>\n  <br \/>&#13;<br \/>\n    <span class=\"textogrande\">Lunes  30,10,06<\/span><\/p>\n<p>&#13;<\/p>\n<p align=\"justify\" class=\"text1noticias\">UN AVERAGE PERFECTO. Los due\u00f1os de farmacias est\u00e0n dados  al pecado con motivo del proyecto de ley presentado por el diputado perrede\u00ecsta  Neney Cabrera que plantea reducir la actual distancia de separaci\u00f3n de esos  establecimientos de 500 a  solo 250 metros.\u00a0 La propuesta ha tenido la virtud, negativa  por supuesto, de provocar el rechazo de todos los involucrados en el sector de  la salud.\u00a0 Un average perfecto.<\/p>\n<p>&#13;<\/p>\n<p align=\"justify\" class=\"text1noticias\">PROMESE DEBE ACLARAR. Pero lo  m\u00e0s preocupante es la denuncia de la asociaci\u00f3n que agrupa a los propietarios  de farmacias de que las boticas populares a m\u00e0s de representarles una  competencia desleal, est\u00e0n expendiendo al p\u00f9blico medicamentos ilegales, es  decir sin el correspondiente registro sanitario. PROMESE, a cuyo cargo corre la  instalaci\u00f3n de las boticas, debiera aclarar r\u00e1pidamente esta especie, habida  cuenta de la proliferaci\u00f3n de f\u00e1rmacos falsificados en el pa\u00ecs.<\/p>\n<p>&#13;<\/p>\n<p align=\"justify\" class=\"text1noticias\">MEDIO SIGLO DE SERVICIOS AL  PAIS.\u00a0 Radio Santa Mar\u00eca ha arribado a su  50 aniversario.\u00a0 La ocasi\u00f3n viene al dedo  para destacar la notable labor educativa y social que ha llevado a cabo la  emisora cat\u00f3lica en la vasta regi\u00f2n del Cibao en este medio siglo de  existencia.\u00a0 Baste se\u00f1alar que en ese  tiempo, m\u00e0s de noventa mil dominicanos de escasos recursos y tiempo disponible  han podido alcanzar el octavo curso.\u00a0 Y  \u00e8ste es solo uno de los tantos aportes de Radio Santa Mar\u00eca al desarrollo  educativo del pa\u00ecs.<\/p>\n<p>&#13;<\/p>\n<p align=\"justify\" class=\"text1noticias\">UASD\/POLICIA NACIONAL, QUE  CREZCA Y DURE.\u00a0 Estimulante la marcha de  amistad que llevaron a cabo representativos de la UASD encabezados por su  rector Roberto Reyna y la   Polic\u00eca Nacional con su Jefe el mayor general Santana P\u00e0ez al  frente.\u00a0\u00a0 Un ayer todav\u00eca no tan lejano  que es de esperar no tenga r\u00e8plica en el futuro,\u00a0 donde la violencia entre ambos era como el  pan nuestro de cada d\u00eca, hoy se ha convertido en una relaci\u00f2n armoniosa, tal  como debe ser.\u00a0 Esperemos que crezca y  dure.<\/p>\n<p>&#13;<\/p>\n<p align=\"justify\" class=\"text1noticias\">SALUD PUBLICA: UNA BUENA  MEDIDA. Si antes criticamos duramente la falta de previsi\u00f3n de las autoridades  sanitarias frente a la epidemia del dengue que nos hubiese ahorrado quebrantos,  pacientes y muertes, hoy saludamos la positiva decisi\u00f2n de desplegar una  campa\u00f1a nacional de vacunaci\u00f2n contra la rub\u00e9ola.\u00a0 La misma beneficiar\u00e0 a cinco millones de  personas de entre 7 y 39 a\u00f1os. As\u00ec, con programas de prevenci\u00f2n es que debe  protegerse la salud de la gente. <\/p>\n<p>&#13;<\/p>\n<p align=\"justify\" class=\"text1noticias\">EL PAIS ESPERA LA PALABRA DEL  PRESIDENTE.\u00a0 La ciudadan\u00eca est\u00e0 esperando  con gran expectaci\u00f3n que el Presidente Leonel Fern\u00e1ndez se dirija al pa\u00ecs para  imponerle del alcance y previsibles efectos de la Reforma o Rectificaci\u00f3n  Fiscal, como prefiera llam\u00e1rsele.\u00a0 La  verdad es que el anuncio, a pocas semanas de la Navidad, ha ca\u00ecdo como un  jarro de agua helada.\u00a0 Toca al mandatario  despejar las inc\u00f3gnitas y dejar bien en claro en qu\u00e8 pie quedaremos parados.<\/p>\n<p>&#13;<\/p>\n<p align=\"justify\" class=\"text1noticias\">UNA COMBINACI\u00d3N EXPLOSIVA. Los  apagones siguen haciendo de las suyas. El pa\u00ecs est\u00e0 en gran medida y amplio  horario pr\u00e1cticamente a oscuras, tanto como el \u00e0nimo de quienes tienen que  sufrir los efectos de las prolongadas interrupciones del servicio energ\u00e9tico  sazonadas con la llegada de unas facturas cada vez m\u00e0s abultadas. Una  combinaci\u00f3n explosiva.\u00a0 Aliviar esta  situaci\u00f2n en lo inmediato constituye una tarea prioritaria para el gobierno.  Porque de que la gente est\u00e0 al grito, lo est\u00e0.<\/p>\n<p>&#13;<\/p>\n<p align=\"justify\" class=\"text1noticias\">ENERGIA PERDIDA.\u00a0 Mientras tanto, cifras reiteradas hasta el  cansancio, nos repiten machaconamente, una y otra vez, que las distribuidoras  pierden entre la que se esfuma por las p\u00e9simas condiciones de las l\u00edneas de transmisi\u00f3n  y la que dejan de cobrar hasta el 44.5 porciento de la energ\u00eda que adquieren de  las generadoras.\u00a0 Y eso que la diferencia  en el precio a que compran y el que facturan a los usuarios es de 10 centavos  de d\u00f2lar por kilo, el doble del m\u00e1ximo establecido en los est\u00e1ndares internacionales,  seg\u00f9n el bien informado Esteban Delgado, en Diario Libre.<\/p>\n<p>&#13;<\/p>\n<p align=\"justify\" class=\"text1noticias\">JUZGADOS DE PAZ QUE NO  FUNCIONAN.\u00a0 Bien que el Senado y la C\u00e0mara hayan rechazado la  solicitud de crear nuevos juzgados de paz, despu\u00e8s que un estudio de la Suprema Corte de  Justicia establece que casi los dos tercios de los 164 que ya existen en todo  el pa\u00ecs conocen apenas un promedio de menos de diez casos por mes. El costo  promedio de cada juzgado de paz es estratosf\u00e8rico: m\u00e0s de 2 millones 664 mil  pesos por juzgado. Multiplique por 164 y comprobar\u00e0 cu\u00e0ntas escuelas pudieran  construirse con esos cuartos.<\/p>\n<p>&#13;<\/p>\n<p align=\"justify\" class=\"text1noticias\">EXCELENTE CREATIVIDAD&#8230;PARA  LAS FECHOR\u00cdAS. \u00bfQu\u00e9 las exportaciones no tradicionales no est\u00e0n  increment\u00e1ndose?\u00a0 Falso de toda falsedad.  Cada d\u00eca surgen nuevas ideas para aumentar las mismas.\u00a0 A la exportaci\u00f3n al granel de mujeres para  ejercer la prostituci\u00f3n, la venta, robo y tr\u00e0fico de menores, la venta de  pasaportes oficiales a falsos regidores o la de las visas falsas a Espa\u00f1a, se  agrega ahora la exportaci\u00f3n de cobre fundido. La materia prima la aportan las  empresas el\u00e9ctricas con los cables que se roban quienes se inventaron este  nuevo jugoso negocio. \u00a1Cu\u00e0nta creatividad!<\/p>\n<p>&#13;<\/p>\n<p align=\"justify\" class=\"text1noticias\">D: Un crimen para engrosar el  libro de r\u00e8cord Guinnes en materia de horrores.\u00a0  Cuatro hermanos acaban de ser condenados a 30 a\u00f1os de prisi\u00f3n cada uno  por haber asesinado y descuartizado a un menor haitiano de 14 a\u00f1os por haberlos  denunciado como cuatreros, lo que en verdad eran. La crueldad lleg\u00f2 al extremo  de quitarle la lengua y los genitales.\u00a0  Ya 15 a\u00f1os atr\u00e0s hab\u00ecan sido sometidos por el presunto asesinado de un  ex oficial militar padre del periodista Guillermo Cuevas.\u00a0 El castigo que en realidad merecen estos  b\u00e1rbaros lo dejamos a criterio de cada quien.\u00a0  Recuerdan un libro que escribi\u00f2 el genial franc\u00e8s Emilio Zola, \u201cBestias  que fueron hombres\u201d.<\/p>\n<p>&#13;<\/p>\n<h6> 2006-11-01 12:57:31 <\/h6>\n<p><!--\n<link rel=\"stylesheet\" href=\"css\/bootstrap.min.css\">\n\n\n<ul class=\"pagination\">\n\t    \n\t\n\n<li >\n\t<a href='?page_no=13446'>Previous<\/a>\n\t<\/li>\n\n\n       \n    \n\n<li><a href='?page_no=1'>1<\/a><\/li>\n\n\n\n<li><a href='?page_no=2'>2<\/a><\/li>\n\n\n\n<li><a>...<\/a><\/li>\n\n\n\n<li><a href='?page_no=13445'>13445<\/a><\/li>\n\n\n\n<li><a href='?page_no=13446'>13446<\/a><\/li>\n\n\n\n<li class='active'><a>13447<\/a><\/li>\n\n\n\n<li><a href='?page_no=13448'>13448<\/a><\/li>\n\n\n\n<li><a href='?page_no=13449'>13449<\/a><\/li>\n\n\n\n<li><a>...<\/a><\/li>\n\n\n\n<li><a href='?page_no=13611'>13611<\/a><\/li>\n\n\n\n<li><a href='?page_no=13612'>13612<\/a><\/li>\n\n    \n\t\n\n<li >\n\t<a href='?page_no=13448'>Next<\/a>\n\t<\/li>\n\n\n    \n\n<li><a href='?page_no=13612'>Last &rsaquo;&rsaquo;<\/a><\/li>\n\n<\/ul>\n\n\n--><br \/>\n<\/body><\/p>\n","protected":false},"excerpt":{"rendered":"<p>LAS PRINCIPALES EN TELEDEBATE&#13; &#13; Lunes 30,10,06 &#13; UN AVERAGE PERFECTO. Los due\u00f1os de farmacias est\u00e0n dados al pecado con motivo del proyecto de ley presentado por el diputado perrede\u00ecsta Neney Cabrera que plantea reducir la actual distancia de separaci\u00f3n de esos establecimientos de 500 a solo 250 metros.\u00a0 La propuesta ha tenido la virtud, [&hellip;]<\/p>\n","protected":false},"author":3,"featured_media":0,"comment_status":"open","ping_status":"open","sticky":false,"template":"","format":"standard","meta":{"footnotes":""},"categories":[16],"tags":[],"class_list":["post-37711","post","type-post","status-publish","format-standard","hentry","category-opiniones"],"_links":{"self":[{"href":"https:\/\/diariodominicano.com\/index.php?rest_route=\/wp\/v2\/posts\/37711","targetHints":{"allow":["GET"]}}],"collection":[{"href":"https:\/\/diariodominicano.com\/index.php?rest_route=\/wp\/v2\/posts"}],"about":[{"href":"https:\/\/diariodominicano.com\/index.php?rest_route=\/wp\/v2\/types\/post"}],"author":[{"embeddable":true,"href":"https:\/\/diariodominicano.com\/index.php?rest_route=\/wp\/v2\/users\/3"}],"replies":[{"embeddable":true,"href":"https:\/\/diariodominicano.com\/index.php?rest_route=%2Fwp%2Fv2%2Fcomments&post=37711"}],"version-history":[{"count":0,"href":"https:\/\/diariodominicano.com\/index.php?rest_route=\/wp\/v2\/posts\/37711\/revisions"}],"wp:attachment":[{"href":"https:\/\/diariodominicano.com\/index.php?rest_route=%2Fwp%2Fv2%2Fmedia&parent=37711"}],"wp:term":[{"taxonomy":"category","embeddable":true,"href":"https:\/\/diariodominicano.com\/index.php?rest_route=%2Fwp%2Fv2%2Fcategories&post=37711"},{"taxonomy":"post_tag","embeddable":true,"href":"https:\/\/diariodominicano.com\/index.php?rest_route=%2Fwp%2Fv2%2Ftags&post=37711"}],"curies":[{"name":"wp","href":"https:\/\/api.w.org\/{rel}","templated":true}]}}