{"id":37709,"date":"2006-11-01T13:03:07","date_gmt":"2006-11-01T13:03:07","guid":{"rendered":"http:\/\/diariodominicano.ddns.net\/?p=37709"},"modified":"2006-11-01T13:03:07","modified_gmt":"2006-11-01T13:03:07","slug":"el-tiro-rapido-475","status":"publish","type":"post","link":"https:\/\/diariodominicano.com\/?p=37709","title":{"rendered":"EL TIRO RAPIDO"},"content":{"rendered":"<p><body><\/p>\n<p align=\"center\"><span class=\"titulogrande1\">EL TIRO RAPIDO<\/span><br \/>&#13;<br \/>\n  <br \/>&#13;<br \/>\n    <span class=\"textogrande\">de<br \/>&#13;<br \/>\n  Mario  Rivadulla<\/span><\/p>\n<p>&#13;<\/p>\n<p align=\"justify\" class=\"text1noticias\">El Presidente Leonel Fern\u00e1ndez regres\u00f2 de su viaje a los  Estados Unidos este fin de semana. Lo hizo un d\u00eca despu\u00e8s de lo originalmente  previsto y dos horas antes de lo que se hab\u00eca anunciado.<\/p>\n<p>&#13;<\/p>\n<p align=\"justify\" class=\"text1noticias\">Al regresar encuentra un pa\u00ecs  semiapagado.\u00a0 Pero sobre todo, una  ciudadan\u00eca profundamente preocupada con el anuncio hecho desde Washington, y  que encontr\u00f2 caja de resonancia aqu\u00ec, durante la intervenci\u00f3n de Rafael Camilo  en el influyente escenario de la C\u00e0mara Americana de Comercio,\u00a0 del env\u00eco de un nuevo proyecto impositivo al  Congreso con la finalidad de oxigenar las deca\u00eddas finanzas estatales y asumir  los cuantiosos compromisos que les depara el pr\u00f3ximo a\u00f1o.<\/p>\n<p>&#13;<\/p>\n<p align=\"justify\" class=\"text1noticias\">Los argumentos esgrimidos  entremezclan pasado y presente: desde la deuda dejada por la anterior  administraci\u00f3n fruto de una errada pol\u00edtica de endeudamiento externo asi como  la crisis bancaria y el mal manejo de la misma que magnific\u00f2 sus perniciosos  efectos, hasta la pr\u00f3xima entrada en vigencia del Tratado de Libre Comercio, la  eliminaci\u00f3n cambiaria y de la factura consular, el desmonte arancelario, el  disparo de los precios del petr\u00f3leo y dem\u00e0s combustibles, los cuantiosos  subsidios a la electricidad y al gas y la ca\u00ecda de los ingresos fiscales.<\/p>\n<p>&#13;<\/p>\n<p align=\"justify\" class=\"text1noticias\">Ll\u00e0mese reforma, rectificaci\u00f3n  o reajuste, la cuesti\u00f3n no reside en la sem\u00e1ntica.\u00a0 Tampoco lo son las causas enarboladas para  justificarlo, v\u00e0lidas en gran medida.<\/p>\n<p>&#13;<\/p>\n<p align=\"justify\" class=\"text1noticias\">Lo que realmente cuenta es que  cualquiera que sea la expresi\u00f2n que se utilice para identificar el proyecto y  las razones que puedan asistirlo,\u00a0 la  gran mayor\u00eca de la gente y de los distintos sectores, desde el empresariado  hasta la jerarqu\u00eda eclesi\u00e1stica,\u00a0 lo  conjugan en el mismo modo y tiempo: como nuevas cargas tributarias y mayores  limitaciones en la ya reducida calidad de vida tanto de la desfalleciente clase  media como los menos pudientes a los que ya no les queda cabo de soga del que  sostenerse.<\/p>\n<p>&#13;<\/p>\n<p align=\"justify\" class=\"text1noticias\">Es el costo social y el costo  pol\u00edtico.\u00a0 Lo hemos advertido aqu\u00ec en  diferentes ocasiones.\u00a0 Lo expres\u00f2 tambi\u00e8n  de manera brillante y categ\u00f3rica el peri\u00f3dico Hoy en su nota editorial del  pasado s\u00e1bado.<\/p>\n<p>&#13;<\/p>\n<p align=\"justify\" class=\"text1noticias\">La responsabilidad no es del  Fondo.\u00a0 Al Fondo se acude cuando se est\u00e0  a punto de asfixia.\u00a0 Y el Fondo responde  con f\u00f2rmulas exclusivamente t\u00e9cnicas, recetas basadas en la fr\u00eca l\u00f3gica de los  n\u00fameros, sin tomar en cuenta, porque no es \u00e8se su papel, las consecuencias que  pueda acarrear su aplicaci\u00f3n. Esta es nuestra responsabilidad.\u00a0 El papel que le corresponde jugar al  gobierno. La evaluaci\u00f3n de los previsibles efectos\u00a0 que conlleve la ejecuci\u00f2n de las medidas  recomendadas.\u00a0 <\/p>\n<p>&#13;<\/p>\n<p align=\"justify\" class=\"text1noticias\">La ciudadan\u00eca repetimos, est\u00e0  expectante.\u00a0 Tres reformas, reajustes,  rectificaciones fiscales como quiera llam\u00e1rsele, y en camino hacia una cuarta  en menos de cinco a\u00f1os, resultan abrumadoras.\u00a0  La de ahora sobre todo, requiere de explicaciones orientadoras y  convincentes, cautelosas y sabias. Unas explicaciones que solo puede ofrecer  quien por mandato constitucional, desempe\u00f1a el liderazgo de la naci\u00f2n.<\/p>\n<p>&#13;<\/p>\n<p align=\"justify\" class=\"text1noticias\">El Presidente Leonel Fern\u00e1ndez  debe dirigirse al pa\u00ecs muy en breve.\u00a0  Sobre este tema y sobre el de la\u00a0  insostenible crisis el\u00e9ctrica.\u00a0 El  primero por la preocupaci\u00f2n que ha despertado su simple anuncio\u00a0 y el segundo por la irritaci\u00f3n y los  perjuicios que genera.<\/p>\n<p>&#13;<\/p>\n<p align=\"justify\" class=\"text1noticias\">Y al hacerlo, insistimos, debe  acompa\u00f1ar la palabra con el compromiso firme de que cualquier nuevo sacrificio  que se le imponga a la naci\u00f2n contar\u00e0 en primera fila, con el ejemplo de  austeridad y uso racional de los recursos por parte de su gobierno.\u00a0 Porque solo as\u00ec tendr\u00e0 fuerza moral para  reclamarlo de los dem\u00e0s.<\/p>\n<p>&#13;<\/p>\n<h6> 2006-11-01 13:03:07 <\/h6>\n<p><!--\n<link rel=\"stylesheet\" href=\"css\/bootstrap.min.css\">\n\n\n<ul class=\"pagination\">\n\t    \n\t\n\n<li >\n\t<a href='?page_no=13444'>Previous<\/a>\n\t<\/li>\n\n\n       \n    \n\n<li><a href='?page_no=1'>1<\/a><\/li>\n\n\n\n<li><a href='?page_no=2'>2<\/a><\/li>\n\n\n\n<li><a>...<\/a><\/li>\n\n\n\n<li><a href='?page_no=13443'>13443<\/a><\/li>\n\n\n\n<li><a href='?page_no=13444'>13444<\/a><\/li>\n\n\n\n<li class='active'><a>13445<\/a><\/li>\n\n\n\n<li><a href='?page_no=13446'>13446<\/a><\/li>\n\n\n\n<li><a href='?page_no=13447'>13447<\/a><\/li>\n\n\n\n<li><a>...<\/a><\/li>\n\n\n\n<li><a href='?page_no=13611'>13611<\/a><\/li>\n\n\n\n<li><a href='?page_no=13612'>13612<\/a><\/li>\n\n    \n\t\n\n<li >\n\t<a href='?page_no=13446'>Next<\/a>\n\t<\/li>\n\n\n    \n\n<li><a href='?page_no=13612'>Last &rsaquo;&rsaquo;<\/a><\/li>\n\n<\/ul>\n\n\n--><br \/>\n<\/body><\/p>\n","protected":false},"excerpt":{"rendered":"<p>EL TIRO RAPIDO&#13; &#13; de&#13; Mario Rivadulla &#13; El Presidente Leonel Fern\u00e1ndez regres\u00f2 de su viaje a los Estados Unidos este fin de semana. Lo hizo un d\u00eca despu\u00e8s de lo originalmente previsto y dos horas antes de lo que se hab\u00eca anunciado. &#13; Al regresar encuentra un pa\u00ecs semiapagado.\u00a0 Pero sobre todo, una ciudadan\u00eca [&hellip;]<\/p>\n","protected":false},"author":3,"featured_media":0,"comment_status":"open","ping_status":"open","sticky":false,"template":"","format":"standard","meta":{"footnotes":""},"categories":[16],"tags":[],"class_list":["post-37709","post","type-post","status-publish","format-standard","hentry","category-opiniones"],"_links":{"self":[{"href":"https:\/\/diariodominicano.com\/index.php?rest_route=\/wp\/v2\/posts\/37709","targetHints":{"allow":["GET"]}}],"collection":[{"href":"https:\/\/diariodominicano.com\/index.php?rest_route=\/wp\/v2\/posts"}],"about":[{"href":"https:\/\/diariodominicano.com\/index.php?rest_route=\/wp\/v2\/types\/post"}],"author":[{"embeddable":true,"href":"https:\/\/diariodominicano.com\/index.php?rest_route=\/wp\/v2\/users\/3"}],"replies":[{"embeddable":true,"href":"https:\/\/diariodominicano.com\/index.php?rest_route=%2Fwp%2Fv2%2Fcomments&post=37709"}],"version-history":[{"count":0,"href":"https:\/\/diariodominicano.com\/index.php?rest_route=\/wp\/v2\/posts\/37709\/revisions"}],"wp:attachment":[{"href":"https:\/\/diariodominicano.com\/index.php?rest_route=%2Fwp%2Fv2%2Fmedia&parent=37709"}],"wp:term":[{"taxonomy":"category","embeddable":true,"href":"https:\/\/diariodominicano.com\/index.php?rest_route=%2Fwp%2Fv2%2Fcategories&post=37709"},{"taxonomy":"post_tag","embeddable":true,"href":"https:\/\/diariodominicano.com\/index.php?rest_route=%2Fwp%2Fv2%2Ftags&post=37709"}],"curies":[{"name":"wp","href":"https:\/\/api.w.org\/{rel}","templated":true}]}}