{"id":37706,"date":"2006-11-03T12:13:28","date_gmt":"2006-11-03T12:13:28","guid":{"rendered":"http:\/\/diariodominicano.ddns.net\/?p=37706"},"modified":"2006-11-03T12:13:28","modified_gmt":"2006-11-03T12:13:28","slug":"invitado-en-teledebate-12","status":"publish","type":"post","link":"https:\/\/diariodominicano.com\/?p=37706","title":{"rendered":"INVITADO EN TELEDEBATE"},"content":{"rendered":"<p><body><\/p>\n<p align=\"center\" class=\"titulogrande1\">INVITADO EN TELEDEBATE<\/p>\n<p>&#13;<\/p>\n<p align=\"justify\" class=\"text1noticias\">Reelecto para un nuevo  per\u00ecodo congresional y el segundo candidato a senador m\u00e0s votado en las pasadas  elecciones, Mario Torres es un verdadero l\u00edder en su provincia fronteriza de  Dajab\u00f2n donde obtuvo casi un 55 porciento de los sufragios. Reconocido como un  legislador muy laborioso y combativo, Torres se ha carecterizado al mismo  tiempo por expresar opiniones y asumir posiciones muy sensatas en todo momento.<\/p>\n<p>&#13;<\/p>\n<p align=\"justify\" class=\"text1noticias\">Se identifica como director de la campa\u00f1a pol\u00edtica de  Miguel Vargas Maldonado. \u201cSoy m\u00e0s amigo de do\u00f1a Milagros y otros dirigentes de la Corriente Unitaria  que de Vargas Maldonado.\u00a0 Pero mi  decisi\u00f2n de apoyar su candidatura y dirigir su campa\u00f1a obedece a  consideraciones estrictamente pol\u00edticas. Creo que es el candidato con mayor  posibilidades para enfrentar ya sea a Leonel Fern\u00e1ndez, ya a Danilo Medina o  cualquier otro que presente el gobierno en el 2008\u201d.<\/p>\n<p>&#13;<\/p>\n<p align=\"justify\" class=\"text1noticias\">\u201cEl pa\u00ecs necesita de una buena gerencia.\u00a0 Vargas Maldonado ha mostrado sus condiciones  en este sentido en las diferentes posiciones que ha ocupado.\u00a0 Recu\u00e9rdese que durante su accionar al frente  de la Secretar\u00eca  de Obras P\u00f9blicas se gan\u00f2 en la prensa el calificativo de \u201cMicky, el que  resuelve\u201d. El ha sido un hombre exitoso tanto en el ejercicio privado de su  profesi\u00f3n como en su desempe\u00f1o p\u00f9blico. Sus obras est\u00e0n ah\u00ec y evidencian su  gran capacidad de trabajo\u201d, afirma convencido.<\/p>\n<p>&#13;<\/p>\n<p align=\"justify\" class=\"text1noticias\">No considera que sea v\u00e0lido por parte de quienes en el  seno del PRD adversan la precandidatura de Vargas Maldonado usar el argumento  de que \u00e8ste est\u00e0 apoyado por el PPH.\u00a0 \u201cA  fin de cuentas pepechachistas fuimos todos durante la pasada  administraci\u00f3n.\u00a0 Do\u00f1a Milagros fue  Vicepresidenta y Secretaria de Educaci\u00f3n; Fello Suberv\u00ec, Secretario de Turismo  y candidato vicepresidencial en el proyecto reeleccionista de Hip\u00f3lito Mej\u00eca y  as\u00ec pr\u00e1cticamente los dem\u00e0s salvo muy contadas excepciones\u201d, advierte  Torres.\u00a0 Y agrega \u201cTodos los que en una u  otra forma fuimos parte de ese gobierno somos en alguna medida corresponsables  de sus actuaciones. Hip\u00f3lito naveg\u00f2 con mala suerte. Lo perjudic\u00f2 la crisis que  debi\u00f3 enfrentar en el orden econ\u00f2mico. En otras condiciones, posiblemente  hubiese salido con otra imagen. Aparte de ello cometimos errores y el  electorado nos pas\u00f2 la cuenta en las elecciones\u201d.<\/p>\n<p>&#13;<\/p>\n<p align=\"justify\" class=\"text1noticias\">Sin embargo, reconoce que el ex Presidente contin\u00f9a  siendo un factor de gran incidencia a lo interno del partido.\u00a0 \u201cTodo el que pasa por el gobierno, en alguna  medida conserva una cuota de poder y liderazgo.\u00a0  Hip\u00f3lito tiene al presente una mala imagen hacia lo exterior.\u00a0 Pero dentro del PRD conserva mucha fuerza y  es importante lograr su apoyo\u201d.\u00a0 Toma  como ejemplo el caso de Alan Garc\u00eca para ofrecer al ex presidente oportunidades  futuras de recomponer su liderazgo pol\u00edtico.\u00a0  \u201cTodos recuerdan como sali\u00f2 Alan Garc\u00eca de la presidencia a\u00f1os  atr\u00e0s.\u00a0 Y todos ahora tiene a la vista la  forma en que el pueblo se manifest\u00f2 a su favor en estas elecciones y \u00e8l lo est\u00e0  haciendo muy bien.\u00a0 Nada quita que con  Hip\u00f3lito pueda ocurrir lo mismo en un momento determinado\u201d.\u00a0 <\/p>\n<p>&#13;<\/p>\n<p align=\"justify\" class=\"text1noticias\">Torres lamenta las expresiones utilizadas por Milagros  Ortiz Bosch en contra de Vargas Maldonado durante el acto oficial de su  proclamaci\u00f3n como precandidata presidencial del PRD.\u00a0 \u201cTengo un profundo afecto y respeto por do\u00f1a  Milagros. Creo que es un valor hist\u00f2rico del PRD de gran significaci\u00f3n.\u00a0 Por eso me apena que haya descendido al plano  de identificarse con expresiones que buscar desmeritar la moral de Vargas  Maldonado al decir que ella no tiene relaci\u00f2n con inversionistas extranjeros.\u00a0 Aunque no lo mencion\u00f2 fue un retrato hablado.  Apelar a ese tipo de campa\u00f1a no es propio de una mujer y dirigente de su  historial e importancia\u201d.\u00a0 A\u00f1ade \u201cDesde  aqu\u00ec exhorto a todos los dirigentes del PRD a cumplir el pacto de caballeros de  no atacarnos p\u00fablicamente.\u00a0 \u00bfQu\u00e8 ejemplo  podemos darle al pa\u00ecs de que estamos en capacidad de solucionar los problemas  que lo aquejan si no nos respetamos entre nosotros mismos?<\/p>\n<p>&#13;<\/p>\n<p align=\"justify\" class=\"text1noticias\">A su juicio, el gobierno no puede seguir esgrimiendo el  discurso de responsabilizar a las anteriores autoridades de los problemas del pa\u00ecs.\u00a0 \u201cA \u00e8l lo eligieron precisamente para que  corrigiese los errores que hubi\u00e8semos podido cometer nosotros cuando ocupamos  el poder.\u00a0 A nosotros, el electorado nos  castig\u00f2 por esa raz\u00f3n, pero al PLD y a Leonel los llevaron al gobierno no para  que hiciese lo mismo sino para que haga una buena administraci\u00f3n.\u00a0 De lo contrario, en las elecciones del 2008  el voto popular los va a sancionar como hicieron con nosotros\u201d.<\/p>\n<p>&#13;<\/p>\n<p align=\"justify\" class=\"text1noticias\">Sobre el anunciado proyecto de Reforma Fiscal que ser\u00e0  enviado al Congreso, el senador dajabonense advierte \u201cEl gobierno debe pensar  muy bien lo que va a proponer.\u00a0 Este  pueblo no soporta m\u00e0s impuestos ni m\u00e0s sacrificios.\u00a0 Nosotros nos mantendremos fieles a la l\u00ednea que  nos baje el partido frente al paquete fiscal no solo porque somos disciplinados  sino porque como senadores tenemos la obligaci\u00f3n de defender a los m\u00e0s pobres y  necesitados y pensar en el bien del pa\u00ecs y del pueblo\u201d.<\/p>\n<p>&#13;<\/p>\n<p align=\"justify\" class=\"text1noticias\">Sin embargo, Torres discrepa del apoyo externado en  principio por su partido al movimiento anunciado por el transportista Ram\u00f2n  P\u00e9rez Figuereo para paralizar el pa\u00ecs durante dos d\u00ecas a medidados de  Noviembre.\u00a0 \u201cLas huelgas est\u00e0n  desacreditas.\u00a0 La experiencia demuestra  que solo provocan da\u00f1os y no contribuyen a solucionar ninguno de los problemas  que nos aquejan\u201d.<\/p>\n<p>&#13;<\/p>\n<p align=\"justify\" class=\"text1noticias\">A\u00f1ade con acento sentencioso y prudente:\u00a0 \u201cAdem\u00e1s, en las actuales circunstancias un  movimiento de esa naturaleza es muy peligroso.\u00a0  Con un bajo perfil de liderazgo pol\u00ectico en la direcci\u00f2n de los tres  principales partidos, esa clase de acci\u00f2n pudiera degenerar en una poblada de  impredecibles consecuencias, conduciendo el pa\u00ecs a una situaci\u00f2n de  ingobernabilidad y caos que a nadie va a beneficiar.\u00a0 Esta es mi posici\u00f3n y es la que llevar\u00e8 al  seno de mi partido.\u201d<\/p>\n<p>&#13;<\/p>\n<h6> 2006-11-03 12:13:28 <\/h6>\n<p><!--\n<link rel=\"stylesheet\" href=\"css\/bootstrap.min.css\">\n\n\n<ul class=\"pagination\">\n\t    \n\t\n\n<li >\n\t<a href='?page_no=13441'>Previous<\/a>\n\t<\/li>\n\n\n       \n    \n\n<li><a href='?page_no=1'>1<\/a><\/li>\n\n\n\n<li><a href='?page_no=2'>2<\/a><\/li>\n\n\n\n<li><a>...<\/a><\/li>\n\n\n\n<li><a href='?page_no=13440'>13440<\/a><\/li>\n\n\n\n<li><a href='?page_no=13441'>13441<\/a><\/li>\n\n\n\n<li class='active'><a>13442<\/a><\/li>\n\n\n\n<li><a href='?page_no=13443'>13443<\/a><\/li>\n\n\n\n<li><a href='?page_no=13444'>13444<\/a><\/li>\n\n\n\n<li><a>...<\/a><\/li>\n\n\n\n<li><a href='?page_no=13611'>13611<\/a><\/li>\n\n\n\n<li><a href='?page_no=13612'>13612<\/a><\/li>\n\n    \n\t\n\n<li >\n\t<a href='?page_no=13443'>Next<\/a>\n\t<\/li>\n\n\n    \n\n<li><a href='?page_no=13612'>Last &rsaquo;&rsaquo;<\/a><\/li>\n\n<\/ul>\n\n\n--><br \/>\n<\/body><\/p>\n","protected":false},"excerpt":{"rendered":"<p>INVITADO EN TELEDEBATE &#13; Reelecto para un nuevo per\u00ecodo congresional y el segundo candidato a senador m\u00e0s votado en las pasadas elecciones, Mario Torres es un verdadero l\u00edder en su provincia fronteriza de Dajab\u00f2n donde obtuvo casi un 55 porciento de los sufragios. Reconocido como un legislador muy laborioso y combativo, Torres se ha carecterizado [&hellip;]<\/p>\n","protected":false},"author":3,"featured_media":0,"comment_status":"open","ping_status":"open","sticky":false,"template":"","format":"standard","meta":{"footnotes":""},"categories":[16],"tags":[],"class_list":["post-37706","post","type-post","status-publish","format-standard","hentry","category-opiniones"],"_links":{"self":[{"href":"https:\/\/diariodominicano.com\/index.php?rest_route=\/wp\/v2\/posts\/37706","targetHints":{"allow":["GET"]}}],"collection":[{"href":"https:\/\/diariodominicano.com\/index.php?rest_route=\/wp\/v2\/posts"}],"about":[{"href":"https:\/\/diariodominicano.com\/index.php?rest_route=\/wp\/v2\/types\/post"}],"author":[{"embeddable":true,"href":"https:\/\/diariodominicano.com\/index.php?rest_route=\/wp\/v2\/users\/3"}],"replies":[{"embeddable":true,"href":"https:\/\/diariodominicano.com\/index.php?rest_route=%2Fwp%2Fv2%2Fcomments&post=37706"}],"version-history":[{"count":0,"href":"https:\/\/diariodominicano.com\/index.php?rest_route=\/wp\/v2\/posts\/37706\/revisions"}],"wp:attachment":[{"href":"https:\/\/diariodominicano.com\/index.php?rest_route=%2Fwp%2Fv2%2Fmedia&parent=37706"}],"wp:term":[{"taxonomy":"category","embeddable":true,"href":"https:\/\/diariodominicano.com\/index.php?rest_route=%2Fwp%2Fv2%2Fcategories&post=37706"},{"taxonomy":"post_tag","embeddable":true,"href":"https:\/\/diariodominicano.com\/index.php?rest_route=%2Fwp%2Fv2%2Ftags&post=37706"}],"curies":[{"name":"wp","href":"https:\/\/api.w.org\/{rel}","templated":true}]}}