{"id":37705,"date":"2006-11-03T12:17:47","date_gmt":"2006-11-03T12:17:47","guid":{"rendered":"http:\/\/diariodominicano.ddns.net\/?p=37705"},"modified":"2006-11-03T12:17:47","modified_gmt":"2006-11-03T12:17:47","slug":"las-principales-en-teledebate-160","status":"publish","type":"post","link":"https:\/\/diariodominicano.com\/?p=37705","title":{"rendered":"LAS PRINCIPALES EN TELEDEBATE"},"content":{"rendered":"<p><body><\/p>\n<h1 align=\"center\" class=\"titulogrande1\">LAS PRINCIPALES EN TELEDEBATE\u00a0\u00a0\u00a0 <\/h1>\n<p>&#13;<\/p>\n<p align=\"center\" class=\"textogrande\">Mi\u00e9rcoles  1,11,06<\/p>\n<p>&#13;<\/p>\n<p align=\"justify\" class=\"text1noticias\">UASD: LA   DOCENCIA PINTA MAL.La situaci\u00f2n en la Universidad Aut\u00f3noma  de Santo Domingo tiende a empeorar en vez de clarificarse.\u00a0 El Rector de la casa de estudios, Roberto  Reyna, insiste en someter a prueba el contrato firmado con la aseguradora de  riesgos de salud y al cabo de noventa d\u00ecas someter sus resultados a refer\u00e9ndum  de sus beneficiarios, en tanto la dirigencia de los gremios profesional y de  empleados lo hacen en que la UASD  tenga su propio seguro.\u00a0 Todo apunta\u00a0 a\u00a0 que  tengamos una nueva suspensi\u00f3n de la docencia.<\/p>\n<p>&#13;<\/p>\n<p align=\"justify\" class=\"text1noticias\">AQU\u00cd NO PASARIA NADA. El embajador norteamericano Hans  Hertell nos recuerda que los viajes en yola est\u00e0n controlados por unas mafias  que obtienen beneficios millonarios de los mismos sin importar el riesgo que  corren los que se disponen a la peligrosa ventura del Canal de La Mona.\u00a0   <br \/>&#13;<br \/>\n  <br \/>&#13;<br \/>\nEn Puerto Rico, por cierto, ocho organizadores de  viajes ilegales que terminaron tr\u00e1gicamente costando la vida a varias personas,  han recibido condenas por un total de 73 a\u00f1os de prisi\u00f3n.\u00a0\u00a0 Aqu\u00ec, en cambio, no les pasar\u00eca  absolutamente nada.<\/p>\n<p>&#13;<\/p>\n<p align=\"justify\" class=\"text1noticias\">QUE LA   JUSTICIA CORRA PAREJA. El Procurador General de la Rep\u00f9blica admite los  resultados de un estudio estableciendo que la Justicia no corre pareja  en el pa\u00ecs, sino que carga sobre los hombros de la clase m\u00e0s pobre.\u00a0 El Cardenal L\u00f2pez Rodr\u00edguez, por su parte,  deplora esta situaci\u00f2n a todas luces injusta.\u00a0  Sin embargo, con lamentaciones no basta.\u00a0  Hay que lograr que el brazo de la Justicia se deje sentir igual sobre todo el que  delinque sin importar su condici\u00f3n social.<\/p>\n<p>&#13;<\/p>\n<p align=\"justify\" class=\"text1noticias\">OTRA VICTIMA INOCENTE DEL NARCOTR\u00c1FICO.\u00a0 Otra v\u00ecctima inocente de las luchas entre  bandas, por lo general dedicadas al narcotr\u00e1fico barrial.\u00a0 Milagros Ortiz de apenas 4 a\u00f1os de edad  recibi\u00f2 varios impactos de bala en la cabeza cuando los malhechores se batieron  a tiros por el control de un punto de drogas en el ensanche Isabelita, en Santo  Domingo Este. Su madre, quien fue a rescatarla, recibi\u00f2 a su vez varias  heridas\u00a0 en brazos y piernas.\u00a0 Otra tragedia m\u00e0s fruto de la maldici\u00f3n de  las drogas.<\/p>\n<p>&#13;<\/p>\n<p align=\"justify\" class=\"text1noticias\">QUE RESPONDAN A LAS EXPECTATIVAS.\u00a0 El Senado ha comenzado el trabajo de  depuraci\u00f3n de los candidatos a ocupar los cargos de magistrados en la pr\u00f3xima  Junta Central Electoral. De unos 250 propuestos, su n\u00f9mero ha quedado reducido  a 102. Habr\u00e0 que continuar haciendo nuevas depuraciones hasta llegar a  conformar el n\u00f9mero m\u00e1gico de 9 que tendr\u00e1n a su cargo gerenciar las pr\u00f3ximas  elecciones. Ojal\u00e0 los seleccionados al final respondan a las expectativas de  capacidad, honestidad e independencia requeridas para organizar un proceso bien  transparente.<\/p>\n<p>&#13;<\/p>\n<p align=\"justify\" class=\"text1noticias\">LOURDES CAMILO: UN VERDADERO ACIERTO. Todo un acierto la  selecci\u00f3n de do\u00f1a Lourdes Camilo de Cuello como Subsecretaria de Cultura a  cargo de Patrimonio Cultural.\u00a0 El  nombramiento calza la firma del Presidente Leonel Fern\u00e1ndez, pero la propuesta  de seguro sali\u00f2 del despacho del titular de esa cartera, Jos\u00e8 Rafael  Lantigua.\u00a0 La esposa del apreciado Jos\u00e8  Israel Cuello tiene m\u00e8ritos m\u00e0s que sobrados para ocupar el cargo al que  llevar\u00e0, como siempre, su entusiasmo, talento y enorme vocaci\u00f3n de servicio al  pa\u00ecs y a la cultura.<\/p>\n<p>&#13;<\/p>\n<p align=\"justify\" class=\"text1noticias\">PRIMICIAS Y JUAN BOSCH. Hoy es el d\u00eca de todos los  Santos.\u00a0 Para Primicias, el combativo  semanario que fund\u00f2 y dirige nuestro colega Alex Jim\u00e9nez, un motivo de satisfacci\u00f3n`profunda  al celebrar su d\u00e8cimo tercer aniversario.\u00a0  Para el PLD en particular, el mundo de las letras y el pa\u00ecs en general,  de conmemoraci\u00f3n del quinto aniversario del fallecimiento del Profesor Juan  Bosch, uno de los m\u00e0s notables valores literarios del pa\u00ecs y un dirigente que  fue ejemplo de honestidad y valores \u00e8ticos incorporados al ejercicio pol\u00edtico.<\/p>\n<p>&#13;<\/p>\n<p align=\"justify\" class=\"text1noticias\">TURBAS CHOFERILES.\u00a0  Incre\u00edble que grupos de activistas choferiles constituidos en turbas  armadas de bates, machetes, pu\u00f1ales y hasta armas de fuego pretendan controlar  el transporte p\u00f9blico agrediendo a choferes independientes e impidiendo que  miles de pasajeros puedan utilizar sus servicios en las horas pico.\u00a0 \u00bfEs que la fuerza p\u00f9blica no est\u00e0 obligada a  proteger a estos \u00faltimos? \u00bfNo vivimos acaso en un pa\u00ecs libre?\u00a0 \u00bfNo nos llenamos la boca para alardear de la  libre competencia?\u00a0 Entonces, \u00bfpor qu\u00e8 se  toleran estos excesos inadmisibles?<\/p>\n<p>&#13;<\/p>\n<p align=\"justify\" class=\"text1noticias\">EVITEMOS LA POBLADA. Seg\u00f9n el ex presidente de Ecuador,  Gustavo Noboa, quien se acogi\u00f3 a un asilo no oficial en suelo dominicano  durante la pasada administraci\u00f3n alegando que procesos iniciados en su contra  en su pa\u00ecs de origen, respond\u00ecan a persecuci\u00f3n pol\u00edtica, insta a no hacer caso  a las imposiciones del Fondo Monetario Internacional.\u00a0 Ciertamente, los t\u00e9cnicos del organismo hacen  sus recomendaciones en base a fr\u00ecos c\u00e1lculos, tal como hemos se\u00f1alado. El costo  pol\u00edtico y social toca evaluarlo al gobierno. Evitemos la poblada.<\/p>\n<p>&#13;<\/p>\n<h6> 2006-11-03 12:17:47 <\/h6>\n<p><!--\n<link rel=\"stylesheet\" href=\"css\/bootstrap.min.css\">\n\n\n<ul class=\"pagination\">\n\t    \n\t\n\n<li >\n\t<a href='?page_no=13440'>Previous<\/a>\n\t<\/li>\n\n\n       \n    \n\n<li><a href='?page_no=1'>1<\/a><\/li>\n\n\n\n<li><a href='?page_no=2'>2<\/a><\/li>\n\n\n\n<li><a>...<\/a><\/li>\n\n\n\n<li><a href='?page_no=13439'>13439<\/a><\/li>\n\n\n\n<li><a href='?page_no=13440'>13440<\/a><\/li>\n\n\n\n<li class='active'><a>13441<\/a><\/li>\n\n\n\n<li><a href='?page_no=13442'>13442<\/a><\/li>\n\n\n\n<li><a href='?page_no=13443'>13443<\/a><\/li>\n\n\n\n<li><a>...<\/a><\/li>\n\n\n\n<li><a href='?page_no=13611'>13611<\/a><\/li>\n\n\n\n<li><a href='?page_no=13612'>13612<\/a><\/li>\n\n    \n\t\n\n<li >\n\t<a href='?page_no=13442'>Next<\/a>\n\t<\/li>\n\n\n    \n\n<li><a href='?page_no=13612'>Last &rsaquo;&rsaquo;<\/a><\/li>\n\n<\/ul>\n\n\n--><br \/>\n<\/body><\/p>\n","protected":false},"excerpt":{"rendered":"<p>LAS PRINCIPALES EN TELEDEBATE\u00a0\u00a0\u00a0 &#13; Mi\u00e9rcoles 1,11,06 &#13; UASD: LA DOCENCIA PINTA MAL.La situaci\u00f2n en la Universidad Aut\u00f3noma de Santo Domingo tiende a empeorar en vez de clarificarse.\u00a0 El Rector de la casa de estudios, Roberto Reyna, insiste en someter a prueba el contrato firmado con la aseguradora de riesgos de salud y al cabo [&hellip;]<\/p>\n","protected":false},"author":3,"featured_media":0,"comment_status":"open","ping_status":"open","sticky":false,"template":"","format":"standard","meta":{"footnotes":""},"categories":[16],"tags":[],"class_list":["post-37705","post","type-post","status-publish","format-standard","hentry","category-opiniones"],"_links":{"self":[{"href":"https:\/\/diariodominicano.com\/index.php?rest_route=\/wp\/v2\/posts\/37705","targetHints":{"allow":["GET"]}}],"collection":[{"href":"https:\/\/diariodominicano.com\/index.php?rest_route=\/wp\/v2\/posts"}],"about":[{"href":"https:\/\/diariodominicano.com\/index.php?rest_route=\/wp\/v2\/types\/post"}],"author":[{"embeddable":true,"href":"https:\/\/diariodominicano.com\/index.php?rest_route=\/wp\/v2\/users\/3"}],"replies":[{"embeddable":true,"href":"https:\/\/diariodominicano.com\/index.php?rest_route=%2Fwp%2Fv2%2Fcomments&post=37705"}],"version-history":[{"count":0,"href":"https:\/\/diariodominicano.com\/index.php?rest_route=\/wp\/v2\/posts\/37705\/revisions"}],"wp:attachment":[{"href":"https:\/\/diariodominicano.com\/index.php?rest_route=%2Fwp%2Fv2%2Fmedia&parent=37705"}],"wp:term":[{"taxonomy":"category","embeddable":true,"href":"https:\/\/diariodominicano.com\/index.php?rest_route=%2Fwp%2Fv2%2Fcategories&post=37705"},{"taxonomy":"post_tag","embeddable":true,"href":"https:\/\/diariodominicano.com\/index.php?rest_route=%2Fwp%2Fv2%2Ftags&post=37705"}],"curies":[{"name":"wp","href":"https:\/\/api.w.org\/{rel}","templated":true}]}}