{"id":37702,"date":"2006-11-03T12:26:45","date_gmt":"2006-11-03T12:26:45","guid":{"rendered":"http:\/\/diariodominicano.ddns.net\/?p=37702"},"modified":"2006-11-03T12:26:45","modified_gmt":"2006-11-03T12:26:45","slug":"el-tiro-rapido-474","status":"publish","type":"post","link":"https:\/\/diariodominicano.com\/?p=37702","title":{"rendered":"EL TIRO RAPIDO"},"content":{"rendered":"<p><body><\/p>\n<h1 align=\"center\">EL TIRO RAPIDO<\/h1>\n<p>&#13;<\/p>\n<p align=\"center\" class=\"textogrande\">de<br \/>&#13;<br \/>\nMario  Rivadulla<\/p>\n<p>&#13;<\/p>\n<p align=\"justify\" class=\"text1noticias\">Despu\u00e8s de los sendos viajes a  Washington del Secretario de Industria y Comercio Francisco Javier Garc\u00eca y el  m\u00e0s reciente del Presidente Leonel Fern\u00e1ndez, todo parece indicar que ha  quedado expedito el camino para dar los \u00faltimos pasos que nos lleven a las  puertas de la entrada en vigencia del Tratado de Libre Comercio.<\/p>\n<p>&#13;<\/p>\n<p align=\"justify\" class=\"text1noticias\">Ayer mismo, el Senado aprob\u00f2  sin lectura, los proyectos de leyes complementarias\u00a0 requeridos para la puesta en marcha del  acuerdo.\u00a0 Lo hizo a unanimidad, es decir  que cont\u00f2 con el voto de los legisladores de los 3 partidos representados en  ese cuerpo.\u00a0 Puede apostarse a seguro por  adelantado,\u00a0 que transitar\u00e0 con la misma  facilidad por la C\u00e0mara  de Diputados. <\/p>\n<p>&#13;<\/p>\n<p align=\"justify\" class=\"text1noticias\">Negociado a la carrera, el  Tratado ha sido objeto de muchos cuestionamientos y dilaciones, despertando  tanto reclamos\u00a0 urgidos de algunos  sectores para su pronta puesta en marcha por los alegados beneficios que  reportar\u00e0 al pa\u00ecs, como combatido y estigmatizado por aquellos otros\u00a0 que\u00a0  entienden\u00a0 pudieran resultar  altamente perjudicados debido a la competencia desigual a que se ver\u00e0n  sometidos.<\/p>\n<p>&#13;<\/p>\n<p align=\"justify\" class=\"text1noticias\">Es posible que tanto en un caso  como en el otro se hayan magnificado sus posibles efectos positivos o  adversos.\u00a0 Lo cierto es que hay sectores  que sin dudas podr\u00e0n beneficiarse de este arreglo comercial; tal, el caso de  las zonas francas.\u00a0 Otros en cambio,  pudieran verse fuertemente impactados negativamente como son el agropecuario y  un n\u00f9mero no escaso de industrias locales.<\/p>\n<p>&#13;<\/p>\n<p align=\"justify\" class=\"text1noticias\">Alguien tan bien bien informado  y experimentado en el campo de los negocios, como el ex presidente de la Asociaci\u00f3n de  Industrias y del Consejo Nacional de la Empresa Privada,\u00a0 Celso Marranzini, dijo aqu\u00ec mismo, apenas la  semana pasada, que el pa\u00ecs no est\u00e0 preparado para competir en el marco del  Tratado. Ni contamos con la mano de obra calificada para una producci\u00f3n  eficiente,\u00a0 ni tampoco podremos hacerlo  con la actual tarifa el\u00e9ctrica, gastos financieros\u00a0 y\u00a0  cargas fiscales que soportan los sectores productivos.<\/p>\n<p>&#13;<\/p>\n<p align=\"justify\" class=\"text1noticias\">Su visi\u00f3n del futuro inmediato  dista de ser optimista.\u00a0 A juicio de  Marranzini, el pa\u00ecs pudiera perder 200 mil y hasta m\u00e0s empleos directos en un  tiempo relativamente breve, a partir del momento en que entre en vigencia el  Tratado.\u00a0 La cantidad de empleos  indirectos\u00a0 afectada resultar\u00eca 2 \u00f2 3  veces mayor.<\/p>\n<p>&#13;<\/p>\n<p align=\"justify\">2<\/p>\n<p>&#13;<\/p>\n<p align=\"justify\" class=\"text1noticias\">Todo esto como consecuencia  del cierre de numerosas industrias,\u00a0 talleres y plantaciones agr\u00edcolas barridos  por las condiciones ventajosas de competitividad en que tendr\u00e1n que  desenvolverse frente a los subsidiados productores norteamericanos y los  centroamericanos muy favorecidos por sus respectivos gobiernos e incentivos.<\/p>\n<p>&#13;<\/p>\n<p align=\"justify\" class=\"text1noticias\">Como endoso y ejemplo, esgrime  los resultados adversos que han arrojado hasta ahora para el pa\u00ecs los acuerdos  de libre comercio con Centroam\u00e9rica y el CARICOM.\u00a0 Tanto en un caso como en el otro, la balanza  es francamente deficitaria para nosotros.<\/p>\n<p>&#13;<\/p>\n<p align=\"justify\" class=\"text1noticias\">\u00bfHasta d\u00f2nde estos sombr\u00edos  pronosticos pudieran resultar acertados?\u00a0  Quisi\u00e9ramos que Celso Marranzini estuviese equivocado de medio a medio y  con \u00e8l, todos aquellos que piensan igual a \u00e8l.\u00a0  Estamos seguros que todos ellos tambi\u00e8n quisieran estar errados.\u00a0 <\/p>\n<p>&#13;<\/p>\n<p align=\"justify\" class=\"text1noticias\">Pero lo prudente es estar  preparados para lo peor.\u00a0 Y mejor  todav\u00eca, tomar cuantas previsiones sean de lugar para evitar que ocurra lo  peor.\u00a0 Al igual que hacen las propias  naciones que se nos presentan como l\u00ecderes del libre comercio, comenzando por  nuestro m\u00e0s importante socio comercial, los Estados Unidos, debemos proteger a  nuestros productores que puedan estar en riesgo de verse arrastrados por la avalancha  incontenible de una competencia desleal, como lo es enfrentarse a contricantes  que disputar\u00e0n el mercado en condiciones ventajosas.<\/p>\n<p>&#13;<\/p>\n<p align=\"justify\" class=\"text1noticias\">Una frase muy frecuentemente  repetida entre nosotros es la que postula \u201clo que es igual, no es\u00a0 ventaja\u201d.\u00a0  En este caso tenemos que tratar de ir en ayuda de todos aquellos para  quienes, por el contrario, lo que no es igual se traduce en una desventaja en  su perjuicio.\u00a0 Porque a fin de  cuentas,\u00a0 la entrada en vigor del Tratado  no debe representar el que unos salgan por la puerta ancha y otros por la  estrecha, sino que todos\u00a0 puedan  sobrevivir y progresar. <\/p>\n<p>&#13;<\/p>\n<p align=\"justify\" class=\"text1noticias\">Al gobierno toca procurar que  sea as\u00ec.<\/p>\n<p>&#13;<\/p>\n<h6> 2006-11-03 12:26:45 <\/h6>\n<p><!--\n<link rel=\"stylesheet\" href=\"css\/bootstrap.min.css\">\n\n\n<ul class=\"pagination\">\n\t    \n\t\n\n<li >\n\t<a href='?page_no=13438'>Previous<\/a>\n\t<\/li>\n\n\n       \n    \n\n<li><a href='?page_no=1'>1<\/a><\/li>\n\n\n\n<li><a href='?page_no=2'>2<\/a><\/li>\n\n\n\n<li><a>...<\/a><\/li>\n\n\n\n<li><a href='?page_no=13437'>13437<\/a><\/li>\n\n\n\n<li><a href='?page_no=13438'>13438<\/a><\/li>\n\n\n\n<li class='active'><a>13439<\/a><\/li>\n\n\n\n<li><a href='?page_no=13440'>13440<\/a><\/li>\n\n\n\n<li><a href='?page_no=13441'>13441<\/a><\/li>\n\n\n\n<li><a>...<\/a><\/li>\n\n\n\n<li><a href='?page_no=13611'>13611<\/a><\/li>\n\n\n\n<li><a href='?page_no=13612'>13612<\/a><\/li>\n\n    \n\t\n\n<li >\n\t<a href='?page_no=13440'>Next<\/a>\n\t<\/li>\n\n\n    \n\n<li><a href='?page_no=13612'>Last &rsaquo;&rsaquo;<\/a><\/li>\n\n<\/ul>\n\n\n--><br \/>\n<\/body><\/p>\n","protected":false},"excerpt":{"rendered":"<p>EL TIRO RAPIDO &#13; de&#13; Mario Rivadulla &#13; Despu\u00e8s de los sendos viajes a Washington del Secretario de Industria y Comercio Francisco Javier Garc\u00eca y el m\u00e0s reciente del Presidente Leonel Fern\u00e1ndez, todo parece indicar que ha quedado expedito el camino para dar los \u00faltimos pasos que nos lleven a las puertas de la entrada [&hellip;]<\/p>\n","protected":false},"author":3,"featured_media":0,"comment_status":"open","ping_status":"open","sticky":false,"template":"","format":"standard","meta":{"footnotes":""},"categories":[16],"tags":[],"class_list":["post-37702","post","type-post","status-publish","format-standard","hentry","category-opiniones"],"_links":{"self":[{"href":"https:\/\/diariodominicano.com\/index.php?rest_route=\/wp\/v2\/posts\/37702","targetHints":{"allow":["GET"]}}],"collection":[{"href":"https:\/\/diariodominicano.com\/index.php?rest_route=\/wp\/v2\/posts"}],"about":[{"href":"https:\/\/diariodominicano.com\/index.php?rest_route=\/wp\/v2\/types\/post"}],"author":[{"embeddable":true,"href":"https:\/\/diariodominicano.com\/index.php?rest_route=\/wp\/v2\/users\/3"}],"replies":[{"embeddable":true,"href":"https:\/\/diariodominicano.com\/index.php?rest_route=%2Fwp%2Fv2%2Fcomments&post=37702"}],"version-history":[{"count":0,"href":"https:\/\/diariodominicano.com\/index.php?rest_route=\/wp\/v2\/posts\/37702\/revisions"}],"wp:attachment":[{"href":"https:\/\/diariodominicano.com\/index.php?rest_route=%2Fwp%2Fv2%2Fmedia&parent=37702"}],"wp:term":[{"taxonomy":"category","embeddable":true,"href":"https:\/\/diariodominicano.com\/index.php?rest_route=%2Fwp%2Fv2%2Fcategories&post=37702"},{"taxonomy":"post_tag","embeddable":true,"href":"https:\/\/diariodominicano.com\/index.php?rest_route=%2Fwp%2Fv2%2Ftags&post=37702"}],"curies":[{"name":"wp","href":"https:\/\/api.w.org\/{rel}","templated":true}]}}