{"id":377015,"date":"2022-08-19T00:04:06","date_gmt":"2022-08-19T04:04:06","guid":{"rendered":"http:\/\/diariodominicano.com\/?p=377015"},"modified":"2022-08-19T00:04:06","modified_gmt":"2022-08-19T04:04:06","slug":"en-santiago-confirman-mataron-a-erasmo-bermudez-y-a-fausto-jimenez","status":"publish","type":"post","link":"https:\/\/diariodominicano.com\/?p=377015","title":{"rendered":"En Santiago confirman mataron a Erasmo Berm\u00fadez y a Fausto Jim\u00e9nez"},"content":{"rendered":"\n<p><strong>Erasmo Berm\u00fadez<\/strong><\/p>\n\n\n\n<p><\/p>\n\n\n\n<p>SANTIAGO DE LOS CABALLEROS, el 19 de Agosto de 1961, agentes policiales que participaron en la represi\u00f3n de una manifestaci\u00f3n antitrujillista, mataron a Fausto Jim\u00e9nez &nbsp;Guzm\u00e1n, y a Erasmo Berm\u00fadez Espaillat.<\/p>\n\n\n\n<p>Jim\u00e9nez Guzm\u00e1n de 19 a\u00f1os, fue ultimado por los agentes policiales cuando regresaba a su hogar de una manifestaci\u00f3n en demanda de la salida del pa\u00eds de los miembros de la familia del dictador Rafael Le\u00f3nidas Trujillo Molina y la renuncia del presidente interino Joaqu\u00edn Balaguer.<\/p>\n\n\n\n<p>Erasmo Berm\u00fadez, de 31 a\u00f1os,&nbsp; fue muerto cuando se encontraba en el velatorio de Jim\u00e9nez Guzm\u00e1n.<\/p>\n\n\n\n<p>La muerte de los dos j\u00f3venes provoc\u00f3 un ambiente de tensi\u00f3n en la ciudad de Santiago de los Caballeros,&nbsp; que provoc\u00f3 nuevas protestas y un paro en la ciudad.<\/p>\n\n\n\n<p>Los manifestantes&nbsp; exig\u00edan la renuncia del presidente&nbsp; Balaguer y la salida inmediata de los familiares y vinculados a la dictadura de Trujillo.<\/p>\n\n\n\n<p>El dictador Trujillo hab\u00eda sido ultimado en la hoy autopista 30 de Mayo, la noche del 30 de Mayo de 1961, pero a\u00fan permanec\u00edan en el territorio nacional sus familiares y antiguos colaboradores del r\u00e9gimen.<\/p>\n\n\n\n<p>En noviembre de 1961, comenz\u00f3 en Rep\u00fablica Dominicana, &nbsp;lo que fue denominado como el&nbsp; proceso &nbsp;de&nbsp; destrujillizaci\u00f3n.<\/p>\n\n\n\n<p><strong>Versiones de testigos<\/strong><\/p>\n\n\n\n<p>La periodista Angela Pe\u00f1a public\u00f3 el 18 de septiembre de 2011, en el diario Hoy, los resultados de una investigaci\u00f3n que da cuenta de que Fausto Jim\u00e9nez, de 19 a\u00f1os, muri\u00f3 el 19 de agosto al regresar de un mitin en San Francisco de Macor\u00eds y entre varias versiones se afirm\u00f3 que el cami\u00f3n en que regresaba a Santiago fue apedreado por campesinos gobiernistas, se entabl\u00f3 una lucha y \u00e9ste result\u00f3 con fractura del cr\u00e1neo.<\/p>\n\n\n\n<p>Precisa que algunos dijeron que cay\u00f3 del cami\u00f3n. Tambi\u00e9n se public\u00f3: \u00ab&#8230;un grupo de santiagueros fue atacado a pedradas en el paraje Monte Adentro, por miembros de la ACI protegidos por la Polic\u00eda Rural. Con el impacto de las piedras los camiones que transportaban a los manifestantes se detuvieron entabl\u00e1ndose una desigual contienda&#8230;\u00bb. Miguel \u00c1ngel Antonio Saleta Cordero (P\u00edo), que conduc\u00eda la camioneta en que iba Fausto, fue sometido a la justicia. Le acompa\u00f1aban Jos\u00e9 Ram\u00f3n Franco Cruz, Eddy G\u00f3mez Grull\u00f3n y Digno Jos\u00e9 Riggio Pou.<\/p>\n\n\n\n<p>En el velatorio de Jim\u00e9nez, en la calle Espa\u00f1a 60, fue mortalmente herido Erasmo Berm\u00fadez Espaillat, cuando militares dispararon a la multitud que hab\u00eda acudido a acompa\u00f1ar a sus deudos. A la v\u00edctima, de 31 a\u00f1os, miembro \u00abde una de las m\u00e1s ricas familias de Santiago, fabricantes de ron\u00bb, lo trasladaron al hospital Jos\u00e9 Mar\u00eda Cabral y B\u00e1ez donde falleci\u00f3 a los pocos instantes.<\/p>\n\n\n\n<p>Berm\u00fadez estaba casado con Shita viuda Berm\u00fadez, y era el padre de Nidia Mar\u00eda Berm\u00fadez Nicol\u00e1s.<\/p>\n\n\n\n<p>El 31 de Agosto de 1961, el presidente Balaguer visit\u00f3 a Jos\u00e9 Ignacio Berm\u00fadez, y Mar\u00eda Elo\u00edsa Espaillat, padres de Erasmo, junto al gobernador Rafael Vidal Torres.<\/p>\n\n\n\n<p>Todos fueron enterrados envueltos en la Bandera, como pr\u00f3ceres por la libertad. Repetidas veces se enton\u00f3 el Himno Nacional.<\/p>\n\n\n\n<p>En el cementerio de Santiago hablaron Gustavo A. Vincent, &nbsp;y Chechele P\u00e9rez.<\/p>\n\n\n\n<p>En Puerto Plata el duelo fue despedido por el doctor Sosa Duarte, quien manifest\u00f3 al ser sepultado Clisante: \u00abVolveremos a traerte en vez de l\u00e1grimas y flores, la palma y el laurel de los h\u00e9roes. Tu sangre aumentar\u00e1 nuestra lucha&#8230;\u00bb.<\/p>\n\n\n\n<p>La Asociaci\u00f3n M\u00e9dica Dominicana, que presid\u00eda Sixto Inch\u00e1ustegui Cabral decidi\u00f3 celebrar solemnes funerales a la memoria de Alejo Mart\u00ednez y acord\u00f3 que \u00abcuando otro m\u00e9dico muera en circunstancias an\u00e1logas\u00bb los facultativos de todos los hospitales del Estado presentar\u00edan sus renuncias. Clisante, Berm\u00fadez, Jim\u00e9nez y Mart\u00ednez fueron reconocidos con calles en su memoria, agrega la versi\u00f3n publicada por Angela Pe\u00f1a.<\/p>\n\n\n\n<p>Anota que \u00abLa violencia enlut\u00f3 el Cibao en la semana del 14 al 20 de agosto con las muertes de Erasmo Berm\u00fadez Espaillat, Fausto Jim\u00e9nez Guzm\u00e1n, Pedro Clisante, Alejo Arqu\u00edmedes Mart\u00ednez y Elpidio Madera en sucesos pol\u00edticos ocurridos en Santiago, Puerto Plata, San Francisco de Macor\u00eds, Sos\u00faa. Pertenec\u00edan a la Uni\u00f3n C\u00edvica Nacional y fueron ametrallados por fuerzas del gobierno en diversos escenarios.<\/p>\n\n\n\n<p>La represi\u00f3n dej\u00f3 tambi\u00e9n un tr\u00e1gico saldo de heridos entre los que se encontraban Ram\u00f3n Tapia, Federico Carlos \u00c1lvarez, Manuel Antonio Santos Rodr\u00edguez, Rigoberto Antonio Rodr\u00edguez, Manuel Guzm\u00e1n Garc\u00eda, Jos\u00e9 B. P\u00e9rez Ramos, H\u00e9ctor J. Pablo Reyes, Rafael Nicol\u00e1s Castellanos, Ram\u00f3n Edilio Checo, Ignacio Rodr\u00edguez, Ram\u00f3n Antonio Rojas, Rafael Antonio Vel\u00e1squez, Milton Franco, Rafael Alejandro Llenas y otros, alcanzados por disparos del ej\u00e9rcito en los velatorios o en manifestaciones de protesta.<\/p>\n\n\n\n<p>La Rep\u00fablica estaba consternada. El comercio cerr\u00f3 sus puertas en se\u00f1al de duelo y se pronunciaron las asociaciones de m\u00e9dicos y abogados. Periodistas extranjeros viajaron al pa\u00eds alarmados por los sucesos, y en el Senado se produjeron encendidos debates a ra\u00edz de una petici\u00f3n de monse\u00f1or Eliseo P\u00e9rez S\u00e1nchez, senador por S\u00e1nchez Ram\u00edrez, para que las c\u00e1maras legislativas se dirigieran al Presidente Balaguer y a Ramfis&nbsp; Trujillo, Jefe de Estado Mayor Conjunto, a fin de evitar la repetici\u00f3n de acontecimientos similares. El religioso encontr\u00f3 r\u00e9plicas en sus colegas J. Fortunato Cana\u00e1n y Rafael Vidal Torres\u00bb.<\/p>\n","protected":false},"excerpt":{"rendered":"<p>Erasmo Berm\u00fadez SANTIAGO DE LOS CABALLEROS, el 19 de Agosto de 1961, agentes policiales que participaron en la represi\u00f3n de una manifestaci\u00f3n antitrujillista, mataron a Fausto Jim\u00e9nez &nbsp;Guzm\u00e1n, y a Erasmo Berm\u00fadez Espaillat. Jim\u00e9nez Guzm\u00e1n de 19 a\u00f1os, fue ultimado por los agentes policiales cuando regresaba a su hogar de una manifestaci\u00f3n en demanda de [&hellip;]<\/p>\n","protected":false},"author":28,"featured_media":377016,"comment_status":"closed","ping_status":"","sticky":true,"template":"","format":"standard","meta":{"footnotes":""},"categories":[26,27],"tags":[],"class_list":["post-377015","post","type-post","status-publish","format-standard","has-post-thumbnail","hentry","category-efemerides","category-portada"],"_links":{"self":[{"href":"https:\/\/diariodominicano.com\/index.php?rest_route=\/wp\/v2\/posts\/377015","targetHints":{"allow":["GET"]}}],"collection":[{"href":"https:\/\/diariodominicano.com\/index.php?rest_route=\/wp\/v2\/posts"}],"about":[{"href":"https:\/\/diariodominicano.com\/index.php?rest_route=\/wp\/v2\/types\/post"}],"author":[{"embeddable":true,"href":"https:\/\/diariodominicano.com\/index.php?rest_route=\/wp\/v2\/users\/28"}],"replies":[{"embeddable":true,"href":"https:\/\/diariodominicano.com\/index.php?rest_route=%2Fwp%2Fv2%2Fcomments&post=377015"}],"version-history":[{"count":1,"href":"https:\/\/diariodominicano.com\/index.php?rest_route=\/wp\/v2\/posts\/377015\/revisions"}],"predecessor-version":[{"id":377017,"href":"https:\/\/diariodominicano.com\/index.php?rest_route=\/wp\/v2\/posts\/377015\/revisions\/377017"}],"wp:featuredmedia":[{"embeddable":true,"href":"https:\/\/diariodominicano.com\/index.php?rest_route=\/wp\/v2\/media\/377016"}],"wp:attachment":[{"href":"https:\/\/diariodominicano.com\/index.php?rest_route=%2Fwp%2Fv2%2Fmedia&parent=377015"}],"wp:term":[{"taxonomy":"category","embeddable":true,"href":"https:\/\/diariodominicano.com\/index.php?rest_route=%2Fwp%2Fv2%2Fcategories&post=377015"},{"taxonomy":"post_tag","embeddable":true,"href":"https:\/\/diariodominicano.com\/index.php?rest_route=%2Fwp%2Fv2%2Ftags&post=377015"}],"curies":[{"name":"wp","href":"https:\/\/api.w.org\/{rel}","templated":true}]}}