{"id":377011,"date":"2022-08-18T23:58:40","date_gmt":"2022-08-19T03:58:40","guid":{"rendered":"http:\/\/diariodominicano.com\/?p=377011"},"modified":"2022-08-19T00:00:42","modified_gmt":"2022-08-19T04:00:42","slug":"restauradores-y-espanoles-se-enfrentan-en-el-rio-macabon-en-la-guerra-de-la-restauracion","status":"publish","type":"post","link":"https:\/\/diariodominicano.com\/?p=377011","title":{"rendered":"Restauradores y espa\u00f1oles se enfrentan en el r\u00edo Macab\u00f3n: En la Guerra de la Restauraci\u00f3n"},"content":{"rendered":"\n<p>Benito Monci\u00f3n<\/p>\n\n\n\n<p><\/p>\n\n\n\n<p>GUAYUBIN, el&nbsp; 19 de agosto de 1863, en la Guerra de la Restauraci\u00f3n, la fuerza restauradora que comandaba el general Benito Monci\u00f3n, tirote\u00f3 a la caballer\u00eda del Gobernador de Santiago, General Manuel Buceta, que se encontraba en Las Pastillas, en la marcha hacia Guayub\u00edn.<\/p>\n\n\n\n<p>&nbsp;&nbsp; Un informe se\u00f1ala que los militares espa\u00f1oles contestaron el tiroteo, pero no hubo combate.<\/p>\n\n\n\n<p>&nbsp;&nbsp;&nbsp; El&nbsp; mismo d\u00eda 19 de agosto de 1863, la fuerza militar del&nbsp; general Polanco al escuchar los disparos,&nbsp; persigui\u00f3 a la caballer\u00eda espa\u00f1ola y se enfrentaron en el r\u00edo Macab\u00f3n.<\/p>\n\n\n\n<p>&nbsp;&nbsp; En esa circunstancia, las tropas del general&nbsp; Benito Monci\u00f3n atacaron de sorpresa, lo que oblig\u00f3 a replegarse a la tropa del&nbsp; brigadier&nbsp; Manuel Buceta, que sigui\u00f3 la marcha hacia Guayubin.<\/p>\n\n\n\n<p>&nbsp;&nbsp; Un informe militar precisa que el Brigadier Manuel Buceta dej\u00f3 en el campo de batalla gran parte de su columna, como consecuencia de las heridas arteras del machete dominicano.&nbsp;<\/p>\n\n\n\n<p>&nbsp;&nbsp; El d\u00eda anterior, el 18 de agosto de 1863, el Capit\u00e1n S\u00e1nchez con 10 jinetes, emboscaron al brigadier Manuel Buceta, en la Carbonera.<\/p>\n\n\n\n<p>&nbsp;&nbsp;&nbsp;&nbsp;&nbsp; A su vez,&nbsp; Juan Antonio Polanco y sus hombres tomaron por asalto a Guayub\u00edn. Y Federico de Jes\u00fas Garc\u00eda, al mando de sus fuerzas, ocup\u00f3 a Montecristi.<\/p>\n\n\n\n<p>&nbsp;&nbsp; El mismo d\u00eda 18 de agosto de 1863, Santiago Rodr\u00edguez dirigi\u00f3 sus fuerzas hacia las comunidades de Sabaneta.<\/p>\n\n\n\n<p>&nbsp;&nbsp;&nbsp; Benito Monci\u00f3n se dirigi\u00f3 con sus tropas a Las Pastillas, en Dajab\u00f3n.<\/p>\n\n\n\n<p>&nbsp; &nbsp;&nbsp;&nbsp;El&nbsp; 17 de agosto de 1863,&nbsp; tropas dominicanas comandadas por los generales Benito Monci\u00f3n, Jos\u00e9 Cabrera y Pedro Antonio Pimentel, iniciaron los ataques contra las guarniciones y patrullas espa\u00f1olas, que comandaba el brigadier&nbsp; Manuel Buceta.<\/p>\n\n\n\n<p>&nbsp;&nbsp; El mismo d\u00eda 17 de agosto, las fuerzas del general Pedro Antonio Pimentel destrozaron en el r\u00edo Macab\u00f3n, una columna espa\u00f1ola que se dirig\u00eda de Dajab\u00f3n al municipio de Guayub\u00edn.<\/p>\n\n\n\n<p>&nbsp;&nbsp;&nbsp; El brigadier Manuel Buceta era el Gobernador de Santiago. Cuando se produjo el \u00abGrito de Capotillo\u00bb, el 16 de agosto de 1863, se encontraba en&nbsp; un recorrido por la l\u00ednea Noroeste y la Frontera, con el prop\u00f3sito de comprobar cu\u00e1l era la situaci\u00f3n en la zona.<\/p>\n\n\n\n<p>&nbsp;&nbsp;&nbsp; La Guerra de la Restauraci\u00f3n comenz\u00f3 el d\u00eda&nbsp; 16 de Agosto de 1863, y termin\u00f3 con el rescate de la soberan\u00eda de la Rep\u00fablica Dominicana.<\/p>\n\n\n\n<p>&nbsp;&nbsp;&nbsp;&nbsp;&nbsp; La anexi\u00f3n de Rep\u00fablica Dominicana a Espa\u00f1a fue proclamada por el Presidente Pedro Santana, en un acto celebrado en la plaza de la Catedral de Santo Domingo, el d\u00eda 18 de marzo de 1861.&nbsp;<\/p>\n\n\n\n<p>&nbsp;&nbsp;&nbsp;&nbsp; A pesar de que los dominicanos proclamaron la Restauraci\u00f3n de la Rep\u00fablica el d\u00eda 16 de agosto de 1863,&nbsp; los espa\u00f1oles se resist\u00edan a salir del pa\u00eds y se acantonaron&nbsp; en varios puntos del pa\u00eds.<\/p>\n\n\n\n<p>&nbsp;&nbsp;&nbsp;&nbsp; En un proceso de negociaciones se lleg\u00f3&nbsp; al acuerdo que produjo la salida de los remanentes del Ej\u00e9rcito Espa\u00f1ol a partir del d\u00eda 10 de julio de 1865, con lo que termin\u00f3 de manera definitiva la Guerra de la Restauraci\u00f3n.<\/p>\n","protected":false},"excerpt":{"rendered":"<p>Benito Monci\u00f3n GUAYUBIN, el&nbsp; 19 de agosto de 1863, en la Guerra de la Restauraci\u00f3n, la fuerza restauradora que comandaba el general Benito Monci\u00f3n, tirote\u00f3 a la caballer\u00eda del Gobernador de Santiago, General Manuel Buceta, que se encontraba en Las Pastillas, en la marcha hacia Guayub\u00edn. &nbsp;&nbsp; Un informe se\u00f1ala que los militares espa\u00f1oles contestaron [&hellip;]<\/p>\n","protected":false},"author":28,"featured_media":269845,"comment_status":"closed","ping_status":"","sticky":true,"template":"","format":"standard","meta":{"footnotes":""},"categories":[26,27],"tags":[],"class_list":["post-377011","post","type-post","status-publish","format-standard","has-post-thumbnail","hentry","category-efemerides","category-portada"],"_links":{"self":[{"href":"https:\/\/diariodominicano.com\/index.php?rest_route=\/wp\/v2\/posts\/377011","targetHints":{"allow":["GET"]}}],"collection":[{"href":"https:\/\/diariodominicano.com\/index.php?rest_route=\/wp\/v2\/posts"}],"about":[{"href":"https:\/\/diariodominicano.com\/index.php?rest_route=\/wp\/v2\/types\/post"}],"author":[{"embeddable":true,"href":"https:\/\/diariodominicano.com\/index.php?rest_route=\/wp\/v2\/users\/28"}],"replies":[{"embeddable":true,"href":"https:\/\/diariodominicano.com\/index.php?rest_route=%2Fwp%2Fv2%2Fcomments&post=377011"}],"version-history":[{"count":3,"href":"https:\/\/diariodominicano.com\/index.php?rest_route=\/wp\/v2\/posts\/377011\/revisions"}],"predecessor-version":[{"id":377014,"href":"https:\/\/diariodominicano.com\/index.php?rest_route=\/wp\/v2\/posts\/377011\/revisions\/377014"}],"wp:featuredmedia":[{"embeddable":true,"href":"https:\/\/diariodominicano.com\/index.php?rest_route=\/wp\/v2\/media\/269845"}],"wp:attachment":[{"href":"https:\/\/diariodominicano.com\/index.php?rest_route=%2Fwp%2Fv2%2Fmedia&parent=377011"}],"wp:term":[{"taxonomy":"category","embeddable":true,"href":"https:\/\/diariodominicano.com\/index.php?rest_route=%2Fwp%2Fv2%2Fcategories&post=377011"},{"taxonomy":"post_tag","embeddable":true,"href":"https:\/\/diariodominicano.com\/index.php?rest_route=%2Fwp%2Fv2%2Ftags&post=377011"}],"curies":[{"name":"wp","href":"https:\/\/api.w.org\/{rel}","templated":true}]}}