{"id":37695,"date":"2006-11-09T12:10:27","date_gmt":"2006-11-09T12:10:27","guid":{"rendered":"http:\/\/diariodominicano.ddns.net\/?p=37695"},"modified":"2006-11-09T12:10:27","modified_gmt":"2006-11-09T12:10:27","slug":"el-tiro-rapido-472","status":"publish","type":"post","link":"https:\/\/diariodominicano.com\/?p=37695","title":{"rendered":"EL TIRO RAPIDO"},"content":{"rendered":"<p><body><\/p>\n<h1 align=\"center\">EL TIRO RAPIDO<\/h1>\n<p>&#13;<\/p>\n<p align=\"center\" class=\"textogrande\">de<br \/>&#13;<br \/>\nMario  Rivadulla<\/p>\n<p>&#13;<\/p>\n<p align=\"justify\" class=\"text1noticias\">En d\u00ecas recientes, el Presidente Leonel Fern\u00e1ndez se quej\u00f2  de que se estaba formando un \u201calboroto\u201d indebido en torno al proyecto de  Reforma, Reajuste o Rectificaci\u00f3n Fiscal, seg\u00f9n la \u00f3ptica con que se analice,  a\u00f9n cuando todav\u00eca no se hab\u00eca completado el borrador que le ser\u00eca\u00a0 sometido para su evaluaci\u00f3n y posterior  anuncio al pa\u00ecs.<\/p>\n<p>&#13;<\/p>\n<p align=\"justify\" class=\"text1noticias\">Su queja pudiera entenderse como\u00a0 v\u00e0lida.\u00a0  Lo sensato y razonable en este caso, ser\u00eca disponer primero del texto  definitivo de la propuesta para entonces proceder a criticarla en vez\u00a0 especular sobre su contenido, antes de  haberlo dado a conocer.<br \/>&#13;<br \/>\n\u00a0\u00a0 <br \/>&#13;<br \/>\nPero la queja presidencial en todo caso, le corresponde  m\u00e0s que a nadie a su propio\u00a0  entorno.\u00a0 Quienes dan lugar a la  situaci\u00f2n que se\u00f1ala, son precisamente funcionarios oficiales que, d\u00eca a d\u00eca,  divulgan sus opiniones en torno a las medidas fiscales que ser\u00ecan adoptadas  para dar satisfacci\u00f3n a las alegadas exigencias del Fondo Monetario  Internacional y tratar de cuadrar las,\u00a0  ahora mismo,\u00a0 muy desniveladas  cuentas del gobierno.<\/p>\n<p>&#13;<\/p>\n<p align=\"justify\" class=\"text1noticias\">El primer error, como bien apunt\u00f2 en su momento ese agudo  analista que es Orlando Gil, en su le\u00ecda columna del List\u00ecn Diario, fue  anunciar en Washington el env\u00eco del proyecto al Congreso antes de finalizar el  a\u00f1o,\u00a0 durante la visita del Presidente  Fern\u00e1ndez a su hom\u00f2logo George Bush, en la Casa Blanca.\u00a0\u00a0 <\/p>\n<p>&#13;<\/p>\n<p align=\"justify\" class=\"text1noticias\">La noticia cay\u00f2 como un jarro de agua helada a pocas  semanas del conveniente respiro que para la ciudadan\u00eca y el gobierno, ambos en  situaci\u00f2n de extremo agobio,\u00a0 representan  los tradicionales festejos navide\u00f1os.\u00a0  Pero adem\u00e1s, le quit\u00f2 gran parte del impacto a la visita y a los  resultados de la entrevista entre ambos mandatarios.<\/p>\n<p>&#13;<\/p>\n<p align=\"justify\" class=\"text1noticias\">A partir de tan inoportuno avance, se ha registrado una  sucesi\u00f3n de noticias a cada cual m\u00e0s preocupante.\u00a0 Veamos:<\/p>\n<p>&#13;<\/p>\n<p align=\"justify\" class=\"text1noticias\">Ampliaci\u00f3n de la base del ITBIS a unos 300 \u00f2 m\u00e0s productos  procesados, de cuyo listado solo se salvar\u00ecan los primarios del agro que forman  parte de la canasta familiar, pero que sin embargo quedar\u00ecan de todos modos  afectados por la aplicaci\u00f3n del ITBIS a los fertilizantes y agroqu\u00edmicos usados  en su cultivo.<\/p>\n<p>&#13;<\/p>\n<p align=\"justify\" class=\"text1noticias\">Mantenimiento del aumento del impuesto sobre la renta que  se hab\u00eca acordado en la previa reforma, ser\u00ecan gradualmente desmontado tanto  para las personas f\u00edsicas como para las empresas hasta retornar al nivel  original establecido en el C\u00f3digo Tributario vigente.<\/p>\n<p>&#13;<\/p>\n<p align=\"justify\" class=\"text1noticias\">Probable nuevo aumento del impuesto suntuario sobre la  propiedad inmobiliaria.<\/p>\n<p>&#13;<\/p>\n<p align=\"justify\" class=\"text1noticias\">Focalizaci\u00f3n del subsidio al gas licuado en amas de casa  de escasos recursos, con el consiguiente alza para la clase media, y un  eventual y ya advertido aumento en los pasajes del transporte.<\/p>\n<p>&#13;<\/p>\n<p align=\"justify\" class=\"text1noticias\">Reducci\u00f3n en 250 millones de d\u00f3lares del subsidio al  sector el\u00e9ctrico, precisamente en momentos en que se admite que las  distribuidoras no han podido hacer progresos en combatir el fraude y se  adelanta que, a\u00f9n con la renegociaci\u00f2n de los contratos con las generadoras, la  mejor\u00eca en el costo de la generaci\u00f3n ser\u00eca m\u00ednima, todo lo cual pronostica  facturas m\u00e0s abultadas en el 2007&#8230; para los que pagan.<\/p>\n<p>&#13;<\/p>\n<p align=\"justify\" class=\"text1noticias\">Presiones del FMI para gravar los intereses de los ahorros  depositados en la banca comercial, en momentos en que la tasa de \u00e8stos ha  descendido considerablemente y tiende a igualarse casi con la ascendente que  pagan los bancos norteamericanos, lo que de concretizarse pudiera provocar una  estampida masiva hacia el mercado de divisas y la consiguiente fuga de  capitales.<\/p>\n<p>&#13;<\/p>\n<p align=\"justify\" class=\"text1noticias\">Aplicaci\u00f3n del advalorem a las bebidas alcoh\u00f3licas,  incrementando a\u00f9n m\u00e0s sus ya exagerados montos. <\/p>\n<p>&#13;<\/p>\n<p align=\"justify\" class=\"text1noticias\">En fin, todo un conjunto de informaciones inquietantes que  parten precisamente del sector oficial, donde luce a veces que existe un exceso  de protagonismo y\u00a0 falta de coherencia en  el mensaje a la poblaci\u00f3n. Una situaci\u00f2n que no contribuy\u00f2 a mejorar el encuentro  en el Palacio con el jefe de la misi\u00f2n del FMI, Andy Wolf.\u00a0 No es de extra\u00f1ar por tanto, el \u201calboroto\u201d de  que, no sin raz\u00f3n, se queja mandatario. <\/p>\n<p>&#13;<\/p>\n<p align=\"justify\" class=\"text1noticias\">La cruda realidad es \u00e8sta: la inmensa mayor\u00eca de la  ciudadan\u00eca expectante, a la espera de nuevos impuestos y el sector empresarial  por su parte, visiblemente conmocionado ante la realidad de asumir nuevos  costos que recortar\u00e0n a\u00f9n m\u00e0s sus posibilidades de competir en el marco del  Tratado de Libre Comercio que ya nos est\u00e0 tocando\u00a0 a las puertas.<\/p>\n<p>&#13;<\/p>\n<p align=\"justify\" class=\"text1noticias\">De ah\u00ec, nuestra insistencia de que el Presidente Fern\u00e1ndez  pondere cuidadosamente el proyecto que se le presente, que de seguro recoger\u00e0  en gran medida los requerimientos y sugerencias del Fondo Monetario  Internacional, evaluando su costo pol\u00edtico, econ\u00f2mico y social antes de  anunciarlo al pa\u00ecs.<\/p>\n<p>&#13;<\/p>\n<p align=\"justify\" class=\"text1noticias\">H\u00e1galo as\u00ec. Y luego dir\u00edjase a la naci\u00f2n exponiendo la  situaci\u00f2n con toda crudeza y\u00a0 poniendo  por delante y como aval solidario, el firme compromiso de austerizar el  gobierno eliminando todo gasto superfluo o suntuario y retomando el plan de  ahorro nacional que nunca debi\u00f3 haber sido descontinuado para que la demanda de  cualquier nuevo sacrificio a un pueblo que est\u00e0 pagando cuentas que no le  corresponden, tenga al menos la fuerza moral de predicar con el ejemplo.<\/p>\n<p>&#13;<\/p>\n<h6> 2006-11-09 12:10:27 <\/h6>\n<p><!--\n<link rel=\"stylesheet\" href=\"css\/bootstrap.min.css\">\n\n\n<ul class=\"pagination\">\n\t    \n\t\n\n<li >\n\t<a href='?page_no=13431'>Previous<\/a>\n\t<\/li>\n\n\n       \n    \n\n<li><a href='?page_no=1'>1<\/a><\/li>\n\n\n\n<li><a href='?page_no=2'>2<\/a><\/li>\n\n\n\n<li><a>...<\/a><\/li>\n\n\n\n<li><a href='?page_no=13430'>13430<\/a><\/li>\n\n\n\n<li><a href='?page_no=13431'>13431<\/a><\/li>\n\n\n\n<li class='active'><a>13432<\/a><\/li>\n\n\n\n<li><a href='?page_no=13433'>13433<\/a><\/li>\n\n\n\n<li><a href='?page_no=13434'>13434<\/a><\/li>\n\n\n\n<li><a>...<\/a><\/li>\n\n\n\n<li><a href='?page_no=13611'>13611<\/a><\/li>\n\n\n\n<li><a href='?page_no=13612'>13612<\/a><\/li>\n\n    \n\t\n\n<li >\n\t<a href='?page_no=13433'>Next<\/a>\n\t<\/li>\n\n\n    \n\n<li><a href='?page_no=13612'>Last &rsaquo;&rsaquo;<\/a><\/li>\n\n<\/ul>\n\n\n--><br \/>\n<\/body><\/p>\n","protected":false},"excerpt":{"rendered":"<p>EL TIRO RAPIDO &#13; de&#13; Mario Rivadulla &#13; En d\u00ecas recientes, el Presidente Leonel Fern\u00e1ndez se quej\u00f2 de que se estaba formando un \u201calboroto\u201d indebido en torno al proyecto de Reforma, Reajuste o Rectificaci\u00f3n Fiscal, seg\u00f9n la \u00f3ptica con que se analice, a\u00f9n cuando todav\u00eca no se hab\u00eca completado el borrador que le ser\u00eca\u00a0 sometido [&hellip;]<\/p>\n","protected":false},"author":3,"featured_media":0,"comment_status":"open","ping_status":"open","sticky":false,"template":"","format":"standard","meta":{"footnotes":""},"categories":[16],"tags":[],"class_list":["post-37695","post","type-post","status-publish","format-standard","hentry","category-opiniones"],"_links":{"self":[{"href":"https:\/\/diariodominicano.com\/index.php?rest_route=\/wp\/v2\/posts\/37695","targetHints":{"allow":["GET"]}}],"collection":[{"href":"https:\/\/diariodominicano.com\/index.php?rest_route=\/wp\/v2\/posts"}],"about":[{"href":"https:\/\/diariodominicano.com\/index.php?rest_route=\/wp\/v2\/types\/post"}],"author":[{"embeddable":true,"href":"https:\/\/diariodominicano.com\/index.php?rest_route=\/wp\/v2\/users\/3"}],"replies":[{"embeddable":true,"href":"https:\/\/diariodominicano.com\/index.php?rest_route=%2Fwp%2Fv2%2Fcomments&post=37695"}],"version-history":[{"count":0,"href":"https:\/\/diariodominicano.com\/index.php?rest_route=\/wp\/v2\/posts\/37695\/revisions"}],"wp:attachment":[{"href":"https:\/\/diariodominicano.com\/index.php?rest_route=%2Fwp%2Fv2%2Fmedia&parent=37695"}],"wp:term":[{"taxonomy":"category","embeddable":true,"href":"https:\/\/diariodominicano.com\/index.php?rest_route=%2Fwp%2Fv2%2Fcategories&post=37695"},{"taxonomy":"post_tag","embeddable":true,"href":"https:\/\/diariodominicano.com\/index.php?rest_route=%2Fwp%2Fv2%2Ftags&post=37695"}],"curies":[{"name":"wp","href":"https:\/\/api.w.org\/{rel}","templated":true}]}}