{"id":37691,"date":"2006-11-11T17:14:36","date_gmt":"2006-11-11T17:14:36","guid":{"rendered":"http:\/\/diariodominicano.ddns.net\/?p=37691"},"modified":"2006-11-11T17:14:36","modified_gmt":"2006-11-11T17:14:36","slug":"primer-encuentro-por-la-liberacion-de-la-patria-grande","status":"publish","type":"post","link":"https:\/\/diariodominicano.com\/?p=37691","title":{"rendered":"Primer encuentro por la liberaci\u00f3n de la Patria Grande"},"content":{"rendered":"<p><body><\/p>\n<p align=\"center\" class=\"titulogrande1\"><strong>Primer encuentro por la liberaci\u00f3n de la Patria Grande:<\/strong><\/p>\n<p>&#13;<\/p>\n<p align=\"center\" class=\"text1noticias\"><strong>\u00a1SURGE BLOQUE REGIONAL DE PODER POPULAR!<\/strong><\/p>\n<p>&#13;<\/p>\n<p align=\"center\" class=\"textogrande\">Por Narciso Isa Conde<\/p>\n<p>&#13;<\/p>\n<p align=\"justify\" class=\"text1noticias\">El destino era el Primer Encuentro  de los Pueblos y Estados por la   Liberaci\u00f3n de la Patria   Grande, convocado por el presidente Evo Morales y el comit\u00e9  internacional preparatorio para los d\u00edas 27, 28 y 29 de octubre en Sucre,  capital constitucional de Bolivia.<\/p>\n<p>&#13;<\/p>\n<p align=\"justify\" class=\"text1noticias\">A m\u00ed me comunic\u00f3 la  invitaci\u00f3n el intelectual mexicano-alem\u00e1n Heinz Dieterich, para que participara  con \u00e9l en la mesa sobre el tema del Socialismo del Siglo XXI; y me pareci\u00f3 muy interesante  la iniciativa, aunque ciertamente no pens\u00e9 que lo ser\u00eda tanto.<\/p>\n<p>&#13;<\/p>\n<p align=\"justify\" class=\"text1noticias\">Un H\u00e9rcules Antiimperialista<\/p>\n<p>&#13;<\/p>\n<p align=\"justify\" class=\"text1noticias\">Los (as) participantes del Caribe,  Centroam\u00e9rica y Venezuela deb\u00edamos juntarnos en el Circulo de las Fuerzas  Armadas Bolivarianas de Venezuela del puerto de La Guaira, pr\u00f3ximo al  aeropuerto de Maiquet\u00eda.<\/p>\n<p>&#13;<\/p>\n<p align=\"justify\" class=\"text1noticias\">All\u00ed nos esperaba un avi\u00f3n  H\u00e9rcules C-130 (made in USA) que nos trasladar\u00eda a Sucre, con escala en Santa  Cruz de la Sierra. Como sardinas en  lata volamos durante ocho horas en ese cuatrimotor de h\u00e9lices, dise\u00f1ado para  operaciones de desembarco de tropas especiales y equipos militares.<\/p>\n<p>&#13;<\/p>\n<p align=\"justify\" class=\"text1noticias\">Un ruido de madre y un fri\u00f3 de padre y madre. \u00a1Con raz\u00f3n el litro de  ron Brugal que le llevaba a uno de mis amigos no lleg\u00f3 a su destino! \u00a1Tampoco el  botell\u00f3n de aguardiente que llevaba un camarada venezolano! Nos toc\u00f3 de a poco  por cabeza, pero nos toc\u00f3. Y no faltaron los (as) que api\u00f1aditos y titiritando de fri\u00f3 reclamaban la cabeza del  amigo Heinz. <\/p>\n<p>&#13;<\/p>\n<p align=\"justify\" class=\"text1noticias\">Pero llegamos bien, justo a  la hora de la apertura del evento, maleta en manos; no sin comenzar a sentir  los efectos sofocantes de los 2,800 metros de altura de la hermosamente  colonial ciudad de Sucre, sede ahora de la Asamblea Constituyente  reci\u00e9n electa.<\/p>\n<p>&#13;<\/p>\n<p align=\"justify\" class=\"text1noticias\">El Encuentro<\/p>\n<p>&#13;<\/p>\n<p align=\"justify\" class=\"text1noticias\">Y entonces comenz\u00f3 lo mejor:  el gran encuentro que culminar\u00eda con la decisi\u00f3n de formar un gran bloque  regional de movimientos sociales, corrientes revolucionarias, partidos y  movimientos socialistas, comunidades originarias, sindicatos, intelectuales,  ambientalistas, organizaciones juveniles, agrupamientos feministas\u2026<\/p>\n<p>&#13;<\/p>\n<p align=\"justify\" class=\"text1noticias\">Todo un coliseo deportivo  repleto: unos 800 a  900 participantes y alrededor de dos mil observadores, entre los que se  encontraba una nutrida delegaci\u00f3n de la Asamblea Constituyente  presidida por la dirigente ind\u00edgena Silvia Lazarte<br \/>&#13;<br \/>\n  <br \/>&#13;<br \/>\n  Delegaciones de M\u00e9xico, Cuba,  El Salvador,Guatemala,Venezuela, Colombia, Ecuador, Brasil, Per\u00fa, Chile,  Argentina, Paraguay, Rep\u00fablica Dominicana, Bolivia, Suecia, EEUU\u2026<\/p>\n<p>&#13;<\/p>\n<p align=\"justify\" class=\"text1noticias\">Doce mesas o paneles de  expositores sobre temas de indudable actualidad y trascendencia: 1) Unificaci\u00f3n  del movimiento ind\u00edgena.- 2) Unificaci\u00f3n del movimiento campesino.- 3) Derecho  a la vida.- 4) Unificaci\u00f3n del movimiento obrero.- 5) Intelectuales, modelo econ\u00f3mico  regional de desarrollo.- 6) Socialismo del siglo XXI.- 7) Soberan\u00eda de la Patria Grande y defensa  militar.- 8) Defensa ecol\u00f3gica de la Pachamama (Madre tierra).- 9) Poder local,  presupuesto participativo, autogobierno y democracia directa.- 10) La  geopol\u00edtica del gas y el petr\u00f3leo como armas de liberaci\u00f3n.- 11) Identidad y  educaci\u00f3n latinoamericana como medios de libraci\u00f3n,.-12) Alianza entre Poder Popular  y Estados en la liberaci\u00f3n social, nacional y regional.<\/p>\n<p>&#13;<\/p>\n<p align=\"justify\" class=\"text1noticias\">Magn\u00edficas exposiciones  procedentes de un nutrido abanico de representantes y actores de diversas  experiencias y posiciones revolucionarias internacionales; de consistentes,  aunque variados enfoques antiimperialistas, antineoliberales, anticapitalistas  y prosocialistas.<br \/>&#13;<br \/>\n  \u00a0<br \/>&#13;<br \/>\n  De elevado sentido  \u00e9tico-moral.<\/p>\n<p>&#13;<\/p>\n<p align=\"justify\" class=\"text1noticias\">De gran calado popular y  profundas ra\u00edces culturales latinoamericanas y caribe\u00f1as.<\/p>\n<p>&#13;<\/p>\n<p align=\"justify\" class=\"text1noticias\">La sabidur\u00eda de la  inteligencia sencilla combinada con la argumentaci\u00f3n cient\u00edfica.<\/p>\n<p>&#13;<\/p>\n<p align=\"justify\" class=\"text1noticias\">Con alto protagonismo  ind\u00edgena (incluyendo sus expresiones idiom\u00e1ticas, traducciones \u00a0al quechua y \u00a0al aymar\u00e1).<\/p>\n<p>&#13;<\/p>\n<p align=\"justify\" class=\"text1noticias\">El mito y la raz\u00f3n, el  pensamiento y la acci\u00f3n fundidos en armas contra las injusticias; cada minuto,  cada hora, los tres d\u00edas, en todas las secciones de trabajo\u2026 hasta confluir en seis  talleres tem\u00e1ticos, escenarios de una riqu\u00edsima lluvia de ideas, que solo el  protagonismo colectivo de todos (as) los (as) presentes pod\u00eda ofrecer.<\/p>\n<p>&#13;<\/p>\n<p align=\"justify\" class=\"text1noticias\">Marxismo, cosmovisiones  andinas, ambientalismo revolucionario, antiimperialismo, feminismo  contestatario, rebeld\u00eda juvenil, teolog\u00eda de la liberaci\u00f3n\u2026nutrieron  persistentemente el cauce liberador junto a un gran prop\u00f3sito com\u00fan: unirnos  para avanzar, unirnos para triunfar, aglutinar la diversidad revolucionaria y  nacional de los pueblos en la lucha, sumar las fuerzas transformadoras de las  patrias chicas en el escenario de la Patria   Grande, para vencer oligarqu\u00edas voraces atadas al perverso  dominio imperial.<\/p>\n<p>&#13;<\/p>\n<p align=\"justify\" class=\"text1noticias\">Nuevas vanguardias en  gestaci\u00f3n ajenas a f\u00f3rmulas dogm\u00e1ticas, al trasplante de modelos europeos y  norteamericanos y a la reproducci\u00f3n del partidismo tradicional.<\/p>\n<p>&#13;<\/p>\n<p align=\"justify\" class=\"text1noticias\">Tupacamaru, Anacaona, Guaicaipuro,  Bol\u00edvar, Sucre, Art\u00edgas, San Mart\u00edn, Sandino, Moraz\u00e1n, Mart\u00ed, Farabundo,  Caama\u00f1o\u2026 recorr\u00edan constantemente la superficie del Coliseo y el esp\u00edritu y el  rostro emblem\u00e1tico del Che se dej\u00f3 sentir cada segundo con su maravilloso  influjo.<\/p>\n<p>&#13;<\/p>\n<p align=\"justify\" class=\"text1noticias\">All\u00ed se tomaba t\u00e9 de coca,  yerba mate, caf\u00e9 y agua. Estaban delicadamente prohibidas la Coca-Cola, la Pepsi-Cola y bebidas  similares.<\/p>\n<p>&#13;<\/p>\n<p align=\"justify\" class=\"text1noticias\">La alimentaci\u00f3n, la  disciplina, la atenci\u00f3n y la informaci\u00f3n, nunca fallaron y siempre conservaron  su car\u00e1cter igualitario. Una red de activistas, integrada por gentiles muchachos  y muchachas, garantiz\u00f3 su sencilla eficacia.<\/p>\n<p>&#13;<\/p>\n<p align=\"justify\" class=\"text1noticias\">Los libros, CD, DVD, fotos,  afiches, revistas, y folletos de autores, letras y esp\u00edritu revolucionarios,  colmaban las mesas de exposiciones y ventas.<\/p>\n<p>&#13;<\/p>\n<p align=\"justify\" class=\"text1noticias\">La solidaridad mundial con la Revoluci\u00f3n Bolivariana  no se ausent\u00f3 un solo instante en esta fase de persistentes esfuerzos golpistas  y desestabilizadores de la oligarqu\u00eda boliviana y del imperialismo estadounidense.  Este primer encuentro ten\u00eda tambi\u00e9n este prop\u00f3sito y lo logr\u00f3 con creces.<\/p>\n<p>&#13;<\/p>\n<p align=\"justify\" class=\"text1noticias\">No pudo Evo, pero si el Vice<\/p>\n<p>&#13;<\/p>\n<p align=\"justify\" class=\"text1noticias\">Todos (as) esper\u00e1bamos  ansiosos (as) a Evo para escuchar su voz y sentir su presencia f\u00edsica.<\/p>\n<p>&#13;<\/p>\n<p align=\"justify\" class=\"text1noticias\">Compromisos imperiosos  relacionados con la renegociaci\u00f3n de los contratos de explotaci\u00f3n de gas,  petr\u00f3leo y miner\u00eda se lo impidieron, y en su lugar asisti\u00f3 el vicepresidente \u00c4lvaro  Garc\u00eda Linera para formar parte de la mesa \u201cAlianza entre Poder Popular y  Estados Progresistas\u201d, en la clausura del evento.<\/p>\n<p>&#13;<\/p>\n<p align=\"justify\" class=\"text1noticias\">Y en verdad \u00c1lvaro Garc\u00eda  represent\u00f3 a Evo Morales con un impresionante despliegue de talento, sinceridad  y compromiso transformador.<\/p>\n<p>&#13;<\/p>\n<p align=\"justify\" class=\"text1noticias\">Su intervenci\u00f3n fue  sencillamente magistral.<\/p>\n<p>&#13;<\/p>\n<p align=\"justify\" class=\"text1noticias\">Su saludo inicial fue  sencillo y cari\u00f1oso, y de inmediato se dispuso a presentar tres temas de reflexi\u00f3n:<\/p>\n<p>&#13;<\/p>\n<p align=\"justify\" class=\"text1noticias\">1) C\u00f3mo salir del  neoliberalismo.- 2) La relaci\u00f3n entre los Estados progresistas o  revolucionarios y los movimientos sociales.- 3) El nuevo socialismo.<\/p>\n<p>&#13;<\/p>\n<p align=\"justify\" class=\"text1noticias\">Describi\u00f3 con precisi\u00f3n  cuatro puntos centrales del neoliberalismo: la fragmentaci\u00f3n de los movimientos  sociales y organizaciones populares (viejos movimientos obreros, sindicales,  gremiales, profesionales\u2026); la privatizaci\u00f3n de los bienes, servicios p\u00fablicos  y recursos naturales; el empeque\u00f1ecimiento del Estado y de sus funciones  sociales; y la expropiaci\u00f3n de la participaci\u00f3n pol\u00edtica del pueblo hasta  convertir las elecciones en actos rituales.<\/p>\n<p>&#13;<\/p>\n<p align=\"justify\" class=\"text1noticias\">Definidos esos pilares, que \u201ctanta  pobreza y marginaci\u00f3n han generado\u201d, plante\u00f3 la necesidad de sustituirlos,  procurando:<\/p>\n<p>&#13;<\/p>\n<div align=\"justify\">&#13;<\/p>\n<ol>&#13;<\/p>\n<li class=\"text1noticias\">Reestructurar y  consolidar los movimientos sociales, las redes de j\u00f3venes mujeres, campesinos  (as), ind\u00edgenas, obreros (as)\u2026 los sectores mas golpeados; desarrollando nuevas  formas de organizaci\u00f3n y de lucha en cada uno de esas clases y sectores. Esto  como primera tarea.<br \/>&#13;<br \/>\n      <br \/>&#13;\n    <\/li>\n<p>&#13;<\/p>\n<li class=\"text1noticias\">Socializar la  riqueza colectiva, devolvi\u00e9ndole a los verdaderos due\u00f1os los recursos de la  naci\u00f3n. Recuperar esos recursos y producir su reapropiaci\u00f3n social.<br \/>&#13;<br \/>\n      <br \/>&#13;\n    <\/li>\n<p>&#13;<\/p>\n<li class=\"text1noticias\">Repotenciar el  Estado para lograr un mejor posicionamiento del mismo frente a un orden mundial  adverso. Reconstruirlo para hacerlo fuerte en lo econ\u00f3mico, en lo pol\u00edtico y en  lo cultural, para convertirlo en escudo de protecci\u00f3n de los movimientos  sociales. (En esta parte aclar\u00f3 que el reforzamiento estatal que propon\u00eda no  era igual a capitalismo de Estado, puesto que propugnaba tambi\u00e9n por su permanente  vigilancia y control desde el pueblo y sus movimientos sociales.)<br \/>&#13;<br \/>\n      <br \/>&#13;\n    <\/li>\n<p>&#13;<\/p>\n<li class=\"text1noticias\">Desplegar la  innovaci\u00f3n en cuanto a formas de democracia y participaci\u00f3n en todo lo que  acontezca en el pa\u00eds. Promoci\u00f3n de la democracia comunitaria, la democracia  directa, la conquista de los derechos del pueblo y las m\u00e1s variadas formas de  gesti\u00f3n y participaci\u00f3n popular.<\/li>\n<p>&#13;\n  <\/ol>\n<p>&#13;\n<\/p><\/div>\n<p>&#13;<\/p>\n<p align=\"justify\" class=\"text1noticias\">Actuar de esta manera  \u2013enfatiz\u00f3- \u201ces la garant\u00eda de la victoria del pos-neoliberalismo en la regi\u00f3n y  mas all\u00e1\u201d.<\/p>\n<p>&#13;<\/p>\n<p align=\"justify\" class=\"text1noticias\">Am\u00e9rica latina y el caribe  est\u00e1n de la lucha contra el neoliberalismo apuntando hacia sociedades pos neoliberales  profundamente democr\u00e1ticas. Y potenciar estas tendencias es abrirle cauce al  nuevo socialismo, en opini\u00f3n del actual vicepresidente boliviano.<\/p>\n<p>&#13;<\/p>\n<p align=\"justify\" class=\"text1noticias\">Los movimientos ind\u00edgenas,  los nuevos movimientos sociales, sus luchas por la reapropiaci\u00f3n colectiva de  nuestras riquezas, son sujetos sociales del nuevo socialismo y act\u00faan en esa  direcci\u00f3n. Y dentro de esa l\u00f3gica el pos neoliberalismo es una especie de tr\u00e1nsito  al socialismo, cuya construcci\u00f3n es un proceso de no pocos a\u00f1os.<\/p>\n<p>&#13;<\/p>\n<p align=\"justify\" class=\"text1noticias\">Las comunidades ind\u00edgenas a  su entender tienen pontecialidades para ir mas all\u00e1 del pos neoliberalismo, son  fuentes del nuevo socialismo. Y los obreros de las grandes empresas han sido  dispersados, pero hay m\u00e1s obreros, para los cuales hay que \u201cinventar\u201d nuevas  formas de organizaci\u00f3n y lucha que posibiliten su aporte a esa meta.<\/p>\n<p>&#13;<\/p>\n<p align=\"justify\" class=\"text1noticias\">Garc\u00eda Lineras plante\u00f3 con  claridad la tensi\u00f3n entre el Estado, de por s\u00ed concentrador de decisiones, y  los movimientos sociales que tienden a expandir, a desconcentrar, las  decisiones. La tensi\u00f3n entre concentraci\u00f3n y participaci\u00f3n y el desafi\u00f3 de  creaci\u00f3n de nuevos Estado dirigidos por los movimientos sociales y los nuevos  sujetos de las transformaciones revolucionarias, ocup\u00f3 un lugar destacado de su  intervenci\u00f3n.<\/p>\n<p>&#13;<\/p>\n<p align=\"justify\" class=\"text1noticias\">Igual subray\u00f3 la necesidad de  atraer las capas de medias y de construir Estados que unan a la patria y nos  protejan de las embestidas antinacionales y anti-populares.<\/p>\n<p>&#13;<\/p>\n<p align=\"justify\" class=\"text1noticias\">Defini\u00f3 el socialismo como la  felicidad, recalcando que as\u00ed como el capitalismo es un estructura planetaria, el  socialismo tiene que ser tambi\u00e9n planetario, destacando a la vez el valor del latinoamericanismo  y del internacionalismo con estas frases: \u201cla lucha de ustedes es la nuestra, o  ganamos todos(as) o perdemos(as)\u2026 no nos abandonen, no los abandonaremos\u201d.<\/p>\n<p>&#13;<\/p>\n<p align=\"justify\" class=\"text1noticias\">Llam\u00f3 la atenci\u00f3n la frescura  y la audacia de su esp\u00edritu, de sus palabras, sobre todo en lo relativo a  reconocer, aun ejerciendo funciones de Estado primordiales, la necesidad de  contrarrestar la concentraci\u00f3n de decisiones y de defender la creatividad del  campo popular, de la democracia directa y la colectivizaci\u00f3n las riquezas y del  poder.<\/p>\n<p>&#13;<\/p>\n<p align=\"justify\" class=\"text1noticias\">De su parte ya Heinz Dieterich  hab\u00eda tocado agudamente ese tema neur\u00e1lgico emplazando a los presidentes y  gobiernos del cambio a no ser \u201centidades feudales\u201d, a aceptar al pueblo y a sus  organizaciones revolucionarias y transformadoras, a sus movimientos sociales  contestatarios, en \u201cel mismo nivel de poder\u201d<\/p>\n<p>&#13;<\/p>\n<p align=\"justify\" class=\"text1noticias\">De \u201csoberbio\u201d calific\u00f3 a los  gobiernos que desprecian estos movimientos y tambi\u00e9n a los movimientos que se  niegan a apoyar las decisiones gubernamentales que implican avances y  transformaciones pol\u00edticas y sociales progresivas.<\/p>\n<p>&#13;<\/p>\n<p align=\"justify\" class=\"text1noticias\">La uni\u00f3n de las fuerzas del  cambio, dentro y fuera de los Estados,\u201des vital\u201d. Es cuesti\u00f3n de \u201cvida o muerte\u201d,  dada la feroz contraofensiva del imperialismo y las oligarqu\u00edas, subray\u00f3 Dieterich.  Y todo esto potenci\u00f3 la determinaci\u00f3n de todos los sectores representados en  este primer encuentro de conformar el Bloque Regional de Poder Popular(BRPP).  Proceso en marcha, abierto a nuevos incorporaciones, dispuesto a crecer y a  multiplicarse.<\/p>\n<p>&#13;<\/p>\n<p align=\"justify\" class=\"text1noticias\">Pero no solo eso.<\/p>\n<p>&#13;<\/p>\n<p align=\"justify\" class=\"text1noticias\">De este primer encuentro, el  BRPD sali\u00f3 con una tarea especifica de enorme trascendencia: concurrir  masivamente a Cumbre de Jefes de Estado Suramericanos que tendr\u00e1 lugar en  Cochabamba, Bolivia, a principio de diciembre, para proponerle un di\u00e1logo  abierto alrededor de cuatro ejes fundamentales:<\/p>\n<p>&#13;<\/p>\n<div align=\"justify\">&#13;<\/p>\n<ol>&#13;<\/p>\n<li class=\"text1noticias\">Deuda Externa.<br \/>&#13;<br \/>\n      <br \/>&#13;\n    <\/li>\n<p>&#13;<\/p>\n<li class=\"text1noticias\">Bases militares y  tropas estadounidenses en la regi\u00f3n.<br \/>&#13;<br \/>\n      <br \/>&#13;\n    <\/li>\n<p>&#13;<\/p>\n<li class=\"text1noticias\">Proyectos de  desarrollo agropecuario e industrial para las naciones y para la regi\u00f3n.<br \/>&#13;<br \/>\n      <br \/>&#13;\n    <\/li>\n<p>&#13;<\/p>\n<li class=\"text1noticias\">Fuerzas de  defensa, ej\u00e9rcitos defensores de la soberan\u00eda, doctrina de seguridad  latinoamericana y caribe\u00f1a y organizaci\u00f3n de las fuerzas civiles con ese  prop\u00f3sito.<\/li>\n<p>&#13;\n  <\/ol>\n<p>&#13;\n<\/p><\/div>\n<p>&#13;<\/p>\n<p align=\"justify\" class=\"text1noticias\">Se le propone a esa Cumbre, a  trav\u00e9s del Presidente Evo Morales, un di\u00e1logo de t\u00fa a t\u00fa, cara a nuestros  pueblos, que posibilite preguntarle a los representantes de los Estado  suramericanos porqu\u00e9 seguir pagando una deuda externa onerosa y ya pagada siete  veces, porqu\u00e9 aceptar tropas y bases militares estadounidense en la regi\u00f3n, c\u00f3mo  enfocar el desarrollo industrial en nuestros campos y c\u00f3mo defendernos de las  agresiones militares externas desde una actitud aut\u00f3noma y soberana.<\/p>\n<p>&#13;<\/p>\n<p align=\"justify\" class=\"text1noticias\">Hablar a ventana y puertas  abiertas, frente a los medio masivos de comunicaci\u00f3n, de igual a igual, sin  censura, con transparencia.<\/p>\n<p>&#13;<\/p>\n<p align=\"justify\" class=\"text1noticias\">Razones, pues, hubo para  salir de Sucre con las bater\u00edas cargadas, abordando un H\u00e9rcules orgulloso, por  fin, de una digna misi\u00f3n.<\/p>\n<p>&#13;<\/p>\n<p align=\"justify\" class=\"text1noticias\">Cierto  que pese a lo representativo del evento, falt\u00f3 mayor presencia de pa\u00edses caribe\u00f1os y centroamericanos, y es  preciso incorporar importantes corrientes, organizaci\u00f3n y personalidades de los  pa\u00edses representados y no representados.<\/p>\n<p>&#13;<\/p>\n<p align=\"justify\" class=\"text1noticias\">Esto nos emplaza a atraer m\u00e1s,  a unir m\u00e1s, a ampliar m\u00e1s aun, la diversidad revolucionaria.<\/p>\n<p>&#13;<\/p>\n<p align=\"justify\" class=\"text1noticias\">Pero de todas maneras se  trat\u00f3 de una formidable experiencia, generadora de una iniciativa trascendente.  Resta ahora convertir la resoluciones en hechos, el pensamiento en acci\u00f3n. No  retroceder, avanzar, avanzar: \u00a1Hasta la victoria siempre! <\/p>\n<p>&#13;<\/p>\n<h6> 2006-11-11 17:14:36 <\/h6>\n<p><!--\n<link rel=\"stylesheet\" href=\"css\/bootstrap.min.css\">\n\n\n<ul class=\"pagination\">\n\t    \n\t\n\n<li >\n\t<a href='?page_no=13428'>Previous<\/a>\n\t<\/li>\n\n\n       \n    \n\n<li><a href='?page_no=1'>1<\/a><\/li>\n\n\n\n<li><a href='?page_no=2'>2<\/a><\/li>\n\n\n\n<li><a>...<\/a><\/li>\n\n\n\n<li><a href='?page_no=13427'>13427<\/a><\/li>\n\n\n\n<li><a href='?page_no=13428'>13428<\/a><\/li>\n\n\n\n<li class='active'><a>13429<\/a><\/li>\n\n\n\n<li><a href='?page_no=13430'>13430<\/a><\/li>\n\n\n\n<li><a href='?page_no=13431'>13431<\/a><\/li>\n\n\n\n<li><a>...<\/a><\/li>\n\n\n\n<li><a href='?page_no=13611'>13611<\/a><\/li>\n\n\n\n<li><a href='?page_no=13612'>13612<\/a><\/li>\n\n    \n\t\n\n<li >\n\t<a href='?page_no=13430'>Next<\/a>\n\t<\/li>\n\n\n    \n\n<li><a href='?page_no=13612'>Last &rsaquo;&rsaquo;<\/a><\/li>\n\n<\/ul>\n\n\n--><br \/>\n<\/body><\/p>\n","protected":false},"excerpt":{"rendered":"<p>Primer encuentro por la liberaci\u00f3n de la Patria Grande: &#13; \u00a1SURGE BLOQUE REGIONAL DE PODER POPULAR! &#13; Por Narciso Isa Conde &#13; El destino era el Primer Encuentro de los Pueblos y Estados por la Liberaci\u00f3n de la Patria Grande, convocado por el presidente Evo Morales y el comit\u00e9 internacional preparatorio para los d\u00edas 27, [&hellip;]<\/p>\n","protected":false},"author":3,"featured_media":0,"comment_status":"open","ping_status":"open","sticky":false,"template":"","format":"standard","meta":{"footnotes":""},"categories":[16],"tags":[],"class_list":["post-37691","post","type-post","status-publish","format-standard","hentry","category-opiniones"],"_links":{"self":[{"href":"https:\/\/diariodominicano.com\/index.php?rest_route=\/wp\/v2\/posts\/37691","targetHints":{"allow":["GET"]}}],"collection":[{"href":"https:\/\/diariodominicano.com\/index.php?rest_route=\/wp\/v2\/posts"}],"about":[{"href":"https:\/\/diariodominicano.com\/index.php?rest_route=\/wp\/v2\/types\/post"}],"author":[{"embeddable":true,"href":"https:\/\/diariodominicano.com\/index.php?rest_route=\/wp\/v2\/users\/3"}],"replies":[{"embeddable":true,"href":"https:\/\/diariodominicano.com\/index.php?rest_route=%2Fwp%2Fv2%2Fcomments&post=37691"}],"version-history":[{"count":0,"href":"https:\/\/diariodominicano.com\/index.php?rest_route=\/wp\/v2\/posts\/37691\/revisions"}],"wp:attachment":[{"href":"https:\/\/diariodominicano.com\/index.php?rest_route=%2Fwp%2Fv2%2Fmedia&parent=37691"}],"wp:term":[{"taxonomy":"category","embeddable":true,"href":"https:\/\/diariodominicano.com\/index.php?rest_route=%2Fwp%2Fv2%2Fcategories&post=37691"},{"taxonomy":"post_tag","embeddable":true,"href":"https:\/\/diariodominicano.com\/index.php?rest_route=%2Fwp%2Fv2%2Ftags&post=37691"}],"curies":[{"name":"wp","href":"https:\/\/api.w.org\/{rel}","templated":true}]}}