{"id":37688,"date":"2006-11-14T12:47:03","date_gmt":"2006-11-14T12:47:03","guid":{"rendered":"http:\/\/diariodominicano.ddns.net\/?p=37688"},"modified":"2006-11-14T12:47:03","modified_gmt":"2006-11-14T12:47:03","slug":"las-principales-en-teledebate-157","status":"publish","type":"post","link":"https:\/\/diariodominicano.com\/?p=37688","title":{"rendered":"LAS PRINCIPALES EN TELEDEBATE"},"content":{"rendered":"<p><body><\/p>\n<p><span class=\"titulogrande1\">LAS PRINCIPALES EN TELEDEBATE<\/span><br \/>&#13;<br \/>\n  <br \/>&#13;<br \/>\n    <span class=\"textogrande\">Viernes  10,11,06<\/span><\/p>\n<p>&#13;<\/p>\n<p align=\"justify\" class=\"text1noticias\">EL FONDO NOS QUIERE LLEVAR AL FONDO.\u00a0\u00a0 La publicaci\u00f3n de ayer del List\u00ecn Diario  dando cuenta de las propuestas del Fondo Monetario Internacional son como para  meterle miedo al mism\u00edsimo susto. De aplicarse la incre\u00edble receta nos  quedar\u00edamos sin sectores productivos y desaparecer\u00eca la clase media, que son  precisamente los que aportan los ingresos al Estado, y ni hablar entonces de  los grupos m\u00e0s empobrecidos de la poblaci\u00f3n.\u00a0  \u00a1Que Fondo que nos quiere llevar tan al fondo!<\/p>\n<p>&#13;<\/p>\n<p align=\"justify\" class=\"text1noticias\">RESPONSABILIDAD DEL  PRESIDENTE.\u00a0 Tal como hemos se\u00f1alado en  otras ocasiones las recetas del Fondo Monetario son elaboradas en bases a  criterios fr\u00eca y estrictamente t\u00e9cnicos y fiscalistas.\u00a0 En sus an\u00e1lisis no cuentan en lo absoluto las  posibles consecuencias sociales y el costo pol\u00edtico que puedan  representar.\u00a0 Esa es misi\u00f2n de cada  gobierno en particular. En nuestro caso corresponder\u00e0 al buen juicio del  Presidente Leonel Fern\u00e1ndez hacer potable el proyecto que presentar\u00e0 al pa\u00ecs.<\/p>\n<p>&#13;<\/p>\n<p align=\"justify\" class=\"text1noticias\">UN NARCOTR\u00c1FICO AGRESIVO.\u00a0 Parece que los narcotraficantes no se andan  con tibiezas a la hora de enfrentar a los equipos de la Direcci\u00f2n Nacional  de Control de Drogas.\u00a0 A \u00e8stos \u00faltimos  los balearon en Los Girasoles y en San Francisco de Macor\u00eds en una forma que  los agentes califican de \u201cdespiadada\u201d. Por suerte, fue m\u00e0s el ruido que la  punter\u00eca ya que no se registraron heridos. No obstante el ataque, los agentes  hicieron una buena ocupaci\u00f3n de estupefacientes y uniformes policiales.<\/p>\n<p>&#13;<\/p>\n<p align=\"justify\" class=\"text1noticias\">UNA  VICTIMA DE LAS DROGAS.\u00a0 La tragedia  ocurri\u00f2 en Miraflores.\u00a0 Un padre di\u00f2  muerte a balazos a su hijo de apenas 16 a\u00f1os cuando \u00e8ste alegadamente lo  agredi\u00f2 con un bate debido a que su progenitor le bot\u00f2 una pipa que utilizaba  para drogarse.\u00a0 Una demostraci\u00f3n m\u00e0s de  hasta d\u00f2nde la adiccion\u00a0 puede llevar a  los seres humanos, enloqueci\u00e9ndolos y haci\u00e8ndoles perder totalmente el  control.\u00a0 Como \u00e8ste son muchos otros los  hechos de violencia que por la misma causa ocurren en el pa\u00ecs donde tenemos la  droga firmemente encajada en todo el tejido social.<\/p>\n<p>&#13;<\/p>\n<p align=\"justify\" class=\"text1noticias\">PLD:  CAMPA\u00d1A PREMATURA. Los l\u00ecderes de ambas C\u00e0maras Legislativas consideran que es  prematuro el lanzamiento de precandidaturas en el seno del PLD.\u00a0 Argumentan que esa agrupaci\u00f3n tiene bien  establecidos sus mecanismos internos para, en su momento, escoger en consulta  abierta con todos sus afiliados la figura que deber\u00e0 representar a esa  agrupaci\u00f2n en la boleta presidencial para las elecciones del 2008.\u00a0 <\/p>\n<p>&#13;<\/p>\n<p align=\"justify\" class=\"text1noticias\">LA UNIDAD DEL PLD A  PRUEBA. Lo cierto es que hasta ahora el PLD ha manejado situaciones conflictivas  a lo interno con mucha prudencia y sin aparentar mayores traumas ni  resquebrajar su unidad partidaria.\u00a0 Todo  bien diferente a lo que ocurre en la oposici\u00f2n donde perrede\u00ecstas y reformistas  acostumbran a descalificarse y despellejarse en p\u00f9blico y con frecuencia,  sufren deserciones y desprendimientos.\u00a0  Veremos si ahora en el partido morado las cosas no cambian despu\u00e8s de la  renuncia y preaspiraci\u00f2n de Danilo Medina.<\/p>\n<p>&#13;<\/p>\n<p align=\"justify\" class=\"text1noticias\">EL PRD  VS EL PRD.\u00a0 Hablando de enfrentamientos  en el PRD, Milagros Ortiz Bosch contin\u00f9a sus fuertes ataques contra Miguel  Vargas Maldonado.\u00a0 La ex vicepresidenta  insiste en ligar la precandidatura de su contendiente al PPH.\u00a0 Su \u00f9ltima sugerencia cargada de iron\u00eda es recomendar  a Vargas Maldonado que lleve al locuaz Mej\u00eca como compa\u00f1ero de boleta, despu\u00e8s  que \u00e8ste declarase que tiene un 80 de aceptaci\u00f3n frente a solo un 20 la  combativa do\u00f1a Milagros.\u00a0 Sin dudas, el  PRD tiene su principal enemigo en el propio PRD.<\/p>\n<p>&#13;<\/p>\n<p align=\"justify\" class=\"text1noticias\">\u00a1TREMENDA  PELA! Al presidente George Bush no le qued\u00f2 m\u00e0s remedio que admitir que los  dem\u00f3cratas le dieron una pela de calz\u00f2n quitado.\u00a0 No s\u00f2lo disponen de una ampl\u00ecsima mayor\u00eca en la C\u00e0mara de Representantes,  que ser\u00e0 presidida por una mujer, sino que tambi\u00e8n lograron el dominio del  Senado.\u00a0 Como si fuese poco despojaron a  los republicanos del control de las gobernaciones en varios Estados  importantes.\u00a0 Una clara evidencia de que  el rechazo a la presencia de tropas en Irak crece en el \u00e0nimo del pueblo  norteamericano, aparte de los esc\u00e0ndalos por corrupci\u00f2n que est\u00e0n matizando la  gesti\u00f3n de Bush.<\/p>\n<p>&#13;<\/p>\n<p align=\"justify\" class=\"text1noticias\">GRUPO  LEON: MERECIDO RECONOCIMIENTO.\u00a0 El Grupo  Le\u00f2n Jimenes est\u00e0 de pl\u00e0cemes y celebraci\u00f3n despu\u00e8s que la C\u00e0mara de Diputados le  acord\u00f2 un reconocimiento, por dem\u00e0s sobradamente merecido, al Centro Le\u00f2n por  su contribuci\u00f3n al arte y la cultura. \u00a0Sin dudas, la obra levantada a impulso del  desaparecido Eduardo Le\u00f2n y sus hermanos no solo engalana a la ciudad de  Santiago de los Caballeros sino que es tambi\u00e8n un motivo de orgullo para el  pa\u00ecs.<\/p>\n<p>&#13;<\/p>\n<p align=\"justify\" class=\"text1noticias\">FRANKLIN  ALMEIDA TIENE RAZON.\u00a0 Una verdad de a  pu\u00f1o es la que suscribe Franklin Almeida cuando advierte que el gobierno debe  mejorar su actuaci\u00f2n en los menos de dos a\u00f1os que ya le quedan de gesti\u00f3n si el  partido morado quiere continuar en el poder a partir del 2008.\u00a0 Ahora mismo est\u00e0 atravesando una situaci\u00f2n dif\u00eccil  y en muchos aspectos abrumante.\u00a0 Tendr\u00e0  por consiguiente que apurar el paso si quiere finalizar su mandato con m\u00e8ritos  suficientes para lograr un nuevo per\u00ecodo.<\/p>\n<p>&#13;<\/p>\n<p align=\"justify\" class=\"text1noticias\">PAROS Y  MAS PAROS CONTRA LOS POBRES.\u00a0 Cientos de  personas tuvieron que irse para sus casas sin ser atendidas en los hospitales  del Seguro Social con motivo del paro m\u00e8dico del pasado mi\u00e9rcoles.\u00a0 Y decenas de miles de estudiantes  universitarios han quedado privados de docencia debido a la paralizaci\u00f3n de la UASD por el pleito montado en  torno al seguro m\u00e8dico, con amenazas de los gremios de profesores y empleados  de radicalizar la lucha, o sea de extender la huelga.\u00a0 Sin dudas tenemos al pa\u00ecs montado en la ruta  del progreso.\u00a0 Dios nos tome confesados.<\/p>\n<p>&#13;<\/p>\n<h6> 2006-11-14 12:47:03 <\/h6>\n<p><!--\n<link rel=\"stylesheet\" href=\"css\/bootstrap.min.css\">\n\n\n<ul class=\"pagination\">\n\t    \n\t\n\n<li >\n\t<a href='?page_no=13425'>Previous<\/a>\n\t<\/li>\n\n\n       \n    \n\n<li><a href='?page_no=1'>1<\/a><\/li>\n\n\n\n<li><a href='?page_no=2'>2<\/a><\/li>\n\n\n\n<li><a>...<\/a><\/li>\n\n\n\n<li><a href='?page_no=13424'>13424<\/a><\/li>\n\n\n\n<li><a href='?page_no=13425'>13425<\/a><\/li>\n\n\n\n<li class='active'><a>13426<\/a><\/li>\n\n\n\n<li><a href='?page_no=13427'>13427<\/a><\/li>\n\n\n\n<li><a href='?page_no=13428'>13428<\/a><\/li>\n\n\n\n<li><a>...<\/a><\/li>\n\n\n\n<li><a href='?page_no=13611'>13611<\/a><\/li>\n\n\n\n<li><a href='?page_no=13612'>13612<\/a><\/li>\n\n    \n\t\n\n<li >\n\t<a href='?page_no=13427'>Next<\/a>\n\t<\/li>\n\n\n    \n\n<li><a href='?page_no=13612'>Last &rsaquo;&rsaquo;<\/a><\/li>\n\n<\/ul>\n\n\n--><br \/>\n<\/body><\/p>\n","protected":false},"excerpt":{"rendered":"<p>LAS PRINCIPALES EN TELEDEBATE&#13; &#13; Viernes 10,11,06 &#13; EL FONDO NOS QUIERE LLEVAR AL FONDO.\u00a0\u00a0 La publicaci\u00f3n de ayer del List\u00ecn Diario dando cuenta de las propuestas del Fondo Monetario Internacional son como para meterle miedo al mism\u00edsimo susto. De aplicarse la incre\u00edble receta nos quedar\u00edamos sin sectores productivos y desaparecer\u00eca la clase media, que [&hellip;]<\/p>\n","protected":false},"author":3,"featured_media":0,"comment_status":"open","ping_status":"open","sticky":false,"template":"","format":"standard","meta":{"footnotes":""},"categories":[16],"tags":[],"class_list":["post-37688","post","type-post","status-publish","format-standard","hentry","category-opiniones"],"_links":{"self":[{"href":"https:\/\/diariodominicano.com\/index.php?rest_route=\/wp\/v2\/posts\/37688","targetHints":{"allow":["GET"]}}],"collection":[{"href":"https:\/\/diariodominicano.com\/index.php?rest_route=\/wp\/v2\/posts"}],"about":[{"href":"https:\/\/diariodominicano.com\/index.php?rest_route=\/wp\/v2\/types\/post"}],"author":[{"embeddable":true,"href":"https:\/\/diariodominicano.com\/index.php?rest_route=\/wp\/v2\/users\/3"}],"replies":[{"embeddable":true,"href":"https:\/\/diariodominicano.com\/index.php?rest_route=%2Fwp%2Fv2%2Fcomments&post=37688"}],"version-history":[{"count":0,"href":"https:\/\/diariodominicano.com\/index.php?rest_route=\/wp\/v2\/posts\/37688\/revisions"}],"wp:attachment":[{"href":"https:\/\/diariodominicano.com\/index.php?rest_route=%2Fwp%2Fv2%2Fmedia&parent=37688"}],"wp:term":[{"taxonomy":"category","embeddable":true,"href":"https:\/\/diariodominicano.com\/index.php?rest_route=%2Fwp%2Fv2%2Fcategories&post=37688"},{"taxonomy":"post_tag","embeddable":true,"href":"https:\/\/diariodominicano.com\/index.php?rest_route=%2Fwp%2Fv2%2Ftags&post=37688"}],"curies":[{"name":"wp","href":"https:\/\/api.w.org\/{rel}","templated":true}]}}