{"id":37686,"date":"2006-11-14T12:53:50","date_gmt":"2006-11-14T12:53:50","guid":{"rendered":"http:\/\/diariodominicano.ddns.net\/?p=37686"},"modified":"2006-11-14T12:53:50","modified_gmt":"2006-11-14T12:53:50","slug":"el-tiro-rapido-471","status":"publish","type":"post","link":"https:\/\/diariodominicano.com\/?p=37686","title":{"rendered":"EL TIRO RAPIDO"},"content":{"rendered":"<p><body><\/p>\n<h1 align=\"center\">EL TIRO RAPIDO<\/h1>\n<p>&#13;<\/p>\n<p align=\"center\" class=\"textogrande\"><strong>de<\/strong><br \/>&#13;<br \/>\n<strong>Mario  Rivadulla<\/strong><\/p>\n<p>&#13;<\/p>\n<p align=\"justify\" class=\"text1noticias\">Cuando semanas atr\u00e0s, en medio de una asfixiante espiral  de violencia criminal, el Presidente Leonel Fern\u00e1ndez anunci\u00f2 y tom\u00f2 el  liderazgo de medidas de excepci\u00f3n en la aplicaci\u00f3n del Plan de Seguridad  Democr\u00e1tica, la ciudadan\u00eca respir\u00f2 con esperanza y le extendi\u00f3 su m\u00e0s  incondicional respaldo.<\/p>\n<p>&#13;<\/p>\n<p align=\"justify\" class=\"text1noticias\">Disposiciones estrictas que  impusieron reajustes de h\u00e0bitos y afectaron el normal desenvolvimiento de los  negocios al imponer un horario de cierre obligatorio as\u00ec como otras medidas  limitantes,\u00a0 fueron en definitiva  asimiladas sin mayores protestas que las esperadas.<\/p>\n<p>&#13;<\/p>\n<p align=\"justify\" class=\"text1noticias\">Esto as\u00ec, siempre en el  entendido de que esas medidas eran necesarias y convenientes para restarle  escenario y facilidades a los malhechores y que las fuerzas del orden,  reforzadas con la guardia, pudieran llevar a cabo sus labores de prevenci\u00f3n y  represi\u00f3n de la delicuencia.<\/p>\n<p>&#13;<\/p>\n<p align=\"justify\" class=\"text1noticias\">La encuesta Gallup se encarg\u00f2  de ofrecer en porcentajes abultados el grado de incre\u00edble aceptaci\u00f3n que  registraron las disposiciones de emergencias anunciadas y puestas en pr\u00e0ctica.  Recordemos que el respaldo generalizado lleg\u00f2 en algunos aspectos a superar el  95 porciento de los encuestados.<\/p>\n<p>&#13;<\/p>\n<p align=\"justify\" class=\"text1noticias\">Los mismos medios de  comunicaci\u00f3n y espacios interactivos recibieron numerosos testimonios de  ciudadanos que confirmaron de viva voz los resultados de la encuesta.<\/p>\n<p>&#13;<\/p>\n<p align=\"justify\" class=\"text1noticias\">Pero con el paso de los d\u00ecas,  hay una percepci\u00f3n cada vez m\u00e0s acentuada de que el Plan ha ido perdiendo  fuerza.\u00a0 Y que las bandas de facinerosos  que se hab\u00ecan batido en apresurada y prudente retirada, han salido de sus  madrigueras para volver a cometer las mismas fechor\u00edas de antes.<\/p>\n<p>&#13;<\/p>\n<p align=\"justify\" class=\"text1noticias\">Robos, atracos, asaltos,  cr\u00edmenes por venganza, asesinatos por encargo, bandas de narcotraficantes  mat\u00e1ndose entre s\u00ec y enfrentando con sus armas a los agentes antinarc\u00f3ticos. La  zozobra ha vuelto a ganar el \u00e0nimo de muchos vecinos en los llamados barrios o  sectores calientes, a\u00f9n aquellos que han sido favorecidos con el Plan de  Seguridad Barrial. Como si fuese poco,\u00a0  menudean cada vez m\u00e0s las denuncias de detenciones arbitrarias y cobro  de peaje para otorgar la libertad a ciudadanos, en particular j\u00f3venes,\u00a0 que son apresados sin ning\u00f9n motivo en el  curso de redadas llevadas a cabo de forma indiscriminada o por la acci\u00f2n  directa de patrulleros que m\u00e0s que cuidar el orden,\u00a0 est\u00e0n dedicados a\u00a0 \u201cbusc\u00e1rsela\u201d. <\/p>\n<p>&#13;<\/p>\n<p align=\"justify\" class=\"text1noticias\">No son inventos ni  exageraciones.\u00a0 Es una percepci\u00f3n que se  corresponde con la realidad, de lo cual disponemos de pruebas y experiencias  que lo confirman.<\/p>\n<p>&#13;<\/p>\n<p align=\"justify\" class=\"text1noticias\">No queremos decir con esto que  el Plan de Emergencia, cuya entrada en vigencia saludamos y defendimos con  calor, haya fracasado.\u00a0<br \/>&#13;<br \/>\n  <br \/> &#13;<br \/>\nPero s\u00ec creemos  oportuno advertir una vez m\u00e0s, ya que no es la primera que nos referimos al  tema, que debe ser revisado y ajustado en sus resultados pr\u00e1cticos, en  particular en el desempe\u00f1o de algunos de sus agentes.<\/p>\n<p>&#13;<\/p>\n<p align=\"justify\" class=\"text1noticias\">Pese a sus todav\u00eca muchas  limitaciones, el cuerpo policial ha evidenciado en varias oportunidades y  frente a cr\u00edmenes importantes, una r\u00e1pida capacidad de respuesta y eficiencia  investigativa.\u00a0 Sin embargo, est\u00e0 necesariamente  impuesto\u00a0 a conquistar la confianza de la  ciudadan\u00eca, y a partir de ese v\u00ecnculo prestarle recibir su\u00a0 conveniente colaboraci\u00f3n para hacer m\u00e0s  efectivo su trabajo.<\/p>\n<p>&#13;<\/p>\n<p align=\"justify\" class=\"text1noticias\">De ah\u00ec, nuestra insistencia en  que no se baje la guardia.\u00a0 Que se  mantenga el Plan en sus m\u00e0s exigentes niveles de ejecuci\u00f3n y que se erradiquen  todas esas viciosas y negativas pr\u00e0cticas de picoteo que desacreditan el mismo,  deshonran el uniforme y la misi\u00f2n del cuerpo de orden p\u00f9blico y desalientan y  ahuyentan a la gente que en muchos casos terminan por temerle tanto al agente  policial como al mismo delincuente.<\/p>\n<p>&#13;<\/p>\n<p align=\"justify\" class=\"text1noticias\">El pa\u00ecs requiere tranquilidad,  orden y seguridad.\u00a0 Garant\u00eda para las  vidas, los bienes y el normal desenvolvimiento de la existencia en todos sus  aspectos. Para ello ser\u00e0 preciso\u00a0 recobrar  y preservar el esp\u00edritu inicial con que se puso en pr\u00e0ctica el Plan de  Emergencia de Seguridad Democr\u00e1tica,\u00a0  para que a su vez recupere a plenitud la confianza y el apoyo que de  forma tan entusiasta le brind\u00f2 la sociedad desde sus mismos inicios.<\/p>\n<p>&#13;<\/p>\n<h6> 2006-11-14 12:53:50 <\/h6>\n<p><!--\n<link rel=\"stylesheet\" href=\"css\/bootstrap.min.css\">\n\n\n<ul class=\"pagination\">\n\t    \n\t\n\n<li >\n\t<a href='?page_no=13423'>Previous<\/a>\n\t<\/li>\n\n\n       \n    \n\n<li><a href='?page_no=1'>1<\/a><\/li>\n\n\n\n<li><a href='?page_no=2'>2<\/a><\/li>\n\n\n\n<li><a>...<\/a><\/li>\n\n\n\n<li><a href='?page_no=13422'>13422<\/a><\/li>\n\n\n\n<li><a href='?page_no=13423'>13423<\/a><\/li>\n\n\n\n<li class='active'><a>13424<\/a><\/li>\n\n\n\n<li><a href='?page_no=13425'>13425<\/a><\/li>\n\n\n\n<li><a href='?page_no=13426'>13426<\/a><\/li>\n\n\n\n<li><a>...<\/a><\/li>\n\n\n\n<li><a href='?page_no=13611'>13611<\/a><\/li>\n\n\n\n<li><a href='?page_no=13612'>13612<\/a><\/li>\n\n    \n\t\n\n<li >\n\t<a href='?page_no=13425'>Next<\/a>\n\t<\/li>\n\n\n    \n\n<li><a href='?page_no=13612'>Last &rsaquo;&rsaquo;<\/a><\/li>\n\n<\/ul>\n\n\n--><br \/>\n<\/body><\/p>\n","protected":false},"excerpt":{"rendered":"<p>EL TIRO RAPIDO &#13; de&#13; Mario Rivadulla &#13; Cuando semanas atr\u00e0s, en medio de una asfixiante espiral de violencia criminal, el Presidente Leonel Fern\u00e1ndez anunci\u00f2 y tom\u00f2 el liderazgo de medidas de excepci\u00f3n en la aplicaci\u00f3n del Plan de Seguridad Democr\u00e1tica, la ciudadan\u00eca respir\u00f2 con esperanza y le extendi\u00f3 su m\u00e0s incondicional respaldo. &#13; Disposiciones [&hellip;]<\/p>\n","protected":false},"author":3,"featured_media":0,"comment_status":"open","ping_status":"open","sticky":false,"template":"","format":"standard","meta":{"footnotes":""},"categories":[16],"tags":[],"class_list":["post-37686","post","type-post","status-publish","format-standard","hentry","category-opiniones"],"_links":{"self":[{"href":"https:\/\/diariodominicano.com\/index.php?rest_route=\/wp\/v2\/posts\/37686","targetHints":{"allow":["GET"]}}],"collection":[{"href":"https:\/\/diariodominicano.com\/index.php?rest_route=\/wp\/v2\/posts"}],"about":[{"href":"https:\/\/diariodominicano.com\/index.php?rest_route=\/wp\/v2\/types\/post"}],"author":[{"embeddable":true,"href":"https:\/\/diariodominicano.com\/index.php?rest_route=\/wp\/v2\/users\/3"}],"replies":[{"embeddable":true,"href":"https:\/\/diariodominicano.com\/index.php?rest_route=%2Fwp%2Fv2%2Fcomments&post=37686"}],"version-history":[{"count":0,"href":"https:\/\/diariodominicano.com\/index.php?rest_route=\/wp\/v2\/posts\/37686\/revisions"}],"wp:attachment":[{"href":"https:\/\/diariodominicano.com\/index.php?rest_route=%2Fwp%2Fv2%2Fmedia&parent=37686"}],"wp:term":[{"taxonomy":"category","embeddable":true,"href":"https:\/\/diariodominicano.com\/index.php?rest_route=%2Fwp%2Fv2%2Fcategories&post=37686"},{"taxonomy":"post_tag","embeddable":true,"href":"https:\/\/diariodominicano.com\/index.php?rest_route=%2Fwp%2Fv2%2Ftags&post=37686"}],"curies":[{"name":"wp","href":"https:\/\/api.w.org\/{rel}","templated":true}]}}