{"id":37683,"date":"2006-11-15T14:30:43","date_gmt":"2006-11-15T14:30:43","guid":{"rendered":"http:\/\/diariodominicano.ddns.net\/?p=37683"},"modified":"2006-11-15T14:30:43","modified_gmt":"2006-11-15T14:30:43","slug":"el-tiro-rapido-470","status":"publish","type":"post","link":"https:\/\/diariodominicano.com\/?p=37683","title":{"rendered":"EL TIRO RAPIDO"},"content":{"rendered":"<p><body><\/p>\n<p align=\"center\"><span class=\"titulogrande1\">EL TIRO RAPIDO<\/span><br \/>&#13;<br \/>\n  <br \/>&#13;<br \/>\n    <span class=\"textogrande\">de<br \/>&#13;<br \/>\nMario Rivadulla<\/span><\/p>\n<p>&#13;<\/p>\n<p align=\"justify\" class=\"text1noticias\">El pa\u00eds espera anhelante,  con gran expectaci\u00f3n,\u00a0 una buena dosis de  preocupaci\u00f2n y hasta un tanto de temor el anunciado discurso del Presidente  Leonel Fern\u00e1ndez al pa\u00ecs en el d\u00eca de ma\u00f1ana, en que habr\u00e0 de anunciar el proyecto  fiscal que enviar\u00e0 su Gobierno a la aprobaci\u00f3n del Congreso.<\/p>\n<p>&#13;<\/p>\n<p align=\"justify\" class=\"text1noticias\">Todos estos d\u00ecas han sido  de en\u00e9rgico rechazo y oposici\u00f2n desde los diferentes litorales de la sociedad  dominicana a la posible creaci\u00f2n de nuevos impuestos.\u00a0 De hecho, se ha registrado una muy  infrecuente coincidencia en este sentido entre los sectores m\u00e0s dispares de la  sociedad.\u00a0 Industriales, agroempresarios,  comerciantes, productores agr\u00edcolas, ganaderos, trabajadores, profesionales, la  sociedad civil, las llamadas organizaciones populares, partidos de oposici\u00f2n y  todo lo que se mueve en el seno de la misma, se han manifestado contrarios a la  imposici\u00f3n de m\u00e0s cargas tributarias.<\/p>\n<p>&#13;<\/p>\n<p align=\"justify\" class=\"text1noticias\">El Presidente Fern\u00e1ndez se  quej\u00f2 en d\u00ecas pasados de que se estaba originando un \u201calboroto\u201d anticipado, sin  haberse conformado, evaluado ni dado a conocer todav\u00eca la versi\u00f3n final del  proyecto que presentar\u00eca el gobierno.\u00a0 No  le faltaba parte de raz\u00f3n.<\/p>\n<p>&#13;<\/p>\n<p align=\"justify\" class=\"text1noticias\">Pero hay que situarse  tambi\u00e8n del otro lado de la calle para comprender las aprensiones de la gente.  Todos est\u00e0n contestes de que el Fondo Monetario Internacional no es  precisamente una organizaci\u00f3n caritativa.\u00a0  Ni Hermanitas de la   Caridad ni la madre Teresa de Calcuta.\u00a0 Su inter\u00e9s no radica en ayudar a los pueblos,  sudar la camisa de la cada vez m\u00e0s empobrecida clase media ni llorar las  penurias de los sectores marginados. Su objetivo fundamental se\u00a0 orienta a\u00a0  estabilizar las finanzas de los gobiernos&#8230;para que puedan cumplir con  sus acreedores y seguirse endeudando.\u00a0\u00a0  Todo esto en base a c\u00e1lculos t\u00e9cnicos, muy fr\u00ecos y profesionales donde  solo prima la raz\u00f3n matem\u00e1tica por encima de cualquier consideraci\u00f3n humana,  social y pol\u00edtica.<\/p>\n<p>&#13;<\/p>\n<p align=\"justify\" class=\"text1noticias\">El propio gobierno se ha  encargado de divulgar hasta la saciedad las presiones de que est\u00e0 siendo objeto  por parte del Fondo para ampliar la base del ITBIS, crear nuevos  impuestos,\u00a0 aumentar los existentes y  reducir sustancialmente los subsidios a la electricidad y el gas.\u00a0 Todo esto ha provocado una situaci\u00f2n de  l\u00f3gica intranquilidad que van desde los sectores productivos, abocados al reto  del Tratado de Libre Comercio con los Estados Unidos y Centroam\u00e9rica hasta una  clase media cada vez m\u00e0s venida a menos y los grupos de m\u00e0s bajos ingresos en  permanente lucha con su cr\u00f3nica miseria y falta de horizontes.<\/p>\n<p>&#13;<\/p>\n<p align=\"justify\" class=\"text1noticias\">En\u00a0 nada ha contribu\u00ecdo a bajar el nivel de  tensi\u00f3n la reciente divulgaci\u00f3n en la prensa de un indigerible coctel de  opciones impositivas sugeridas por el Fondo al Gobierno, cuyo contenido, que  recordemos, constituye la m\u00e0s incendiaria convocatoria a una poblada de  impredecibles consecuencias capaz de desestabilizar el pa\u00ecs.<\/p>\n<p>&#13;<\/p>\n<p align=\"justify\" class=\"text1noticias\">Ma\u00f1ana el Presidente  Fern\u00e1ndez tiene una oportunidad \u00f9nica de despejar esta situaci\u00f2n de tensa  incertidumbre y generalizado desaliento,\u00a0  en un pueblo que en su gran mayor\u00eca est\u00e0 esperando una especie de mortal  garrotazo fiscal. <\/p>\n<p>&#13;<\/p>\n<p align=\"justify\" class=\"text1noticias\">Para ello insistimos,  deber\u00e0 presentar al pa\u00ecs un proyecto equilibrado, justo y moderado, haci\u00e8ndolo  m\u00e0s potable con el anuncio por adelantado de que su gobierno adoptar\u00e0 y pondr\u00e0  en ejecuci\u00f3n visible y palpable con car\u00e1cter inmediato un razonable pero  estricto plan de austeridad y que retomar\u00e0 el plan de ahorro energ\u00e9tico  emprendido el pasado a\u00f1o y descontinuado inexplicablemente a partir del receso  navide\u00f1o. <\/p>\n<p>&#13;<\/p>\n<p align=\"justify\" class=\"text1noticias\">El pa\u00ecs necesita en estos  momentos que los hechos acompa\u00f1en a las palabras.\u00a0 Que el ejemplo vaya del brazo de toda  medida.\u00a0 Que no se le pida a la gente m\u00e0s  de lo que humanamente es posible dar, sobre todo cuando se trata de seguir  echando sobre sus hombros la odiosa y pesada carga de culpas y excesos ajenos.<\/p>\n<p>&#13;<\/p>\n<p align=\"justify\" class=\"text1noticias\">El Presidente Fern\u00e1ndez es  hombre a\u00a0 quien en todo caso se le  reprocha pecar por exceso de reflexi\u00f3n.\u00a0  De\u00a0 ser as\u00ec,\u00a0 resultar\u00eca una falta muy conveniente en estos  momentos para que sus palabras y las medidas que adopte sean todo lo prudentes  y sabias que ameritan las presentes circunstancias. <\/p>\n<p>&#13;<\/p>\n<p align=\"justify\" class=\"text1noticias\">Ojal\u00e0 le d\u00e8 al pa\u00ecs esa  grata sorpresa.\u00a0 Porque para decirlo en  buen dominicano,\u00a0 ahora mismo el horno no  est\u00e0 precisamente para galletitas.<\/p>\n<p>&#13;<\/p>\n<h6> 2006-11-15 14:30:43 <\/h6>\n<p><!--\n<link rel=\"stylesheet\" href=\"css\/bootstrap.min.css\">\n\n\n<ul class=\"pagination\">\n\t    \n\t\n\n<li >\n\t<a href='?page_no=13420'>Previous<\/a>\n\t<\/li>\n\n\n       \n    \n\n<li><a href='?page_no=1'>1<\/a><\/li>\n\n\n\n<li><a href='?page_no=2'>2<\/a><\/li>\n\n\n\n<li><a>...<\/a><\/li>\n\n\n\n<li><a href='?page_no=13419'>13419<\/a><\/li>\n\n\n\n<li><a href='?page_no=13420'>13420<\/a><\/li>\n\n\n\n<li class='active'><a>13421<\/a><\/li>\n\n\n\n<li><a href='?page_no=13422'>13422<\/a><\/li>\n\n\n\n<li><a href='?page_no=13423'>13423<\/a><\/li>\n\n\n\n<li><a>...<\/a><\/li>\n\n\n\n<li><a href='?page_no=13611'>13611<\/a><\/li>\n\n\n\n<li><a href='?page_no=13612'>13612<\/a><\/li>\n\n    \n\t\n\n<li >\n\t<a href='?page_no=13422'>Next<\/a>\n\t<\/li>\n\n\n    \n\n<li><a href='?page_no=13612'>Last &rsaquo;&rsaquo;<\/a><\/li>\n\n<\/ul>\n\n\n--><br \/>\n<\/body><\/p>\n","protected":false},"excerpt":{"rendered":"<p>EL TIRO RAPIDO&#13; &#13; de&#13; Mario Rivadulla &#13; El pa\u00eds espera anhelante, con gran expectaci\u00f3n,\u00a0 una buena dosis de preocupaci\u00f2n y hasta un tanto de temor el anunciado discurso del Presidente Leonel Fern\u00e1ndez al pa\u00ecs en el d\u00eca de ma\u00f1ana, en que habr\u00e0 de anunciar el proyecto fiscal que enviar\u00e0 su Gobierno a la aprobaci\u00f3n [&hellip;]<\/p>\n","protected":false},"author":3,"featured_media":0,"comment_status":"open","ping_status":"open","sticky":false,"template":"","format":"standard","meta":{"footnotes":""},"categories":[16],"tags":[],"class_list":["post-37683","post","type-post","status-publish","format-standard","hentry","category-opiniones"],"_links":{"self":[{"href":"https:\/\/diariodominicano.com\/index.php?rest_route=\/wp\/v2\/posts\/37683","targetHints":{"allow":["GET"]}}],"collection":[{"href":"https:\/\/diariodominicano.com\/index.php?rest_route=\/wp\/v2\/posts"}],"about":[{"href":"https:\/\/diariodominicano.com\/index.php?rest_route=\/wp\/v2\/types\/post"}],"author":[{"embeddable":true,"href":"https:\/\/diariodominicano.com\/index.php?rest_route=\/wp\/v2\/users\/3"}],"replies":[{"embeddable":true,"href":"https:\/\/diariodominicano.com\/index.php?rest_route=%2Fwp%2Fv2%2Fcomments&post=37683"}],"version-history":[{"count":0,"href":"https:\/\/diariodominicano.com\/index.php?rest_route=\/wp\/v2\/posts\/37683\/revisions"}],"wp:attachment":[{"href":"https:\/\/diariodominicano.com\/index.php?rest_route=%2Fwp%2Fv2%2Fmedia&parent=37683"}],"wp:term":[{"taxonomy":"category","embeddable":true,"href":"https:\/\/diariodominicano.com\/index.php?rest_route=%2Fwp%2Fv2%2Fcategories&post=37683"},{"taxonomy":"post_tag","embeddable":true,"href":"https:\/\/diariodominicano.com\/index.php?rest_route=%2Fwp%2Fv2%2Ftags&post=37683"}],"curies":[{"name":"wp","href":"https:\/\/api.w.org\/{rel}","templated":true}]}}