{"id":376793,"date":"2022-08-18T09:11:18","date_gmt":"2022-08-18T13:11:18","guid":{"rendered":"http:\/\/diariodominicano.com\/?p=376793"},"modified":"2022-08-18T09:11:18","modified_gmt":"2022-08-18T13:11:18","slug":"catolicos-espanoles-denuncian-la-persecucion-en-nicaragua-es-extremadamente-grave","status":"publish","type":"post","link":"https:\/\/diariodominicano.com\/?p=376793","title":{"rendered":"Cat\u00f3licos espa\u00f1oles denuncian la persecuci\u00f3n en Nicaragua: Es extremadamente grave"},"content":{"rendered":"\n<p>diariodominicano.com<\/p>\n\n\n\n<p>POR\u00a0<a href=\"https:\/\/www.aciprensa.com\/noticias\/catolicos-espanoles-denuncian-la-persecucion-en-nicaragua-es-extremadamente-grave-86727?rel=author\">NICOL\u00c1S DE C\u00c1RDENAS<\/a>\u00a0| ACI Prensa<\/p>\n\n\n\n<p>Vaticano, 18 de agosto, 2022.-  La asociaci\u00f3n espa\u00f1ola de laicos cat\u00f3licos Enraizados ha lanzado una campa\u00f1a de denuncia de la situaci\u00f3n de vulneraci\u00f3n de la libertad religiosa en Nicaragua y advierte que\u00a0\u201ctodo lo que est\u00e1 pasando no sale en los telediarios, pero es extremadamente grave\u201d.<\/p>\n\n\n\n<p>Enraizados se dirige al ministro de Asuntos Exteriores del Gobierno de Espa\u00f1a, Jos\u00e9 Manuel Albares, a la Organizaci\u00f3n de Estados Americanos (OEA) y a la Oficina del Alto Comisionado de Naciones Unidas para los Derechos Humanos para que \u201c<strong>tomen medidas para poner fin a estas persecuciones, agresiones y movilizaciones de odio<\/strong>\u201d en Nicaragua.<\/p>\n\n\n\n<p>La campa\u00f1a tambi\u00e9n reclama a estas instituciones que condenen la persecuci\u00f3n religiosa en el pa\u00eds, recrudecida en los \u00faltimos meses, aunque lleva a\u00f1os produci\u00e9ndose.<\/p>\n\n\n\n<p>Enraizados denuncia que \u201clos cristianos est\u00e1n sufriendo en Nicaragua una terrible persecuci\u00f3n llena de agresiones y odio, no solamente a ellos como personas por profesar la fe cat\u00f3lica sino tambi\u00e9n a las Iglesias y nuestros s\u00edmbolos\u201d.<\/p>\n\n\n\n<p>A este respecto, se destaca que \u201cla imaginer\u00eda y los templos cat\u00f3licos est\u00e1n siendo&nbsp;<strong>profanados y destruidos por fan\u00e1ticos anticat\u00f3licos<\/strong>\u201d. Estos actos vand\u00e1licos, subrayan, est\u00e1n \u201cpromovidos por el totalitarismo dictatorial del Gobierno nicarag\u00fcense y protegidos por las Fuerzas de Seguridad\u201d.<\/p>\n\n\n\n<p>\u201cNo podemos quedarnos impasibles ante esta persecuci\u00f3n porque todos sabemos que el mal triunfa cuando los buenos no hacen nada\u201d, por lo que, se incide en la campa\u00f1a, \u201c<strong>no podemos quedarnos indiferentes ante tal barbarie e injusticia<\/strong>\u201d.<\/p>\n\n\n\n<p>La campa\u00f1a puede ser suscrita a trav\u00e9s de la siguiente p\u00e1gina web:&nbsp;<a href=\"https:\/\/enraizados.org\/alertas\/los-catolicos-de-nicaragua-te-necesitan\/\">https:\/\/enraizados.org\/alertas\/los-catolicos-de-nicaragua-te-necesitan\/<\/a>.<\/p>\n\n\n\n<p><strong>Situaci\u00f3n de la Iglesia en Nicaragua<\/strong><\/p>\n\n\n\n<p>La persecuci\u00f3n a la Iglesia cat\u00f3lica en Nicaragua se ha ido incrementando desde hace a\u00f1os. No en vano, los obispos alertaron de la deriva dictatorial del Gobierno de Ortega ya en el a\u00f1o 2014 y a partir de 2018 el uso de la fuerza indiscriminada ha sido moneda de cambio habitual por parte del Gobierno.&nbsp;<\/p>\n\n\n\n<p>Debido al apoyo de la Iglesia cat\u00f3lica a los movimientos ciudadanos de oposici\u00f3n al r\u00e9gimen durante las movilizaciones de 2018, la presi\u00f3n sobre obispos, sacerdotes y fieles laicos se fue incrementando.\u00a0<\/p>\n\n\n\n<p>El ejemplo m\u00e1s claro es que quien fuera Obispo Auxiliar de Managua, Mons. Silvio B\u00e1ez, vive exiliado en los Estados Unidos despu\u00e9s de que se supiera que\u00a0<strong>el sandinista Daniel Ortega hab\u00eda ordenado su asesinato<\/strong>.\u00a0<\/p>\n\n\n\n<p>Tambi\u00e9n el Nuncio Apost\u00f3lico en Nicaragua, Mons. Waldemar Stanislaw Sommertag, fue expulsado del pa\u00eds en marzo de 2022, circunstancia que fue recibida desde el Vaticano con \u201csorpresa y dolor\u201d.<\/p>\n\n\n\n<p>\u201cResulta incomprensible ya que, durante su misi\u00f3n, S.E. Mons. Sommertag ha trabajado incansablemente por el bien de la Iglesia y del pueblo nicarag\u00fcense, especialmente por los m\u00e1s vulnerables, buscando siempre favorecer las buenas relaciones entre la Sede Apost\u00f3lica y las autoridades de Nicaragua\u201d, expres\u00f3 la Santa Sede en un comunicado.<\/p>\n\n\n\n<p>En el mes de julio, fue expulsada tambi\u00e9n una comunidad de las Misioneras de la Caridad, fundadas por Santa Teresa de Calcuta.&nbsp;<\/p>\n\n\n\n<p>Mons. \u00c1lvarez lleva encerrado en el obispado de Matagalpa en arresto domiciliario de facto, sin juicio, junto a cinco sacerdotes, tres seminaristas y tres laicos desde primeros del mes de agosto. Unos d\u00edas antes el r\u00e9gimen sandinista clausur\u00f3 las radios cat\u00f3licas del pa\u00eds por la fuerza.<\/p>\n","protected":false},"excerpt":{"rendered":"<p>diariodominicano.com POR\u00a0NICOL\u00c1S DE C\u00c1RDENAS\u00a0| ACI Prensa Vaticano, 18 de agosto, 2022.- La asociaci\u00f3n espa\u00f1ola de laicos cat\u00f3licos Enraizados ha lanzado una campa\u00f1a de denuncia de la situaci\u00f3n de vulneraci\u00f3n de la libertad religiosa en Nicaragua y advierte que\u00a0\u201ctodo lo que est\u00e1 pasando no sale en los telediarios, pero es extremadamente grave\u201d. Enraizados se dirige al [&hellip;]<\/p>\n","protected":false},"author":5,"featured_media":376794,"comment_status":"closed","ping_status":"","sticky":true,"template":"","format":"standard","meta":{"footnotes":""},"categories":[23,27],"tags":[],"class_list":["post-376793","post","type-post","status-publish","format-standard","has-post-thumbnail","hentry","category-internacional","category-portada"],"_links":{"self":[{"href":"https:\/\/diariodominicano.com\/index.php?rest_route=\/wp\/v2\/posts\/376793","targetHints":{"allow":["GET"]}}],"collection":[{"href":"https:\/\/diariodominicano.com\/index.php?rest_route=\/wp\/v2\/posts"}],"about":[{"href":"https:\/\/diariodominicano.com\/index.php?rest_route=\/wp\/v2\/types\/post"}],"author":[{"embeddable":true,"href":"https:\/\/diariodominicano.com\/index.php?rest_route=\/wp\/v2\/users\/5"}],"replies":[{"embeddable":true,"href":"https:\/\/diariodominicano.com\/index.php?rest_route=%2Fwp%2Fv2%2Fcomments&post=376793"}],"version-history":[{"count":1,"href":"https:\/\/diariodominicano.com\/index.php?rest_route=\/wp\/v2\/posts\/376793\/revisions"}],"predecessor-version":[{"id":376795,"href":"https:\/\/diariodominicano.com\/index.php?rest_route=\/wp\/v2\/posts\/376793\/revisions\/376795"}],"wp:featuredmedia":[{"embeddable":true,"href":"https:\/\/diariodominicano.com\/index.php?rest_route=\/wp\/v2\/media\/376794"}],"wp:attachment":[{"href":"https:\/\/diariodominicano.com\/index.php?rest_route=%2Fwp%2Fv2%2Fmedia&parent=376793"}],"wp:term":[{"taxonomy":"category","embeddable":true,"href":"https:\/\/diariodominicano.com\/index.php?rest_route=%2Fwp%2Fv2%2Fcategories&post=376793"},{"taxonomy":"post_tag","embeddable":true,"href":"https:\/\/diariodominicano.com\/index.php?rest_route=%2Fwp%2Fv2%2Ftags&post=376793"}],"curies":[{"name":"wp","href":"https:\/\/api.w.org\/{rel}","templated":true}]}}