{"id":376785,"date":"2022-08-18T00:13:32","date_gmt":"2022-08-18T04:13:32","guid":{"rendered":"http:\/\/diariodominicano.com\/?p=376785"},"modified":"2022-08-18T00:14:14","modified_gmt":"2022-08-18T04:14:14","slug":"los-restauradores-tienden-emboscada-al-brigadier-espanol-manuel-buceta-en-la-guerra-de-la-restauracion","status":"publish","type":"post","link":"https:\/\/diariodominicano.com\/?p=376785","title":{"rendered":"Los restauradores tienden emboscada al brigadier espa\u00f1ol Manuel Buceta. En la Guerra de la Restauraci\u00f3n"},"content":{"rendered":"\n<p><strong>Santiago Rodr\u00edguez dirigi\u00f3 sus fuerzas hacia las comunidades de Sabaneta. \u00a0Y Benito Monci\u00f3n se moviliz\u00f3 con sus tropas a Las Pastillas, en Dajab\u00f3n.<\/strong><\/p>\n\n\n\n<figure class=\"wp-block-image size-large\"><img loading=\"lazy\" decoding=\"async\" width=\"1024\" height=\"526\" src=\"https:\/\/diariodominicano.com\/wp-content\/uploads\/2021\/03\/29-de-marzo-de-1826-Nace-En-La-Vega-Benito-Moncion-1-1024x526.jpg\" alt=\"\" class=\"wp-image-269845\" srcset=\"https:\/\/diariodominicano.com\/wp-content\/uploads\/2021\/03\/29-de-marzo-de-1826-Nace-En-La-Vega-Benito-Moncion-1-1024x526.jpg 1024w, https:\/\/diariodominicano.com\/wp-content\/uploads\/2021\/03\/29-de-marzo-de-1826-Nace-En-La-Vega-Benito-Moncion-1-300x154.jpg 300w, https:\/\/diariodominicano.com\/wp-content\/uploads\/2021\/03\/29-de-marzo-de-1826-Nace-En-La-Vega-Benito-Moncion-1-768x395.jpg 768w, https:\/\/diariodominicano.com\/wp-content\/uploads\/2021\/03\/29-de-marzo-de-1826-Nace-En-La-Vega-Benito-Moncion-1-1536x789.jpg 1536w, https:\/\/diariodominicano.com\/wp-content\/uploads\/2021\/03\/29-de-marzo-de-1826-Nace-En-La-Vega-Benito-Moncion-1-2048x1052.jpg 2048w, https:\/\/diariodominicano.com\/wp-content\/uploads\/2021\/03\/29-de-marzo-de-1826-Nace-En-La-Vega-Benito-Moncion-1-816x419.jpg 816w\" sizes=\"auto, (max-width: 1024px) 100vw, 1024px\" \/><\/figure>\n\n\n\n<p><strong>GUAYUBIN<\/strong>,&nbsp; el 18 de agosto de 1863, en la Guerra de la Restauraci\u00f3n, las fuerzas dominicanas continuaron la lucha contra las tropas del brigadier Manuel Buceta. Una versi\u00f3n militar&nbsp; indica que el d\u00eda 18 de agosto de 1863, el Capit\u00e1n S\u00e1nchez con 10 jinetes,&nbsp; emboscaron al brigadier Manuel Buceta, en la Carbonera.<\/p>\n\n\n\n<p>&nbsp;&nbsp;&nbsp;&nbsp;&nbsp; A su vez,&nbsp; Juan Antonio Polanco y sus hombres tomaron por asalto a Guayub\u00edn. Y Feder\u00edco de Jes\u00fas Garc\u00eda, al mando de sus fuerzas, ocup\u00f3 a Montecristi.<\/p>\n\n\n\n<p>&nbsp;&nbsp; <strong>El mismo d\u00eda 18 de agosto de 1863, Santiago Rodr\u00edguez dirigi\u00f3 sus fuerzas hacia las comunidades de Sabaneta. <\/strong><strong>&nbsp;Y <\/strong><strong>Benito Monci\u00f3n se dirigi\u00f3 con sus tropas a Las Pastillas, en Dajab\u00f3n<\/strong>.<\/p>\n\n\n\n<p>&nbsp;&nbsp;&nbsp; El d\u00eda anterior, el d\u00eda 17 de agosto de 1863,&nbsp; tropas dominicanas comandadas por los generales Benito Monci\u00f3n, Jos\u00e9 Cabrera y Pedro Antonio Pimentel, iniciaron los ataques contra las guarniciones y patrullas espa\u00f1olas, que comandaba el brigadier&nbsp; Manuel Buceta.<\/p>\n\n\n\n<p>&nbsp;&nbsp; El mismo d\u00eda 17 de agosto, las fuerzas del general Pedro Antonio Pimentel destrozaron en el r\u00edo Macab\u00f3n, una columna espa\u00f1ola que se dirig\u00eda de Dajab\u00f3n al municipio de Guayub\u00edn.<\/p>\n\n\n\n<p>&nbsp;&nbsp;&nbsp; El brigadier Manuel Buceta, era el Gobernador de la Anexi\u00f3n en&nbsp; Santiago. Cuando se produjo el \u00abGrito de Capotillo\u00bb, el 16 de agosto de 1863, se encontraba realizando un recorrido por la l\u00ednea Noroeste y la Frontera, con el prop\u00f3sito de comprobar cu\u00e1l era la situaci\u00f3n en la zona.<\/p>\n\n\n\n<p>&nbsp;&nbsp;&nbsp; La Guerra de la Restauraci\u00f3n comenz\u00f3 el d\u00eda&nbsp; 16 de agosto del a\u00f1o 1863, y&nbsp; termin\u00f3 con el rescate de la soberan\u00eda de la Rep\u00fablica Dominicana en 1865.<\/p>\n\n\n\n<p>&nbsp;&nbsp;&nbsp;&nbsp;&nbsp; La anexi\u00f3n de Rep\u00fablica Dominicana a Espa\u00f1a fue proclamada por el Presidente Pedro Santana, en un acto celebrado en la plaza de la Catedral de Santo Domingo, el d\u00eda 18 de marzo de 1861.&nbsp;<\/p>\n\n\n\n<p>&nbsp;&nbsp;&nbsp;&nbsp; A pesar de que los dominicanos proclamaron la Restauraci\u00f3n de la Rep\u00fablica el d\u00eda 16 de agosto de 1863,&nbsp; los espa\u00f1oles se resist\u00edan a salir del pa\u00eds y se acantonaron&nbsp; en varios puntos del pa\u00eds.<\/p>\n\n\n\n<p>&nbsp;&nbsp;&nbsp;&nbsp; En un proceso de negociaciones se lleg\u00f3&nbsp; al acuerdo que produjo la salida de los remanentes del Ej\u00e9rcito Espa\u00f1ol a partir del d\u00eda 10 de julio de 1865, con lo que termin\u00f3 de manera definitiva la Guerra de la Restauraci\u00f3n.<\/p>\n","protected":false},"excerpt":{"rendered":"<p>Santiago Rodr\u00edguez dirigi\u00f3 sus fuerzas hacia las comunidades de Sabaneta. \u00a0Y Benito Monci\u00f3n se moviliz\u00f3 con sus tropas a Las Pastillas, en Dajab\u00f3n. GUAYUBIN,&nbsp; el 18 de agosto de 1863, en la Guerra de la Restauraci\u00f3n, las fuerzas dominicanas continuaron la lucha contra las tropas del brigadier Manuel Buceta. Una versi\u00f3n militar&nbsp; indica que el [&hellip;]<\/p>\n","protected":false},"author":28,"featured_media":376786,"comment_status":"closed","ping_status":"","sticky":true,"template":"","format":"standard","meta":{"footnotes":""},"categories":[26,27],"tags":[],"class_list":["post-376785","post","type-post","status-publish","format-standard","has-post-thumbnail","hentry","category-efemerides","category-portada"],"_links":{"self":[{"href":"https:\/\/diariodominicano.com\/index.php?rest_route=\/wp\/v2\/posts\/376785","targetHints":{"allow":["GET"]}}],"collection":[{"href":"https:\/\/diariodominicano.com\/index.php?rest_route=\/wp\/v2\/posts"}],"about":[{"href":"https:\/\/diariodominicano.com\/index.php?rest_route=\/wp\/v2\/types\/post"}],"author":[{"embeddable":true,"href":"https:\/\/diariodominicano.com\/index.php?rest_route=\/wp\/v2\/users\/28"}],"replies":[{"embeddable":true,"href":"https:\/\/diariodominicano.com\/index.php?rest_route=%2Fwp%2Fv2%2Fcomments&post=376785"}],"version-history":[{"count":3,"href":"https:\/\/diariodominicano.com\/index.php?rest_route=\/wp\/v2\/posts\/376785\/revisions"}],"predecessor-version":[{"id":376789,"href":"https:\/\/diariodominicano.com\/index.php?rest_route=\/wp\/v2\/posts\/376785\/revisions\/376789"}],"wp:featuredmedia":[{"embeddable":true,"href":"https:\/\/diariodominicano.com\/index.php?rest_route=\/wp\/v2\/media\/376786"}],"wp:attachment":[{"href":"https:\/\/diariodominicano.com\/index.php?rest_route=%2Fwp%2Fv2%2Fmedia&parent=376785"}],"wp:term":[{"taxonomy":"category","embeddable":true,"href":"https:\/\/diariodominicano.com\/index.php?rest_route=%2Fwp%2Fv2%2Fcategories&post=376785"},{"taxonomy":"post_tag","embeddable":true,"href":"https:\/\/diariodominicano.com\/index.php?rest_route=%2Fwp%2Fv2%2Ftags&post=376785"}],"curies":[{"name":"wp","href":"https:\/\/api.w.org\/{rel}","templated":true}]}}