{"id":376783,"date":"2022-08-18T00:06:31","date_gmt":"2022-08-18T04:06:31","guid":{"rendered":"http:\/\/diariodominicano.com\/?p=376783"},"modified":"2022-08-18T00:06:31","modified_gmt":"2022-08-18T04:06:31","slug":"buenaventura-baez-es-electo-presidente-de-la-republica-dominicana","status":"publish","type":"post","link":"https:\/\/diariodominicano.com\/?p=376783","title":{"rendered":"Buenaventura B\u00e1ez es electo presidente de la Rep\u00fablica Dominicana"},"content":{"rendered":"\n<p>&nbsp;&nbsp; SANTO DOMINGO, el 18 de agosto de 1849, Buenaventura B\u00e1ez fue electo Presidente de la Rep\u00fablica Dominicana.<\/p>\n\n\n\n<p>&nbsp;&nbsp; Luego del acontecimiento el Jefe del Ej\u00e9rcito, General Pedro Santana, quien ten\u00eda el control del Poder Ejecutivo, y apoy\u00f3 la candidatura de Buenaventura B\u00e1ez, se traslad\u00f3 a su hacienda de El Prado, en El Seibo.<\/p>\n\n\n\n<p>&nbsp;&nbsp;&nbsp;&nbsp; B\u00e1ez fue juramentado Presidente de la Rep\u00fablica, el 24 de septiembre de 1849.<\/p>\n\n\n\n<p>&nbsp;&nbsp;&nbsp; El proceso para escoger al nuevo Presidente dominicano fue iniciado el&nbsp; 5 de agosto de 1849, a fin de&nbsp; ejecutar la convocatoria que hizo el Congreso Nacional para satisfacer la voluntad del General Pedro Santana.<\/p>\n\n\n\n<p>&nbsp;&nbsp;&nbsp;&nbsp;&nbsp;&nbsp;&nbsp;&nbsp;&nbsp; Luego de la ca\u00edda del Presidente Manuel Jimenes,&nbsp; el 29 de mayo de 1849, las del 5 de agosto fueron las segundas elecciones convocadas por la voluntad del encargado del Poder Ejecutivo,&nbsp; general Pedro Santana.<\/p>\n\n\n\n<p>&nbsp;&nbsp; &nbsp;&nbsp;&nbsp;&nbsp;&nbsp;&nbsp; En las primeras celebradas el 5 de julio de 1849, fue electo Presidente el ciudadano Santiago Espaillat, quien declin\u00f3.<\/p>\n\n\n\n<p>&nbsp;&nbsp; &nbsp;&nbsp;&nbsp;&nbsp;&nbsp;&nbsp; Las elecciones del 5 de agosto hab\u00edan sido convocadas&nbsp; por el General Pedro Santana, quien hab\u00eda encabezado una revuelta armada que oblig\u00f3 al Presidente Manuel Jimenes a entregar el poder el 29 de mayo de 1849.<\/p>\n\n\n\n<p>&nbsp;&nbsp;&nbsp; &nbsp;&nbsp;&nbsp;&nbsp;&nbsp; A partir del 30 de Mayo de 1849, Pedro Santana tom\u00f3 el Poder Ejecutivo.<\/p>\n\n\n\n<p>La candidatura de Buenaventura B\u00e1ez, quien contribuy\u00f3 a la ca\u00edda del Presidente&nbsp; Jimenes,&nbsp; era promovida por el general Pedro Santana.<\/p>\n\n\n\n<p>&nbsp;&nbsp;&nbsp; Cuando&nbsp; Santiago Espaillat,&nbsp; fue electo Presidente el 5 de julio,&nbsp; aleg\u00f3 para no asumir la jefatura del Estado, razones de edad y salud.<\/p>\n","protected":false},"excerpt":{"rendered":"<p>&nbsp;&nbsp; SANTO DOMINGO, el 18 de agosto de 1849, Buenaventura B\u00e1ez fue electo Presidente de la Rep\u00fablica Dominicana. &nbsp;&nbsp; Luego del acontecimiento el Jefe del Ej\u00e9rcito, General Pedro Santana, quien ten\u00eda el control del Poder Ejecutivo, y apoy\u00f3 la candidatura de Buenaventura B\u00e1ez, se traslad\u00f3 a su hacienda de El Prado, en El Seibo. &nbsp;&nbsp;&nbsp;&nbsp; [&hellip;]<\/p>\n","protected":false},"author":28,"featured_media":303648,"comment_status":"closed","ping_status":"","sticky":true,"template":"","format":"standard","meta":{"footnotes":""},"categories":[26,27],"tags":[],"class_list":["post-376783","post","type-post","status-publish","format-standard","has-post-thumbnail","hentry","category-efemerides","category-portada"],"_links":{"self":[{"href":"https:\/\/diariodominicano.com\/index.php?rest_route=\/wp\/v2\/posts\/376783","targetHints":{"allow":["GET"]}}],"collection":[{"href":"https:\/\/diariodominicano.com\/index.php?rest_route=\/wp\/v2\/posts"}],"about":[{"href":"https:\/\/diariodominicano.com\/index.php?rest_route=\/wp\/v2\/types\/post"}],"author":[{"embeddable":true,"href":"https:\/\/diariodominicano.com\/index.php?rest_route=\/wp\/v2\/users\/28"}],"replies":[{"embeddable":true,"href":"https:\/\/diariodominicano.com\/index.php?rest_route=%2Fwp%2Fv2%2Fcomments&post=376783"}],"version-history":[{"count":1,"href":"https:\/\/diariodominicano.com\/index.php?rest_route=\/wp\/v2\/posts\/376783\/revisions"}],"predecessor-version":[{"id":376784,"href":"https:\/\/diariodominicano.com\/index.php?rest_route=\/wp\/v2\/posts\/376783\/revisions\/376784"}],"wp:featuredmedia":[{"embeddable":true,"href":"https:\/\/diariodominicano.com\/index.php?rest_route=\/wp\/v2\/media\/303648"}],"wp:attachment":[{"href":"https:\/\/diariodominicano.com\/index.php?rest_route=%2Fwp%2Fv2%2Fmedia&parent=376783"}],"wp:term":[{"taxonomy":"category","embeddable":true,"href":"https:\/\/diariodominicano.com\/index.php?rest_route=%2Fwp%2Fv2%2Fcategories&post=376783"},{"taxonomy":"post_tag","embeddable":true,"href":"https:\/\/diariodominicano.com\/index.php?rest_route=%2Fwp%2Fv2%2Ftags&post=376783"}],"curies":[{"name":"wp","href":"https:\/\/api.w.org\/{rel}","templated":true}]}}