{"id":37678,"date":"2006-11-18T20:45:39","date_gmt":"2006-11-18T20:45:39","guid":{"rendered":"http:\/\/diariodominicano.ddns.net\/?p=37678"},"modified":"2006-11-18T20:45:39","modified_gmt":"2006-11-18T20:45:39","slug":"toda-casa-dividida-perecera-o-una-debilidad-gubernamental-a-subsanar","status":"publish","type":"post","link":"https:\/\/diariodominicano.com\/?p=37678","title":{"rendered":"Toda casa dividida perecer\u00e1 o una debilidad gubernamental a subsanar"},"content":{"rendered":"<p><body><\/p>\n<p align=\"right\"><strong><img loading=\"lazy\" decoding=\"async\" width=\"67\" height=\"36\" src=\"http:\/\/10.0.0.82:8080\/formato_clip_image002_0022.gif\" \/><\/strong><br \/>&#13;<br \/>\n    <strong><img loading=\"lazy\" decoding=\"async\" width=\"177\" height=\"33\" src=\"http:\/\/10.0.0.82:8080\/formato_clip_image004_0003.gif\" \/><\/strong><br \/>&#13;<br \/>\n    <strong><em>Comentarios de Medios<\/em><\/strong><br \/>&#13;<br \/>\n    <em>17 de  Noviembre, 2006.<\/em><\/p>\n<p>&#13;<\/p>\n<p class=\"titulogrande1\">Toda casa dividida perecer\u00e1 o una debilidad gubernamental a  subsanar<\/p>\n<p>&#13;<\/p>\n<p align=\"justify\" class=\"text1noticias\">Hoy, por ser viernes, me permito pasar de la filosof\u00eda (nuestros comentarios no son m\u00e1s  que eso, filosof\u00eda: intento de entender el sentido de los actos pol\u00edticos,  sociales y econ\u00f3micos de nuestra sociedad, algunos de los cuales son rese\u00f1ados  en la prensa), a la teolog\u00eda (que, para fines de  este comentario, asumimos como el sentido en Dios de las cosas de este mundo,  las cuales pasar\u00e1n).<\/p>\n<p>&#13;<\/p>\n<p align=\"justify\" class=\"text1noticias\">\u201cTodo reino dividido queda asolado. Y toda familia o ciudad  dividida no podr\u00e1 mantenerse en pie\u2026\u201d, expres\u00f3 Jes\u00fas, el de Nazareth (Mt  12,25).<\/p>\n<p>&#13;<\/p>\n<p align=\"justify\" class=\"text1noticias\">Sea cual fuese la versi\u00f3n de la Biblia que utilicemos,  lo cierto es que la divisi\u00f3n genera destrucci\u00f3n.  Se trate de divisi\u00f3n pol\u00edtica, econ\u00f3mica, social o familiar. Ejemplos sobran a  mont\u00f3n. <\/p>\n<p>&#13;<\/p>\n<p align=\"justify\" class=\"text1noticias\">Algunas veces hemos escuchado que tal grupo econ\u00f3mico  se dividi\u00f3 y que, contrario a lo que se pensaba, ambas partes se fortalecieron  \u00bfPueden imaginarse lo que hubiese sido ese grupo econ\u00f3mico de haber logrado  mantenerse unido, sumando sinergias, habilidades, visiones?<\/p>\n<p>&#13;<\/p>\n<p align=\"justify\" class=\"text1noticias\">Otro ejemplo es el ejercicio huelgario como se ha  vivido en Rep\u00fablica Dominicana en los \u00faltimos lustros. La \u201ccontundencia\u201d de una  huelga es medida, por algunos de sus organizadores, como la \u201cmagnitud\u201d de la  destrucci\u00f3n lograda, incluyendo destrucci\u00f3n de lo social.<\/p>\n<p>&#13;<\/p>\n<p align=\"justify\" class=\"text1noticias\">En 1 Cor 1,13 Pablo se pregunta: \u201c\u00bfAcaso est\u00e1 dividido  Cristo?\u201d, seg\u00fan unas versiones, seg\u00fan otras: \u201c\u00bfAcaso ha sido dado en  exclusiva\u201d\u2026 Y a nosotros cabe preguntarnos hoy: <strong>\u00bfAcaso est\u00e1 dividido el Gobierno? <\/strong>Y  nos referimos a temas importantes como el deseo de incrementar los impuestos,  esbozados por el Presidente Leonel Fern\u00e1ndez.<\/p>\n<p>&#13;<\/p>\n<p align=\"justify\" class=\"text1noticias\"> Algunos, como Miguel Guerrero,  columnista de El Caribe,  o Clave Digital  en uno que otro de sus editoriales, han se\u00f1alado las confrontaciones entre  funcionarios como una debilidad que resta fortaleza al Gobierno. Cr\u00edticos  razonables, pero poco escuchados, puesto que algunos funcionarios del Gobierno  insisten en sus pr\u00e1cticas de confrontaciones p\u00fablicas, con dificultades, al  parecer, de \u201clavar la ropa sucia en la propia casa\u201d.<\/p>\n<p>&#13;<\/p>\n<p align=\"justify\" class=\"text1noticias\"> Un primer ejemplo. Se atribuye al  Ministro de Finanzas, Vicente Bengoa, revelar <em>\u201cque la propuesta preparada por el gobierno es \u00aba punta de  rev\u00f3lver\u201d por las presiones del Fondo Monetario Internacional, organismo que  supuestamente quer\u00eda que se gravara con el Itbis \u201chasta el aire\u201d<\/em> (Clave Digital). El  editorial de Clave Digital  reflexiona en esa direcci\u00f3n y a\u00f1ade: <em>\u201cY  peor es su declaraci\u00f3n cuando afirma que \u201cel Gobierno  no est\u00e1 haciendo una reforma fiscal sino respondiendo a las presiones del Fondo  Monetario Internacional\u201d<\/em> (Ver Clave Digital \u2013  editorial). Sin embargo, el Ministro convoca a la prensa para asegurar que fue una \u201ctotal responsabilidad\u201d del gobierno  decidir el contenido del proyecto de rectificaci\u00f3n fiscal, sin  interferencia ni presi\u00f3n del Fondo Monetario Internacional (Ver Nuevo Diario).<\/p>\n<p>&#13;<\/p>\n<p align=\"justify\" class=\"text1noticias\">Un segundo ejemplo. Es en Clave Digital donde se  rese\u00f1a con mayor claridad la confrontaci\u00f3n entre el Ministro  de Finanzas, Vicente Bengoa, y el Ministro T\u00e9cnico de la Presidencia,  Temistocl\u00e9s Mont\u00e1s. \u201cNo se ponen de acuerdo\u201d, reza el titular, lo cual  no es un hecho extraordinario ni preocupante, porque los desacuerdos son parte  de la construcci\u00f3n del conocimiento, pero si es preocupante que uno de los  espacios de debate de esos desacuerdos lo sean los medios de comunicaci\u00f3n. <\/p>\n<p>&#13;<\/p>\n<p align=\"justify\" class=\"text1noticias\">Al parecer, Mont\u00e1s habl\u00f3 de impuestos improcedentes,  abriendo la posibilidad de modificaciones a la propuesta de incremento de  impuestos presentada por el Presidente Fern\u00e1ndez. Bengoa se\u00f1ala que no habr\u00e1  modificaciones y que no hay impuestos improcedentes lo cual, asegura, \u201cno es  correcto, aunque lo diga Jesucristo\u00bb.<\/p>\n<p>&#13;<\/p>\n<p align=\"justify\" class=\"text1noticias\">Colocar a Jes\u00fas, el de Nazareth, como referencia es  asumir que su verdad es absoluta, sin posibilidad de equivocaci\u00f3n ni l\u00f3gica ni  de hecho. <\/p>\n<p>&#13;<\/p>\n<p align=\"justify\" class=\"text1noticias\"><strong>Casa  dividida. En confrontaci\u00f3n p\u00fablica. Con acusaciones hacia si misma.<\/strong><\/p>\n<p>&#13;<\/p>\n<p align=\"justify\" class=\"text1noticias\">Pablo, en su carta a Tito, da un consejo sobre c\u00f3mo  solucionar el problema de la divisi\u00f3n: \u201cAl hombre que  causa divisiones, despu\u00e9s de una y otra amonestaci\u00f3n, des\u00e9chalo\u201d (Tit  3,10). <\/p>\n<p>&#13;<\/p>\n<p align=\"justify\" class=\"text1noticias\">No sabemos si este deber\u00eda ser el camino que tome el  Presidente Fern\u00e1ndez, pero si creemos que esta es una <strong>situaci\u00f3n que el Presidente Fern\u00e1ndez, como  cabeza de esa casa, deber\u00eda subsanar. <\/strong>Su silencio puede indicar una  concepci\u00f3n sobre el debate, como puede tambi\u00e9n indicar debilidad, soledad hemos  dicho en otras ocasiones. Toca al Presidente Fern\u00e1ndez tomar consejo y decidir  qu\u00e9 hacer\u2026 pero su reino \u2013el Gobierno- no deber\u00eda seguir dividido\u2026<\/p>\n<p>&#13;<\/p>\n<p align=\"justify\" class=\"text1noticias\">Milton  Tejada C.<br \/>&#13;<br \/>\n  <br \/>&#13;<br \/>\n  tejadamilton@yahoo.com <\/p>\n<p>&#13;<\/p>\n<h6> 2006-11-18 20:45:39 <\/h6>\n<p><!--\n<link rel=\"stylesheet\" href=\"css\/bootstrap.min.css\">\n\n\n<ul class=\"pagination\">\n\t    \n\t\n\n<li >\n\t<a href='?page_no=13416'>Previous<\/a>\n\t<\/li>\n\n\n       \n    \n\n<li><a href='?page_no=1'>1<\/a><\/li>\n\n\n\n<li><a href='?page_no=2'>2<\/a><\/li>\n\n\n\n<li><a>...<\/a><\/li>\n\n\n\n<li><a href='?page_no=13415'>13415<\/a><\/li>\n\n\n\n<li><a href='?page_no=13416'>13416<\/a><\/li>\n\n\n\n<li class='active'><a>13417<\/a><\/li>\n\n\n\n<li><a href='?page_no=13418'>13418<\/a><\/li>\n\n\n\n<li><a href='?page_no=13419'>13419<\/a><\/li>\n\n\n\n<li><a>...<\/a><\/li>\n\n\n\n<li><a href='?page_no=13611'>13611<\/a><\/li>\n\n\n\n<li><a href='?page_no=13612'>13612<\/a><\/li>\n\n    \n\t\n\n<li >\n\t<a href='?page_no=13418'>Next<\/a>\n\t<\/li>\n\n\n    \n\n<li><a href='?page_no=13612'>Last &rsaquo;&rsaquo;<\/a><\/li>\n\n<\/ul>\n\n\n--><br \/>\n<\/body><\/p>\n","protected":false},"excerpt":{"rendered":"<p>&#13; &#13; Comentarios de Medios&#13; 17 de Noviembre, 2006. &#13; Toda casa dividida perecer\u00e1 o una debilidad gubernamental a subsanar &#13; Hoy, por ser viernes, me permito pasar de la filosof\u00eda (nuestros comentarios no son m\u00e1s que eso, filosof\u00eda: intento de entender el sentido de los actos pol\u00edticos, sociales y econ\u00f3micos de nuestra sociedad, algunos [&hellip;]<\/p>\n","protected":false},"author":3,"featured_media":0,"comment_status":"open","ping_status":"open","sticky":false,"template":"","format":"standard","meta":{"footnotes":""},"categories":[16],"tags":[],"class_list":["post-37678","post","type-post","status-publish","format-standard","hentry","category-opiniones"],"_links":{"self":[{"href":"https:\/\/diariodominicano.com\/index.php?rest_route=\/wp\/v2\/posts\/37678","targetHints":{"allow":["GET"]}}],"collection":[{"href":"https:\/\/diariodominicano.com\/index.php?rest_route=\/wp\/v2\/posts"}],"about":[{"href":"https:\/\/diariodominicano.com\/index.php?rest_route=\/wp\/v2\/types\/post"}],"author":[{"embeddable":true,"href":"https:\/\/diariodominicano.com\/index.php?rest_route=\/wp\/v2\/users\/3"}],"replies":[{"embeddable":true,"href":"https:\/\/diariodominicano.com\/index.php?rest_route=%2Fwp%2Fv2%2Fcomments&post=37678"}],"version-history":[{"count":0,"href":"https:\/\/diariodominicano.com\/index.php?rest_route=\/wp\/v2\/posts\/37678\/revisions"}],"wp:attachment":[{"href":"https:\/\/diariodominicano.com\/index.php?rest_route=%2Fwp%2Fv2%2Fmedia&parent=37678"}],"wp:term":[{"taxonomy":"category","embeddable":true,"href":"https:\/\/diariodominicano.com\/index.php?rest_route=%2Fwp%2Fv2%2Fcategories&post=37678"},{"taxonomy":"post_tag","embeddable":true,"href":"https:\/\/diariodominicano.com\/index.php?rest_route=%2Fwp%2Fv2%2Ftags&post=37678"}],"curies":[{"name":"wp","href":"https:\/\/api.w.org\/{rel}","templated":true}]}}