{"id":376778,"date":"2022-08-18T00:00:52","date_gmt":"2022-08-18T04:00:52","guid":{"rendered":"http:\/\/diariodominicano.com\/?p=376778"},"modified":"2022-08-18T00:01:15","modified_gmt":"2022-08-18T04:01:15","slug":"juan-pablo-duarte-pina-y-perez-logran-viajar-de-saint-thomas-a-venezuela","status":"publish","type":"post","link":"https:\/\/diariodominicano.com\/?p=376778","title":{"rendered":"Juan Pablo Duarte, Pina y P\u00e9rez logran viajar de Saint Thomas a Venezuela"},"content":{"rendered":"\n<p>Juan Pablo Duarte<\/p>\n\n\n\n<p><\/p>\n\n\n\n<p>Por H\u00e9ctor Tineo Nolasco<\/p>\n\n\n\n<p>Diariodominicano.com<\/p>\n\n\n\n<p>SAINT THOMAS, el 18 de agosto de 1843, Juan Pablo Duarte, Pedro Alejandrino Pina y Juan Isidro P\u00e9rez, lograron viajar de Saint Thomas con destino a la Guaira, Venezuela.<\/p>\n\n\n\n<p>&nbsp;&nbsp; Los tres se encontraban exiliados en Saint Thomas, desde el d\u00eda 11 de agosto de 1843, cuando llegaron de la isla de Vieques, Puerto Rico. Hab\u00edan salido de la ciudad de Santo Domingo, el d\u00eda 2 de agosto de 1843, para escapar a la persecuci\u00f3n del Gobierno haitiano.<\/p>\n\n\n\n<p>&nbsp; El viaje a La Guaira lo hicieron en la goleta venezolana \u00abLa Felicidad\u00bb, capitaneada por Nicol\u00e1s E. Damers.<\/p>\n\n\n\n<p>&nbsp;&nbsp;&nbsp; Juan Pablo Duarte, y sus compa\u00f1eros de La Trinitaria, Juan Isidro P\u00e9rez y Pedro Alejandrino Pina, hab\u00edan llegado a la isla&nbsp; Vieques, el d\u00eda 10 de agosto de 1843.<\/p>\n","protected":false},"excerpt":{"rendered":"<p>Juan Pablo Duarte Por H\u00e9ctor Tineo Nolasco Diariodominicano.com SAINT THOMAS, el 18 de agosto de 1843, Juan Pablo Duarte, Pedro Alejandrino Pina y Juan Isidro P\u00e9rez, lograron viajar de Saint Thomas con destino a la Guaira, Venezuela. &nbsp;&nbsp; Los tres se encontraban exiliados en Saint Thomas, desde el d\u00eda 11 de agosto de 1843, cuando [&hellip;]<\/p>\n","protected":false},"author":28,"featured_media":369260,"comment_status":"closed","ping_status":"","sticky":true,"template":"","format":"standard","meta":{"footnotes":""},"categories":[26,27],"tags":[],"class_list":["post-376778","post","type-post","status-publish","format-standard","has-post-thumbnail","hentry","category-efemerides","category-portada"],"_links":{"self":[{"href":"https:\/\/diariodominicano.com\/index.php?rest_route=\/wp\/v2\/posts\/376778","targetHints":{"allow":["GET"]}}],"collection":[{"href":"https:\/\/diariodominicano.com\/index.php?rest_route=\/wp\/v2\/posts"}],"about":[{"href":"https:\/\/diariodominicano.com\/index.php?rest_route=\/wp\/v2\/types\/post"}],"author":[{"embeddable":true,"href":"https:\/\/diariodominicano.com\/index.php?rest_route=\/wp\/v2\/users\/28"}],"replies":[{"embeddable":true,"href":"https:\/\/diariodominicano.com\/index.php?rest_route=%2Fwp%2Fv2%2Fcomments&post=376778"}],"version-history":[{"count":2,"href":"https:\/\/diariodominicano.com\/index.php?rest_route=\/wp\/v2\/posts\/376778\/revisions"}],"predecessor-version":[{"id":376780,"href":"https:\/\/diariodominicano.com\/index.php?rest_route=\/wp\/v2\/posts\/376778\/revisions\/376780"}],"wp:featuredmedia":[{"embeddable":true,"href":"https:\/\/diariodominicano.com\/index.php?rest_route=\/wp\/v2\/media\/369260"}],"wp:attachment":[{"href":"https:\/\/diariodominicano.com\/index.php?rest_route=%2Fwp%2Fv2%2Fmedia&parent=376778"}],"wp:term":[{"taxonomy":"category","embeddable":true,"href":"https:\/\/diariodominicano.com\/index.php?rest_route=%2Fwp%2Fv2%2Fcategories&post=376778"},{"taxonomy":"post_tag","embeddable":true,"href":"https:\/\/diariodominicano.com\/index.php?rest_route=%2Fwp%2Fv2%2Ftags&post=376778"}],"curies":[{"name":"wp","href":"https:\/\/api.w.org\/{rel}","templated":true}]}}