{"id":37677,"date":"2006-11-20T05:28:23","date_gmt":"2006-11-20T05:28:23","guid":{"rendered":"http:\/\/diariodominicano.ddns.net\/?p=37677"},"modified":"2006-11-20T05:28:23","modified_gmt":"2006-11-20T05:28:23","slug":"unificar-las-elecciones-un-planteamiento-polemico-pero-atinado","status":"publish","type":"post","link":"https:\/\/diariodominicano.com\/?p=37677","title":{"rendered":"Unificar las elecciones, un planteamiento pol\u00e9mico, pero atinado"},"content":{"rendered":"<p><body><\/p>\n<p align=\"right\"><strong><img loading=\"lazy\" decoding=\"async\" width=\"66\" height=\"35\" src=\"http:\/\/10.0.0.82:8080\/pictures\/formato_clip_image002_0024.gif\" \/><\/strong><br \/>&#13;<br \/>\n    <strong><img loading=\"lazy\" decoding=\"async\" width=\"176\" height=\"32\" src=\"http:\/\/10.0.0.82:8080\/pictures\/formato_clip_image004_0004.gif\" \/><\/strong><\/p>\n<p>&#13;<\/p>\n<p align=\"right\"><strong><em>Comentarios de Medios<\/em><\/strong><br \/>&#13;<br \/>\n    <em>19 de Noviembre, 2006.<\/em><\/p>\n<p>&#13;<\/p>\n<p align=\"right\"><em>La ausencia\u00a0  de normas \u00e9ticas y de revisi\u00f3n contable\u00a0  a cargo de autoridades electorales de absoluta neutralidad e idoneidad  dejan el camino libre para todas las indelicadezas (Hoy \u2013 Editorial \u2013 19 de  noviembre de 2006).<\/em><\/p>\n<p>&#13;<\/p>\n<p>\u00a0<\/p>\n<p>&#13;<\/p>\n<ul>&#13;<\/p>\n<li>&#13;\n<div align=\"justify\" class=\"text1noticias\">Unificar  las elecciones, un planteamiento pol\u00e9mico, pero atinado;<\/div>\n<p>&#13;\n  <\/li>\n<p>&#13;<\/p>\n<li>&#13;\n<div align=\"justify\" class=\"text1noticias\">Una  semana desastrosa para el Gobierno;<\/div>\n<p>&#13;\n  <\/li>\n<p>&#13;<\/p>\n<li>&#13;\n<div align=\"justify\" class=\"text1noticias\">El  empresariado, unificado como nunca.<\/div>\n<p>&#13;\n  <\/li>\n<p>&#13;\n<\/ul>\n<p>&#13;<\/p>\n<p align=\"justify\" class=\"text1noticias\"><strong>UNO<\/strong><br \/>&#13;<br \/>\n<strong>Unificar las elecciones, un  planteamiento pol\u00e9mico, pero atinado<\/strong><\/p>\n<p>&#13;<\/p>\n<p align=\"justify\" class=\"text1noticias\">\u00a0\u00a0\u00a0\u00a0\u00a0\u00a0\u00a0\u00a0\u00a0\u00a0\u00a0 El  planteamiento del Presidente Leonel Fern\u00e1ndez sugiriendo unificar las  elecciones presidenciales, congresuales y municipales a partir del 2010  \u2013unificaci\u00f3n en el a\u00f1o, no necesariamente en el d\u00eda- nos parece atinada. He  aqu\u00ed algunos comentarios en contra que, aunque sinceros, creemos que no se  sostienen:<\/p>\n<p>&#13;<\/p>\n<p align=\"justify\" class=\"text1noticias\">\u00a0\u00a0\u00a0\u00a0\u00a0\u00a0\u00a0\u00a0\u00a0\u00a0\u00a0 <strong>Argumento uno<\/strong>. Es un intento de Fern\u00e1ndez de distraer la atenci\u00f3n nacional del tema que realmente  nos preocupa, la propuesta de incremento de impuesto.  Puede ser cierto que el planteamiento de Fern\u00e1ndez distraiga a muchos del tema  de la llamada reforma fiscal \u2013en que tan mal parada ha quedado la imagen del  Gobierno y, especialmente, del gobernante-. Sin embargo, quienes se oponen a este aumento impositivo tienen la  suficiente capacidad, apoyo de la poblaci\u00f3n y de los medios y est\u00e1n  suficientemente unificados, para no ser callados por una sugerencia  pol\u00edtica del Presidente. \u00bfO acaso son tan d\u00e9biles que pueden dejarse arrebatar  la opini\u00f3n p\u00fablica por una jugada de opini\u00f3n desde Palacio?<\/p>\n<p>&#13;<\/p>\n<p align=\"justify\" class=\"text1noticias\">\u00a0\u00a0\u00a0\u00a0\u00a0\u00a0\u00a0\u00a0\u00a0\u00a0\u00a0 <strong>Argumento dos<\/strong>. Hay quienes opinan que unificar  las elecciones implica el riesgo de otorgar, en un momento dado, demasiado  poder al Ejecutivo. Este argumento no se sostiene y obvia dos  indicadores. Primero, ahora el Ejecutivo tiene  concentrado mucho poder en el Congreso y en los municipios y no lo logr\u00f3 con elecciones unificadas. Segundo, la  concentraci\u00f3n de poder se ve atada al tema de la reelecci\u00f3n, pero parece ser  que hay tendencias que llevan el tema de la reelecci\u00f3n de la persona del  mandatario al Partido que le llev\u00f3 a esa posici\u00f3n.<\/p>\n<p>&#13;<\/p>\n<p align=\"justify\" class=\"text1noticias\">\u00a0\u00a0\u00a0\u00a0\u00a0\u00a0\u00a0\u00a0\u00a0\u00a0\u00a0 <strong>Argumento tres<\/strong>.  Elecciones cada dos a\u00f1os permiten que los dominicanos expresen censura a  aprobaci\u00f3n a los partidos pol\u00edticos, constituyen la  \u00fanica forma de participaci\u00f3n de la sociedad. Lo que este argumento indica es una carencia de  canales de participaci\u00f3n social y el que proponen, la frecuencia de las  elecciones, es m\u00e1s bien un fomento de la pasividad y el arrastre, de la  masificaci\u00f3n social. O, como se\u00f1ala Fern\u00e1ndez, no hay tiempo para la reflexi\u00f3n  y lo emocional sigue jugando un papel fundamental.<\/p>\n<p>&#13;<\/p>\n<p align=\"justify\" class=\"text1noticias\">\u00a0\u00a0\u00a0\u00a0\u00a0\u00a0\u00a0\u00a0\u00a0\u00a0\u00a0 Adem\u00e1s,  el Presidente Fern\u00e1ndez ratific\u00f3 la visi\u00f3n a la que ha llegado la mayor parte  de la sociedad dominicana: no debe producirse el voto de arrastre (Ver Clave Digital \u2013 18 de  noviembre de 2006).<\/p>\n<p>&#13;<\/p>\n<p align=\"justify\" class=\"text1noticias\"><strong>DOS<\/strong><br \/>&#13;<br \/>\n<strong>Una semana desastrosa para el  Gobierno<\/strong><\/p>\n<p>&#13;<\/p>\n<p align=\"justify\" class=\"text1noticias\">Juan Bol\u00edvar D\u00edaz, con  la sencillez que suele redactar, se\u00f1ala algunos elementos que hacen que la  semana reci\u00e9n pasada fuera desastrosa para el Gobierno y el Partido de la Liberaci\u00f3n Dominicana.   He aqu\u00ed algunos de sus planteamientos:<\/p>\n<p>&#13;<\/p>\n<div align=\"justify\">&#13;<\/p>\n<ul type=\"disc\">&#13;<\/p>\n<li class=\"text1noticias\">Incoherencia en que han aparecido sumidos los       principales funcionarios gubernamentales, que a las 24 horas del discurso       del Presidente de la Rep\u00fablica, plantearon una revisi\u00f3n de los impuestos       apenas esbozados, para al d\u00eda siguiente contradecirse.<\/li>\n<p>&#13;<\/p>\n<li class=\"text1noticias\">Negaron que hubiese exceso de gastos con lo que perdi\u00f3       credibilidad la promesa presidencial de reducirlos en 17 mil 500 millones       de pesos el pr\u00f3ximo a\u00f1o y prevaleci\u00f3 en la opini\u00f3n p\u00fablica el criterio de       que s\u00f3lo se busca mayores recursos para proseguir una ejecutoria que el       pa\u00eds no est\u00e1 en condiciones de financiar.<\/li>\n<p>&#13;<\/p>\n<li class=\"text1noticias\">Atribuy\u00f3 a irresponsabilidad, insensatez,       murmuraciones\u00a0 y hasta mala fe la       oposici\u00f3n a nuevos impuestos, pretendiendo atribuirla tan solo a los       partidos opositores, ignorando el firme rechazo empresarial, de sectores       sociales y hasta religiosos. Olvid\u00f3 tambi\u00e9n\u00a0\u00a0 que fueron funcionarios gubernamentales       y t\u00e9cnicos del FMI incentivados por el gobierno quienes alarmaron al       magnificar su proyecto de reformas tributarias.<\/li>\n<p>&#13;\n  <\/ul>\n<p>&#13;\n<\/p><\/div>\n<p>&#13;<\/p>\n<p class=\"text1noticias\"><strong>TRES<\/strong><br \/>&#13;<br \/>\n<strong>El empresariado, unificado  como nunca<\/strong><\/p>\n<p>&#13;<\/p>\n<p class=\"text1noticias\">El  empresariado nacional est\u00e1 unificado en contra del incremento de impuestos,  como pocas veces en el pasado. El Gobierno no debe obviar esto.<\/p>\n<p>&#13;<\/p>\n<p>Milton Tejada C.<br \/>&#13;<br \/>\n  tejadamilton@yahoo.com<\/p>\n<h6> 2006-11-20 05:28:23 <\/h6>\n<p><!--\n<link rel=\"stylesheet\" href=\"css\/bootstrap.min.css\">\n\n\n<ul class=\"pagination\">\n\t    \n\t\n\n<li >\n\t<a href='?page_no=13415'>Previous<\/a>\n\t<\/li>\n\n\n       \n    \n\n<li><a href='?page_no=1'>1<\/a><\/li>\n\n\n\n<li><a href='?page_no=2'>2<\/a><\/li>\n\n\n\n<li><a>...<\/a><\/li>\n\n\n\n<li><a href='?page_no=13414'>13414<\/a><\/li>\n\n\n\n<li><a href='?page_no=13415'>13415<\/a><\/li>\n\n\n\n<li class='active'><a>13416<\/a><\/li>\n\n\n\n<li><a href='?page_no=13417'>13417<\/a><\/li>\n\n\n\n<li><a href='?page_no=13418'>13418<\/a><\/li>\n\n\n\n<li><a>...<\/a><\/li>\n\n\n\n<li><a href='?page_no=13611'>13611<\/a><\/li>\n\n\n\n<li><a href='?page_no=13612'>13612<\/a><\/li>\n\n    \n\t\n\n<li >\n\t<a href='?page_no=13417'>Next<\/a>\n\t<\/li>\n\n\n    \n\n<li><a href='?page_no=13612'>Last &rsaquo;&rsaquo;<\/a><\/li>\n\n<\/ul>\n\n\n--><br \/>\n<\/body><\/p>\n","protected":false},"excerpt":{"rendered":"<p>&#13; &#13; Comentarios de Medios&#13; 19 de Noviembre, 2006. &#13; La ausencia\u00a0 de normas \u00e9ticas y de revisi\u00f3n contable\u00a0 a cargo de autoridades electorales de absoluta neutralidad e idoneidad dejan el camino libre para todas las indelicadezas (Hoy \u2013 Editorial \u2013 19 de noviembre de 2006). &#13; \u00a0 &#13; &#13; &#13; Unificar las elecciones, un [&hellip;]<\/p>\n","protected":false},"author":3,"featured_media":0,"comment_status":"open","ping_status":"open","sticky":false,"template":"","format":"standard","meta":{"footnotes":""},"categories":[16],"tags":[],"class_list":["post-37677","post","type-post","status-publish","format-standard","hentry","category-opiniones"],"_links":{"self":[{"href":"https:\/\/diariodominicano.com\/index.php?rest_route=\/wp\/v2\/posts\/37677","targetHints":{"allow":["GET"]}}],"collection":[{"href":"https:\/\/diariodominicano.com\/index.php?rest_route=\/wp\/v2\/posts"}],"about":[{"href":"https:\/\/diariodominicano.com\/index.php?rest_route=\/wp\/v2\/types\/post"}],"author":[{"embeddable":true,"href":"https:\/\/diariodominicano.com\/index.php?rest_route=\/wp\/v2\/users\/3"}],"replies":[{"embeddable":true,"href":"https:\/\/diariodominicano.com\/index.php?rest_route=%2Fwp%2Fv2%2Fcomments&post=37677"}],"version-history":[{"count":0,"href":"https:\/\/diariodominicano.com\/index.php?rest_route=\/wp\/v2\/posts\/37677\/revisions"}],"wp:attachment":[{"href":"https:\/\/diariodominicano.com\/index.php?rest_route=%2Fwp%2Fv2%2Fmedia&parent=37677"}],"wp:term":[{"taxonomy":"category","embeddable":true,"href":"https:\/\/diariodominicano.com\/index.php?rest_route=%2Fwp%2Fv2%2Fcategories&post=37677"},{"taxonomy":"post_tag","embeddable":true,"href":"https:\/\/diariodominicano.com\/index.php?rest_route=%2Fwp%2Fv2%2Ftags&post=37677"}],"curies":[{"name":"wp","href":"https:\/\/api.w.org\/{rel}","templated":true}]}}