{"id":37675,"date":"2006-11-22T13:45:57","date_gmt":"2006-11-22T13:45:57","guid":{"rendered":"http:\/\/diariodominicano.ddns.net\/?p=37675"},"modified":"2006-11-22T13:45:57","modified_gmt":"2006-11-22T13:45:57","slug":"especulacion-poder-y-conciencia-ciudadana","status":"publish","type":"post","link":"https:\/\/diariodominicano.com\/?p=37675","title":{"rendered":"Especulaci\u00f3n, poder y conciencia ciudadana"},"content":{"rendered":"<p><body><\/p>\n<p align=\"right\"><strong><img loading=\"lazy\" decoding=\"async\" width=\"67\" height=\"36\" src=\"http:\/\/10.0.0.82:8080\/formato_clip_image002_0024.gif\" \/><\/strong><br \/>&#13;<br \/>\n    <strong><img loading=\"lazy\" decoding=\"async\" width=\"177\" height=\"33\" src=\"http:\/\/10.0.0.82:8080\/formato_clip_image004_0004.gif\" \/><\/strong><\/p>\n<p>&#13;<\/p>\n<p align=\"right\"><strong><em>Comentarios de Medios<\/em><\/strong><br \/>&#13;<br \/>\n    <em>21 de Noviembre, 2006.<\/em><\/p>\n<p>&#13;<\/p>\n<p align=\"right\"><em>Ning\u00fan hombre es lo bastante bueno <\/em><br \/>&#13;<br \/>\n    <em>para gobernar a otro sin su consentimiento<\/em><br \/>&#13;<br \/>\n    <em>(Abraham Lincoln)<\/em><\/p>\n<p>&#13;<\/p>\n<p>UNO<br \/>&#13;<br \/>\n  <br \/>&#13;<br \/>\n    <strong>Especulaci\u00f3n, poder y conciencia ciudadana<\/strong><\/p>\n<p>&#13;<\/p>\n<p align=\"justify\" class=\"text1noticias\">El Ministro de  Finanzas, Vicente Bengoa, afirm\u00f3 que el Gobierno no  tiene los mecanismos legales para evitar y enfrentar la especulaci\u00f3n de los  comerciantes. Como en otras ocasiones, hay una instancia: la Secretar\u00eda  de Industria y Comercio (List\u00edn Diaro, 21 de noviembre de 2006). No hay control  de precios, cosas del libre mercado\u2026<\/p>\n<p>&#13;<\/p>\n<p align=\"justify\" class=\"text1noticias\">El tema de los precios de los llamados art\u00edculos de primera  necesidad es un tema de gobernabilidad\u2026 y si no, que lo cuenten los  perrede\u00edstas con abril del 84, para remontarnos a dos d\u00e9cadas atr\u00e1s)\u2026 Una poblaci\u00f3n enfrentando a su Gobierno, a su partido  mayoritario y su consejero econ\u00f3mico, el Fondo). Claro, no fue ni es la  mejor v\u00eda, no fueron las mejores condiciones\u2026<\/p>\n<p>&#13;<\/p>\n<p align=\"justify\" class=\"text1noticias\">Presi\u00f3n<br \/>&#13;<br \/>\n  <br \/>&#13;<br \/>\n  Libre importaci\u00f3n<br \/>&#13;<br \/>\n  <br \/>&#13;<br \/>\n  Vigilancia tributaria<\/p>\n<p>&#13;<\/p>\n<p align=\"justify\" class=\"text1noticias\"><strong>Mecanismos desde el Poder Ejecutivo\u2026<\/strong><\/p>\n<p>&#13;<\/p>\n<p align=\"justify\" class=\"text1noticias\">Boicot a productos y comercios<br \/>&#13;<br \/>\n  <br \/>&#13;<br \/>\n  Paro c\u00edvico<br \/>&#13;<br \/>\n  <br \/>&#13;<br \/>\n  Desobediencia civil<br \/>&#13;<br \/>\n  <br \/>&#13;<br \/>\n  Constituyente<br \/>&#13;<br \/>\n  <br \/>&#13;<br \/>\n  Derechos del consumidor\u2026.<\/p>\n<p>&#13;<\/p>\n<p align=\"justify\" class=\"text1noticias\"><strong>Mecanismos desde la  conciencia ciudadana<\/strong>, pero que para nosotros, los dominicanos, son t\u00e9rminos que nos parecen s\u00f3lo aptos para otras latitudes,  otros pa\u00edses, otros pueblos\u2026 Mientras tanto, como dice el refr\u00e1n  popular, \u201cchivo que no grita, cuchillo con \u00e9l\u201d.<\/p>\n<p>&#13;<\/p>\n<p align=\"justify\" class=\"text1noticias\">\u00a0\u00a0\u00a0\u00a0\u00a0\u00a0\u00a0\u00a0\u00a0\u00a0\u00a0 <em>Se  requiere que haya conciencia ciudadana y ejercicio del poder\u2026<\/em><\/p>\n<p>&#13;<\/p>\n<p align=\"justify\">\u00a0<\/p>\n<p>&#13;<\/p>\n<p align=\"justify\" class=\"text1noticias\"><strong>DOS<\/strong><br \/>&#13;<br \/>\n  <br \/>&#13;<br \/>\n<strong>Entre la \u00e9tica y la obligaci\u00f3n  estatal<\/strong><\/p>\n<p>&#13;<\/p>\n<p align=\"justify\" class=\"text1noticias\">Hace unos  d\u00edas, el Secretario Administrativo de la Presidencia, Luis Manuel Bonetti, dijo  que aqu\u00ed hay empresas, empresarios y gente de dinero que no pagan sus  impuestos, ni tampoco \u201cla luz\u201d. \u00a0Se\u00f1al\u00f3: <em>\u201cYo llamo a los  empresarios a cumplir con su deber y que las organizaciones empresariales  formen un movimiento para cumplir con sus obligaciones y fomenten la \u00e9tica\u201d <\/em>(Diario Libre \u2013 16 de  noviembre, 2006).<\/p>\n<p>&#13;<\/p>\n<p align=\"justify\" class=\"text1noticias\">Estamos de  acuerdo con el Ministro Administrativo, hasta cierto punto. <\/p>\n<p>&#13;<\/p>\n<p align=\"justify\" class=\"text1noticias\">Si hay que no  pagan la energ\u00eda el\u00e9ctrica que consumen, deben ser sometidas de acuerdo a lo  que establezca la Ley, pero sucede que, a veces, las  instituciones encargadas de hacer cumplir la Ley no tienen tampoco la  suficiente fortaleza porque, a su vez, obvian \u201calgunos trocitos\u201d de la Ley que  \u201cvaloran\u201d inconvenientes aplicar en determinadas circunstancias. Un ejemplo: la  Superintendencia de Electricidad y los usuarios no regulados del sistema  energ\u00e9tico.<\/p>\n<p>&#13;<\/p>\n<p align=\"justify\" class=\"text1noticias\">Sin embargo,  los empresarios \u2013y hay muchos- que se empe\u00f1an en el cumplimiento de la Ley, los  que \u201creligiosamente\u201d buscan la transparencia, que saben que aunque un servicio  sea ineficiente y su cobro reste competitividad, es necesario pagarlo porque es  la ley, los que tienen una visi\u00f3n de largo plazo de su actividad empresarial\u2026  bien pueden hacer caso al llamado de Bonetti en el sentido de fomentar un movimiento para cumplir con las obligaciones y apegarse  a un quehacer productivo \u00e9ticamente correcto\u2026 qu\u00e9 tal si alguna  organizaci\u00f3n empresarial se anima a colocar entre sus estatutos restricciones  para que sean socios de las mismas los evasores, los que son condenados por  robarse la energ\u00eda el\u00e9ctrica, los que no cumplen adecuadamente los derechos  laborales\u2026. <\/p>\n<p>&#13;<\/p>\n<p align=\"justify\" class=\"text1noticias\">Algo as\u00ed como  \u201cPor una actividad empresarial \u00e9tica y justa\u201d\u2026 cu\u00e1nta calidad moral tendr\u00edan  para oponerse a las sinrazones de los gobiernos! <br \/>&#13;<br \/>\n  <br \/>&#13;<br \/>\nEn  estos asuntos, como en el anterior, para andar con certeza, deben darse la mano la \u00e9tica empresarial y la obligaci\u00f3n  estatal de hacer cumplir la ley.<\/p>\n<p>&#13;<\/p>\n<p align=\"justify\" class=\"text1noticias\">Milton Tejada C.<br \/>&#13;<br \/>\n  <br \/>&#13;<br \/>\n  <a href=\"mailto:tejadamilton@yahoo.com\">tejadamilton@yahoo.com<\/a><\/p>\n<p>&#13;<\/p>\n<h6> 2006-11-22 13:45:57 <\/h6>\n<p><!--\n<link rel=\"stylesheet\" href=\"css\/bootstrap.min.css\">\n\n\n<ul class=\"pagination\">\n\t    \n\t\n\n<li >\n\t<a href='?page_no=13413'>Previous<\/a>\n\t<\/li>\n\n\n       \n    \n\n<li><a href='?page_no=1'>1<\/a><\/li>\n\n\n\n<li><a href='?page_no=2'>2<\/a><\/li>\n\n\n\n<li><a>...<\/a><\/li>\n\n\n\n<li><a href='?page_no=13412'>13412<\/a><\/li>\n\n\n\n<li><a href='?page_no=13413'>13413<\/a><\/li>\n\n\n\n<li class='active'><a>13414<\/a><\/li>\n\n\n\n<li><a href='?page_no=13415'>13415<\/a><\/li>\n\n\n\n<li><a href='?page_no=13416'>13416<\/a><\/li>\n\n\n\n<li><a>...<\/a><\/li>\n\n\n\n<li><a href='?page_no=13611'>13611<\/a><\/li>\n\n\n\n<li><a href='?page_no=13612'>13612<\/a><\/li>\n\n    \n\t\n\n<li >\n\t<a href='?page_no=13415'>Next<\/a>\n\t<\/li>\n\n\n    \n\n<li><a href='?page_no=13612'>Last &rsaquo;&rsaquo;<\/a><\/li>\n\n<\/ul>\n\n\n--><br \/>\n<\/body><\/p>\n","protected":false},"excerpt":{"rendered":"<p>&#13; &#13; Comentarios de Medios&#13; 21 de Noviembre, 2006. &#13; Ning\u00fan hombre es lo bastante bueno &#13; para gobernar a otro sin su consentimiento&#13; (Abraham Lincoln) &#13; UNO&#13; &#13; Especulaci\u00f3n, poder y conciencia ciudadana &#13; El Ministro de Finanzas, Vicente Bengoa, afirm\u00f3 que el Gobierno no tiene los mecanismos legales para evitar y enfrentar la [&hellip;]<\/p>\n","protected":false},"author":3,"featured_media":0,"comment_status":"open","ping_status":"open","sticky":false,"template":"","format":"standard","meta":{"footnotes":""},"categories":[16],"tags":[],"class_list":["post-37675","post","type-post","status-publish","format-standard","hentry","category-opiniones"],"_links":{"self":[{"href":"https:\/\/diariodominicano.com\/index.php?rest_route=\/wp\/v2\/posts\/37675","targetHints":{"allow":["GET"]}}],"collection":[{"href":"https:\/\/diariodominicano.com\/index.php?rest_route=\/wp\/v2\/posts"}],"about":[{"href":"https:\/\/diariodominicano.com\/index.php?rest_route=\/wp\/v2\/types\/post"}],"author":[{"embeddable":true,"href":"https:\/\/diariodominicano.com\/index.php?rest_route=\/wp\/v2\/users\/3"}],"replies":[{"embeddable":true,"href":"https:\/\/diariodominicano.com\/index.php?rest_route=%2Fwp%2Fv2%2Fcomments&post=37675"}],"version-history":[{"count":0,"href":"https:\/\/diariodominicano.com\/index.php?rest_route=\/wp\/v2\/posts\/37675\/revisions"}],"wp:attachment":[{"href":"https:\/\/diariodominicano.com\/index.php?rest_route=%2Fwp%2Fv2%2Fmedia&parent=37675"}],"wp:term":[{"taxonomy":"category","embeddable":true,"href":"https:\/\/diariodominicano.com\/index.php?rest_route=%2Fwp%2Fv2%2Fcategories&post=37675"},{"taxonomy":"post_tag","embeddable":true,"href":"https:\/\/diariodominicano.com\/index.php?rest_route=%2Fwp%2Fv2%2Ftags&post=37675"}],"curies":[{"name":"wp","href":"https:\/\/api.w.org\/{rel}","templated":true}]}}