{"id":37673,"date":"2006-11-24T14:03:17","date_gmt":"2006-11-24T14:03:17","guid":{"rendered":"http:\/\/diariodominicano.ddns.net\/?p=37673"},"modified":"2006-11-24T14:03:17","modified_gmt":"2006-11-24T14:03:17","slug":"mirando-hacia-atras-y-hacia-el-futuro","status":"publish","type":"post","link":"https:\/\/diariodominicano.com\/?p=37673","title":{"rendered":"Mirando hacia atr\u00e1s y hacia el futuro*"},"content":{"rendered":"<p><body><\/p>\n<p class=\"titulogrande1\"><strong>Mirando  hacia atr\u00e1s y hacia el futuro*<\/strong><\/p>\n<p>&#13;<\/p>\n<p class=\"textogrande\"><strong>Hans H.  Hertell<\/strong><\/p>\n<p>&#13;<\/p>\n<p align=\"justify\" class=\"text1noticias\">Hace s\u00f3lo cinco  a\u00f1os, el 8 de noviembre de 2001, el entonces Secretario de Estado Colin Powell  me jurament\u00f3 como representante personal del Presidente de los Estados Unidos  ante el gobierno y el pueblo de la Rep\u00fablica Dominicana.<\/p>\n<p>&#13;<\/p>\n<p align=\"justify\" class=\"text1noticias\">Como ustedes  saben, es costumbre que el Embajador de los Estados Unidos desempe\u00f1e sus  funciones por un t\u00e9rmino de unos tres a\u00f1os, ya sea \u00e9ste diplom\u00e1tico de carrera  o un nombramiento pol\u00edtico. Le agradezco mucho al Presidente Bush que me haya  permitido representarle por un per\u00edodo de cinco a\u00f1os. Reconozco que han sido  cinco a\u00f1os muy intensos pero, al mismo tiempo, muy gratificantes.<\/p>\n<p>&#13;<\/p>\n<p align=\"justify\" class=\"text1noticias\">Al tratar mi  tema de hoy, \u201cMirando Hacia Atr\u00e1s y Hacia el Futuro\u201d, he hecho un esfuerzo por  analizar con m\u00e1s amplitud este tema. Cuando estaba organizando mis ideas para  este tradicional almuerzo del D\u00eda de Acci\u00f3n de Gracias, revisamos los art\u00edculos  que aparecieron en los peri\u00f3dicos de durante el mes de noviembre del a\u00f1o 2001.  Fue precisamente en ese mes, y ese a\u00f1o, cuando asum\u00ed mis funciones como  Embajador de los Estados Unidos en el pa\u00eds.<\/p>\n<p>&#13;<\/p>\n<p align=\"justify\" class=\"text1noticias\">\u00a1Grande fue mi  sorpresa cuando me di cuenta de que ninguno de los principales peri\u00f3dicos dominicanos  cubri\u00f3 mi designaci\u00f3n en el pa\u00eds! Sin embargo, encontr\u00e9 muchas otras cosas que  dominaban la prensa escrita dominicana en esos d\u00edas.<\/p>\n<p>&#13;<\/p>\n<p align=\"justify\" class=\"text1noticias\">Cuando asum\u00ed al  cargo, el Congreso de los Estados Unidos estaba considerando un proyecto de ley  bipartito que le daba autoridad al Presidente para promover tratados  comerciales. Al mismo tiempo le permit\u00eda, por primera vez desde 1994, negociar  acuerdos comerciales que ser\u00edan presentados ante el Congreso sin la posibilidad  de enmienda, o sea, lo que se conoce como \u201cFast Track Authority.\u201d Ese proyecto  de ley fue aprobado por la C\u00e1mara por un solo voto y luego con la aprobaci\u00f3n  del Senado en agosto de 2002, se convirti\u00f3 en ley. Esta ley b\u00e1sicamente le daba  la autoridad y la flexibilidad al Presidente de los Estados Unidos de negociar  acuerdos comerciales y enviarlos al Congreso para ser aprobados o desaprobados,  sin posibilidad de enmiendas del texto.<\/p>\n<p>&#13;<\/p>\n<p align=\"justify\" class=\"text1noticias\">He dedicado una  gran parte de mi tiempo y esfuerzos en el pa\u00eds poyando y promoviendo la  inclusi\u00f3n de la Rep\u00fablica Dominicana en el Acuerdo de Libre Comercio con  Centroam\u00e9rica \u2013 inicialmente conocido como \u201cCAFTA\u201d. Ahora, afortunadamente,  como todos sabemos, este acuerdo se conoce como el \u201cRD-CAFTA.\u201d Las autoridades  dominicanas le est\u00e1n dando los toques finales para su entrada en vigencia.<\/p>\n<p>&#13;<\/p>\n<p align=\"justify\" class=\"text1noticias\">Cuando en el  2005 se promulg\u00f3 en los Estados Unidos la legislaci\u00f3n para la entrada en vigencia  del RD-CAFTA, el Congreso de los Estados Unidos autoriz\u00f3 al Presidente Bush a \u00a0declarar  vigente el Acuerdo con los pa\u00edses participantes, incluyendo la Rep\u00fablica  Dominicana, una vez que el Presidente  determinara y as\u00ed lo certificara, que el pa\u00eds socio estaba listo para cumplir con los compromisos asumidos bajo el  Tratado de Libre Comercio.<\/p>\n<p>&#13;<\/p>\n<p align=\"justify\" class=\"text1noticias\">Contrario a algunas  versiones mal informadas o malintencionadas, esta autoridad del Presidente  continuar\u00e1 con el nuevo Congreso, sin necesidad de ninguna otra acci\u00f3n  adicional por parte del Congreso.<\/p>\n<p>&#13;<\/p>\n<p align=\"justify\" class=\"text1noticias\">Sin embargo, debo  confesarles que siento algo de frustraci\u00f3n, debido a que todav\u00eda en la Rep\u00fablica  Dominicana no ha entrado en vigencia el RD-CAFTA. El 25 de octubre el  Presidente Fern\u00e1ndez y su gabinete se reunieron en la Casa Blanca con el  Presidente Bush y con la Embajadora Susan Schwab, Representante Comercial de  los Estados Unidos. Discutieron temas espec\u00edficos que estaban pendientes y que  eran indispensables para la implementaci\u00f3n del Acuerdo.<\/p>\n<p>&#13;<\/p>\n<p align=\"justify\" class=\"text1noticias\">El Gobierno de los Estados  Unidos continuar\u00e1 trabajando con determinaci\u00f3n para alcanzar esta meta. Tal y  como he dicho en m\u00faltiples ocasiones, vuelvo y les repito mi mensaje:<\/p>\n<p>&#13;<\/p>\n<p align=\"justify\" class=\"text1noticias\">este Acuerdo beneficiar\u00e1  ampliamente a nuestros dos pa\u00edses.<br \/>&#13;<br \/>\n  * * *<br \/>&#13;<br \/>\n  Hace cinco a\u00f1os pudimos ver  c\u00f3mo la muerte puede sorprender a los inocentes. Hablo del vuelo 587 de  American Airlines, el cual se estrell\u00f3 en el condado de Queens, en la ciudad de  Nueva York, con 170 dominicanos entre las 260 personas que fallecieron en esa  cat\u00e1strofe. Hace diez d\u00edas que el alcalde de Nueva York, Michael Bloomberg,  dedic\u00f3 un monumento \u2013 donde aparecen los nombres de las  v\u00edctimas &#8211; en el lugar donde ocurri\u00f3 el accidente.<\/p>\n<p>&#13;<\/p>\n<p align=\"justify\" class=\"text1noticias\">Ese fue un per\u00edodo de gran  inseguridad, ya que el accidente ocurri\u00f3 apenas dos meses despu\u00e9s de los  ataques a las Torres Gemelas y al Pent\u00e1gono. El 12 de noviembre de 2001 el Consejo  de Seguridad de las Naciones Unidas declar\u00f3, <em>\u201cLos actos terroristas se  cuentan entre los<\/em> <em>peligros m\u00e1s graves para la paz internacional y la seguridad  en el Siglo XXI.\u201d <\/em>El Consejo expres\u00f3 la intenci\u00f3n de los pa\u00edses miembros <em>\u201cde  formar un frente com\u00fan contra el terrorismo y<\/em> <em>de profundizar la  comprensi\u00f3n de sus causas.\u201d<\/em><\/p>\n<p>&#13;<\/p>\n<p align=\"justify\" class=\"text1noticias\">El 13 de noviembre de ese  mismo mes, en Afganist\u00e1n, la Alianza del Norte, apoyada por los Estados Unidos  y la coalici\u00f3n internacional, ocup\u00f3 la ciudad de Kabul y le puso fin al r\u00e9gimen  Talib\u00e1n, el cual hab\u00eda promovido el terrorismo global desde su territorio.<\/p>\n<p>&#13;<\/p>\n<p align=\"justify\" class=\"text1noticias\">Hoy, cinco a\u00f1os despu\u00e9s, el  terrorismo sigue en pie. A pesar de nuestros logros, ning\u00fan pa\u00eds, ninguna  ciudad, est\u00e1 libre de peligro. A ustedes, mis amigos dominicanos, les recuerdo que  en ese entonces la isla de Bali &#8211; al igual que Rep\u00fablica Dominicana &#8211; era una  zona de creciente atractivo tur\u00edstico. El 12 de octubre de 2002, la detonaci\u00f3n  de bombas clandestinas colocadas en un centro tur\u00edstico mataron a 202 personas,  la mayor\u00eda j\u00f3venes turistas. M\u00e1s de 200 personas resultaron  heridas. De nuevo, en el 2005, los terroristas volvieron a detonar bombas en  Bali.<\/p>\n<p>&#13;<\/p>\n<p align=\"justify\" class=\"text1noticias\">Hoy d\u00eda no hay un solo pa\u00eds  en el mundo que est\u00e9 libre de un posible ataque terrorista. Ustedes y su pa\u00eds  est\u00e1n cerca de los Estados Unidos y otros pa\u00edses occidentales, tanto\u00a0 geogr\u00e1ficamente como en su orientaci\u00f3n  democr\u00e1tica y econ\u00f3mica. <br \/>&#13;<br \/>\n  <br \/>&#13;<br \/>\nLos terroristas no respetan la soberan\u00eda nacional.  Todos debemos unirnos para derrotar la plaga del terrorismo y de otros cr\u00edmenes  transnacionales.<\/p>\n<p>&#13;<\/p>\n<p align=\"justify\" class=\"text1noticias\">Todos hemos aprendido que  es de vital importancia controlar y asegurar las fronteras, los puertos y los  aeropuertos. Los contrabandistas de bienes y narc\u00f3ticos tambi\u00e9n pueden  contrabandear con armas o armamentos de destrucci\u00f3n masiva. <br \/>&#13;<br \/>\n  <br \/>&#13;<br \/>\nLos que viven del  contrabando de personas pueden movilizar a criminales y  terroristas.<\/p>\n<p>&#13;<\/p>\n<p align=\"justify\" class=\"text1noticias\">Hace cinco a\u00f1os, una semana  antes de que fuera designado Embajador, falleci\u00f3 el Profesor Juan Bosch, un  hombre cuya vida y esfuerzo simbolizaron la lucha por la democracia en la  Rep\u00fablica Dominicana. En su pueblo natal, La Vega, el Juez de la Suprema Corte  Hugo \u00c1lvarez Valencia coment\u00f3, <em>\u201cEl pa\u00eds perdi\u00f3 al m\u00e1s honesto y bien intencionado  de sus pol\u00edticos.\u201d<\/em><br \/>&#13;<br \/>\n  <br \/>&#13;<br \/>\n  Esa misma semana, el  Presidente Hip\u00f3lito Mej\u00eda visit\u00f3 al Dr. Joaqu\u00edn Balaguer. Sin embargo, el  \u201cDoctor\u201d falleci\u00f3 el 14 de julio de 2002, y la vida pol\u00edtica dominicana qued\u00f3  en manos de una nueva generaci\u00f3n.<\/p>\n<p>&#13;<\/p>\n<p align=\"justify\" class=\"text1noticias\">He tenido el privilegio de  trabajar estrechamente con esa generaci\u00f3n, no s\u00f3lo con los presidentes Hip\u00f3lito  Mej\u00eda y Leonel Fern\u00e1ndez, sino con muchas otras personas que han formado parte  de sus respectivos gobiernos. Tambi\u00e9n he trabajado con el Congreso Nacional.  Los Estados Unidos le ha prestado apoyo a la Organizaci\u00f3n de Estados Americanos  y ha apoyado a los observadores internacionales que han monitoreado las  elecciones nacionales. Asimismo, siempre he mantenido un contacto directo con  los candidatos m\u00e1s destacados. Admiro al ex presidente Hip\u00f3lito Mej\u00eda por haber  demostrado su respeto hacia el pueblo dominicano, al aceptar p\u00fablicamente la  derrota la misma noche misma de las elecciones. En el proceso la democracia dominicana  sali\u00f3 fortalecida.<\/p>\n<p>&#13;<\/p>\n<p align=\"justify\" class=\"text1noticias\">Hoy d\u00eda, los partidos  pol\u00edticos siguen tan din\u00e1micos como siempre. El ex Senador Jos\u00e9 Tom\u00e1s P\u00e9rez,  del Partido de la Liberaci\u00f3n Dominicana, ya ha declarado que aspira a la candidatura  presidencial. Y hay en su partido por lo menos dos posibles candidatos m\u00e1s. El PRD  y el PRSC est\u00e1n evaluando posibles precandidatos y analizando las propuestas de  los dem\u00e1s partidos.<\/p>\n<p>&#13;<\/p>\n<p align=\"justify\" class=\"text1noticias\">Y hoy yo les digo a  ustedes: bienvenidos a esta realidad pol\u00edtica. Sinceramente deseamos que todos  participen en un debate animado, tanto dentro de los partidos como durante el  proceso electoral. . Humildemente le sugiero de nuevo a los candidatos a emular  lo que en los Estados Unidos ha sido una tradici\u00f3n desde 1960 \u2013 realizar  debates televisados entre los candidatos. Ojal\u00e1 que los partidos puedan  definir y publicar las \u201cplataformas partidistas\u201d para destacar las diferencias  entre ellos. El pueblo podr\u00e1 elegir correctamente a sus l\u00edderes, y as\u00ed  fortalecer la democracia, s\u00f3lo si se le ofrece la informaci\u00f3n adecuada y  precisa.<\/p>\n<p>&#13;<\/p>\n<p align=\"justify\" class=\"text1noticias\">En realidad, bien parece  que algunos temas nunca desaparecen. En los peri\u00f3dicos de noviembre de 2001,  encontramos art\u00edculos que reflejaban las preocupaciones que hoy todav\u00eda est\u00e1n  con nosotros: <\/p>\n<p>&#13;<\/p>\n<p align=\"justify\" class=\"text1noticias\">\u2022 Un peri\u00f3dico relata que  el Presidente del Senado, Andr\u00e9s Bautista, \u201c<em>asegura que la reforma  constitucional va este a\u00f1o. . . El pa\u00eds tendr\u00e1 muy pronto una nueva carta sustantiva  porque el Congreso la aprobar\u00e1 antes de finalizar este a\u00f1o.\u201d<\/em><br \/>&#13;<br \/>\n  <br \/>&#13;<br \/>\n\u2022 Monse\u00f1or Agripino N\u00fa\u00f1ez  Collado era presidente de la comisi\u00f3n que hab\u00eda negociado un pacto entre los  tres principales partidos.<br \/>&#13;<br \/>\n<br \/>&#13;<br \/>\n\u2022 Los empresarios exig\u00edan  la rebaja en las tarifas el\u00e9ctricas.<br \/>&#13;<br \/>\n<br \/>&#13;<br \/>\n\u2022 Un mes antes, en octubre,  los representantes del sector hab\u00edan firmado el \u201cAcuerdo de Washington-Madrid-Santo  Domingo\u201d, a trav\u00e9s del cual se eliminaba el subsidio gubernamental al sector  el\u00e9ctrico, valorado en 200 millones de pesos al mes. Hoy, el subsidio mensual  se ha disparado por 8 veces m\u00e1s, o sea a 1.7 mil millones de pesos.<\/p>\n<p>&#13;<\/p>\n<p align=\"justify\" class=\"text1noticias\">\u2022 Una comisi\u00f3n especial  present\u00f3 al Senado una lista de 150 aspirantes para el puesto de Defensor del  Pueblo, creado mediante la Ley 19-01 de febrero de 2001.<\/p>\n<p>&#13;<\/p>\n<p align=\"justify\" class=\"text1noticias\">\u2022 Hubo cancelaciones  masivas de empleados de Aduanas en el Aeropuerto Internacional de Las Am\u00e9ricas,  debido a posibles pr\u00e1cticas corruptas.<br \/>&#13;<br \/>\n  <br \/>&#13;<br \/>\n\u2022 El Congreso estudiaba un  borrador de decreto de ley para crear la \u201cAutoridad Nacional de Transporte  Terrestre\u201d la cual, seg\u00fan dec\u00eda, <em>\u201celiminar\u00eda el caos del tr\u00e1nsito en el<\/em> <em>pa\u00eds.\u201d<\/em><\/p>\n<p>&#13;<\/p>\n<p align=\"justify\" class=\"text1noticias\">Cinco a\u00f1os despu\u00e9s, tal vez  deber\u00edamos concluir que se necesita algo m\u00e1s que simplemente hablar de los  problemas. Si para lograr resultados debemos obtener un consenso total, el pa\u00eds  y el sistema pol\u00edtico corren el peligro de nunca hacer absolutamente nada.<\/p>\n<p>&#13;<\/p>\n<p align=\"justify\" class=\"text1noticias\">Sin embargo, podemos  contrastar con esos temas permanentes algunas soluciones muy alentadoras. Entre  ellas, podemos destacar:<br \/>&#13;<br \/>\n  <br \/>&#13;<br \/>\n\u2022 La exitosa colaboraci\u00f3n  con el Fondo Monetario Internacional en relaci\u00f3n a la estabilizaci\u00f3n monetaria  y la reforma, elementos indispensables para reestablecer la confianza.<br \/>&#13;<br \/>\n<br \/>&#13;<br \/>\n\u2022 La aprobaci\u00f3n y puesta en  pr\u00e1ctica del C\u00f3digo de Procesal Penal, y la aprobaci\u00f3n de las leyes que  criminalizan la trata de personas y la migraci\u00f3n ilegal.<br \/>&#13;<br \/>\n<br \/>&#13;<br \/>\n\u2022 Nuevos cursos y  preparaci\u00f3n para los jueces y los procuradores, y la introducci\u00f3n de un nuevo  sistema de selecci\u00f3n de procuradores de carrera, basado en los m\u00e9ritos de los candidatos.<br \/>&#13;<br \/>\n<br \/>&#13;<br \/>\n\u2022 La investigaci\u00f3n de  quiebras bancarias y fraude y el hecho de que la mayor\u00eda de estos casos siguen  hoy en los tribunales.<br \/>&#13;<br \/>\n<br \/>&#13;<br \/>\n  &#8211; &#8211; y &#8211; &#8211;<br \/>&#13;<br \/>\n  <br \/>&#13;<br \/>\n\u2022 El debate y eventual  consenso en cuanto la inevitable y necesaria adaptaci\u00f3n del Tratado de Libre Comercio para  afrontar los retos de la globalizaci\u00f3n.<\/p>\n<p>&#13;<\/p>\n<p align=\"justify\" class=\"text1noticias\">En relaci\u00f3n al tema del  comercio y la exportaci\u00f3n, es importante destacar que en el 2001 las zonas  francas empleaban directamente a m\u00e1s de 175,000 personas, principalmente en la confecci\u00f3n  de art\u00edculos de vestir para la exportaci\u00f3n a los Estados Unidos. En el 2004, el  n\u00famero de empleos en las zonas francas ascendi\u00f3 a 190,000. Luego, debido al  vencimiento de las cuotas de importaci\u00f3n textil,  China y otros pa\u00edses asi\u00e1ticos con salarios bajos entraron directamente en competencia  con la Rep\u00fablica Dominicana. En un solo a\u00f1o, el 2005, desaparecieron 35,000 puestos  de trabajo y, en abril de 2006, el n\u00famero de empleos continu\u00f3 bajando, hasta  alcanzar la cifra de 147,000.<\/p>\n<p>&#13;<\/p>\n<p align=\"justify\" class=\"text1noticias\">Este es el impacto que  provoca la globalizaci\u00f3n: la necesidad que tiene cada pa\u00eds de establecer su  propia ventaja comparativa en el intercambio comercial, o tener que confrontar  la p\u00e9rdida de sus industrias. Se necesita de la inversi\u00f3n, especialmente de la  inversi\u00f3n extranjera.<\/p>\n<p>&#13;<\/p>\n<p align=\"justify\" class=\"text1noticias\">En el comercio  internacional los beneficios lo reciben aquellos que descubren nuevos mercados  y introducen con m\u00e1s rapidez sistemas innovadores. Los prolongados atrasos en  la preparaci\u00f3n para la entrada en vigor del RD-CAFTA les han ofrecido a los  pa\u00edses centroamericanos la posibilidad de atraer con m\u00e1s facilidad a  inversionistas extranjeros que buscan oportunidades dentro del RD-CAFTA. Por  ahora, y hasta que el Acuerdo entre en vigencia, la Rep\u00fablica Dominicana queda  fuera de la competencia para oportunidades y recursos extranjeros.<\/p>\n<p>&#13;<\/p>\n<p align=\"justify\" class=\"text1noticias\">Durante los \u00faltimos cinco  a\u00f1os la comunidad internacional ha sentido gran preocupaci\u00f3n por el  fortalecimiento de las instituciones, dentro del marco de \u201cun Estado de Derecho\u201d.  Un ejemplo: el mismo d\u00eda en que me jurament\u00e9, el Procurador General envi\u00f3 a la prisi\u00f3n  de Najayo a tres ex funcionarios del primer gobierno del Presidente Fern\u00e1ndez,  acusados de malversaci\u00f3n de fondos a trav\u00e9s del programa PEME.<\/p>\n<p>&#13;<\/p>\n<p align=\"justify\" class=\"text1noticias\">Las autoridades judiciales  nunca han fallado en torno a este caso. La gente se pregunta: o no hab\u00eda ning\u00fan  fundamento para presentar las acusaciones o, por el contrario, esos individuos  se beneficiaron de la tradicional impunidad dominicana. <br \/>&#13;<br \/>\n  <br \/>&#13;<br \/>\nEl pueblo no sabe. Y  posiblemente nunca lo sepa.<\/p>\n<p>&#13;<\/p>\n<p align=\"justify\" class=\"text1noticias\">En el mismo a\u00f1o 2001, la  organizaci\u00f3n Transparencia Internacional estableci\u00f3 su \u201c\u00cdndice de Percepci\u00f3n de  la Corrupci\u00f3n\u201d. <br \/>&#13;<br \/>\n  <br \/>&#13;<br \/>\nEste \u00edndice es un poderoso instrumento de evaluaci\u00f3n y es utilizado  por el gobierno de los Estados Unidos en las decisiones que se toman alrededor  de la iniciativa del Presidente Bush, conocida como la Cuenta de Desaf\u00edo del  Milenio.<\/p>\n<p>&#13;<\/p>\n<p align=\"justify\" class=\"text1noticias\">F\u00edjense bien en la palabra  \u201cpercepci\u00f3n\u201d. El \u00cdndice mide la reputaci\u00f3n de un pa\u00eds, especialmente entre las  empresas internacionales m\u00e1s s\u00f3lidas. Su clasificaci\u00f3n num\u00e9rica sugiere la  evaluaci\u00f3n subjetiva del estado de derecho de un pa\u00eds en particular.<\/p>\n<p>&#13;<\/p>\n<p align=\"justify\" class=\"text1noticias\">Los pa\u00edses son clasificados  en una escala de cero (absolutamente corrupto) a diez (absolutamente honesto).  A la fecha, ning\u00fan pa\u00eds ha recibido esta \u00faltima puntuaci\u00f3n.<\/p>\n<p>&#13;<\/p>\n<p align=\"justify\" class=\"text1noticias\">Seg\u00fan los \u00faltimos \u00edndices  publicados por Transparencia Internacional, la Rep\u00fablica Dominicana tiene  grandes retos por delante en varios renglones.<\/p>\n<p>&#13;<\/p>\n<p align=\"justify\" class=\"text1noticias\">En realidad, este es un  problema para ustedes, especialmente en el \u00e1rea de inversi\u00f3n. La clasificaci\u00f3n  recibida por la Rep\u00fablica Dominicana es, entre otras cosas, una expresi\u00f3n de la  falta de confianza en los niveles de transparencia y eficiencia del gobierno,  en el sistema judicial y en el Estado de Derecho.<\/p>\n<p>&#13;<\/p>\n<p align=\"justify\" class=\"text1noticias\">En la actualidad, Estados  Unidos no aparece tan bien parado en el Indice como me hubiera gustado. Para el  per\u00edodo entre el 2001 y el 2005, nuestra clasificaci\u00f3n oscil\u00f3 entre 7.5 y 7.7.  Aunque seguimos entre los primeros 20 pa\u00edses evaluados, en el a\u00f1o 2006 la  clasificaci\u00f3n de los Estados Unidos de Am\u00e9rica cay\u00f3 en picada de 7.6 a 7.3.<\/p>\n<p>&#13;<\/p>\n<p align=\"justify\" class=\"text1noticias\">\u00bfA qu\u00e9 se debi\u00f3 esto? Aqu\u00ed  hay una lecci\u00f3n, una que puede alentarnos a todos. Los Estados Unidos, de  hecho, puede felicitarse por esta ca\u00edda. . Se debi\u00f3, en gran parte, al exitoso sometimiento  a la justicia de ricos y poderosos estadounidenses. Entre los casos sometidos  son:<br \/>&#13;<br \/>\n  <br \/>&#13;<br \/>\n\u2022 El Caso Enron: En el  2001, la ENRON era la s\u00e9ptima compa\u00f1\u00eda m\u00e1s grande de los Estados Unidos,  valorada en de 68 mil millones de d\u00f3lares. Las investigaciones iniciadas en  octubre de 2001 revelaron que su sistema de contabilidad era fraudulento. Su Presidente,  Ken Lay, fue sometido a la justicia y declarado culpable. Pendiente de una sentencia  de hasta 45 a\u00f1os en prisi\u00f3n, Ken Lay falleci\u00f3 este a\u00f1o de un ataque al coraz\u00f3n justo  antes de ser sentenciado. El ejecutivo Jeff Skilling fue sentenciado a 24 a\u00f1os  y 4 meses de prisi\u00f3n, y a una  multa de 45 millones de d\u00f3lares.<br \/>&#13;<br \/>\n<br \/>&#13;<br \/>\n\u2022 El Caso Worldcom: Durante  la d\u00e9cada de los noventa, la empresa WORLDCOM lleg\u00f3 a ser la segunda compa\u00f1\u00eda  de telecomunicaciones de los Estados Unidos. Cuando las condiciones del mercado  se tornaron dif\u00edciles, su presidente, Bernie Ebbers, falsific\u00f3 las cuentas para  presentar informes alentadores. El 15 de marzo de 2005 Ebbers, de 63 a\u00f1os de  edad, fue sentenciado a 25 a\u00f1os de prisi\u00f3n. En septiembre de 2006 un tribunal  federal de apelaci\u00f3n confirm\u00f3 la  sentencia. El tribunal determin\u00f3 que debido al abuso de confianza, Ebbers  probablemente pasar\u00eda el resto de su vida \u00fatil en prisi\u00f3n.<\/p>\n<p>&#13;<\/p>\n<p align=\"justify\" class=\"text1noticias\">\u2022 El caso de COMPUTER  ASSOCIATES: Se trata de una de las m\u00e1s exitosas empresas de tecnolog\u00eda de la  informaci\u00f3n. Una investigaci\u00f3n realizada en el 2002 concluy\u00f3 que hubo un fraude  por un monto de 2.2 mil millones de d\u00f3lares. El ejecutivo Sanjay Kumar admiti\u00f3  su culpabilidad en abril de 2006. A principios de este mes fue enviado a  prisi\u00f3n a cumplir una sentencia de 12 a\u00f1os y al pago de una multa de 8 millones  de d\u00f3lares.<\/p>\n<p>&#13;<\/p>\n<p align=\"justify\" class=\"text1noticias\">Para luchar contra la  corrupci\u00f3n, las autoridades deben reconocer que la corrupci\u00f3n existe y que se  debe atacar y desenmascarar. Las autoridades deben procesar y castigar,  especialmente a aquellos funcionarios y ejecutivos que se enriquecen mediante  la corrupci\u00f3n, el soborno o el fraude, sin importar afiliaciones pol\u00edticas. Al  fin y al cabo, el resultado es que hay un costo al pueblo. Pi\u00e9nsenlo cuando  paguen sus contribuciones.<\/p>\n<p>&#13;<\/p>\n<p align=\"justify\" class=\"text1noticias\">Los recientes casos de  corrupci\u00f3n que han salido a la luz p\u00fablica en el pa\u00eds podr\u00edan ser \u2013 en parte -,  una de las razones por la ca\u00edda en la clasificaci\u00f3n de Rep\u00fablica Dominicana.  Tanto los dominicanos como la comunidad internacional albergan la esperanza de  que el sistema judicial se fortalezca, demostrando que es el custodio de la  integridad del Estado de Derecho.<\/p>\n<p>&#13;<\/p>\n<p align=\"justify\" class=\"text1noticias\">A mediano plazo, la  clasificaci\u00f3n del pa\u00eds en el \u00edndice de Transparencia Internacional mejorar\u00e1 si  las autoridades tienen \u00e9xito en su lucha contra la corrupci\u00f3n. Lo que es a\u00fan  m\u00e1s importante es que les enviar\u00e1 un claro mensaje a los posibles  inversionistas de que en el pa\u00eds el trato es justo, que existe la igualdad en  los tribunales, y hay respeto a los contratos. Les aseguro que a mediano y  largo plazo, el pa\u00eds crecer\u00e1 con m\u00e1s dinamismo como resultado de ello.<\/p>\n<p>&#13;<\/p>\n<p align=\"justify\" class=\"text1noticias\">Ahora, quisiera mirar hacia  el futuro, tal y como promet\u00ed en el t\u00edtulo de esta conversaci\u00f3n. Me siento  optimista en cuanto a las perspectivas de la Rep\u00fablica Dominicana. Ustedes los dominicanos son tenaces. El  pueblo dominicano ha soportado la pobreza y superado circunstancias muy  dif\u00edciles, aplicando su ingenio cuando estaban en franca desventaja. En determinados  momentos la evoluci\u00f3n del pa\u00eds no ha sido f\u00e1cil, pero se ha producido un  progreso dram\u00e1tico en las \u00faltimas d\u00e9cadas, espec\u00edficamente despu\u00e9s del  ajusticiamiento del dictador.<\/p>\n<p>&#13;<\/p>\n<p align=\"justify\" class=\"text1noticias\">Si lo dudan, recuerden que  a mediados del siglo XX, este pa\u00eds y Cuba se parec\u00edan mucho. Ahora, despu\u00e9s de  cincuenta a\u00f1os de Fidel, el pueblo cubano subsiste en su pobreza y control estatal,  mientras que el pueblo dominicano se regocija por la diversidad de su  democracia y trabaja para hacer realidad las nuevas oportunidades de desarrollo  que le brindar\u00e1 el futuro.<\/p>\n<p>&#13;<\/p>\n<p align=\"justify\" class=\"text1noticias\">Su pa\u00eds y el m\u00edo comparten  el concepto expresado en nuestra Declaraci\u00f3n de Independencia de 1776: el  derecho del individuo a la \u201cb\u00fasqueda de la felicidad\u201d, dentro de un estado de  derecho, beneficia a la sociedad en su conjunto. Tambi\u00e9n creemos en el  desarrollo \u2013 en la idea del progreso, una de las \u201cideas maestras del  Occidente.\u201d1 Tal y como ha escrito Dinesh D\u2019Souza, y cito:<br \/>&#13;<br \/>\n  <br \/>&#13;<br \/>\n  <em>La idea del progreso,  como la idea de la raz\u00f3n, es una doctrina que no se puede probar pero que debe  ser aceptada en la fe\u2026 el Occidente moderno es la \u00fanica civilizaci\u00f3n que acepta  que haya un patr\u00f3n significativo en la historia, que este patr\u00f3n va hac\u00eda  delante y hacia arriba, que el conocimiento es acumulado y que su aplicaci\u00f3n a  la mejora humana es continuo e interminable, que es inevitable que el futuro  ser\u00e1 mejor que el pasado\u2026 la<\/em> <em>creencia en el progreso  se mantiene, porque se apoya en la experiencia contempor\u00e1nea de los pueblos del  Occidente. 2 (<\/em>1 Robert Nisbet, soci\u00f3logo, citado por Dinesh D\u2019Souza en What\u2019s Great  About America? (Washington DC: Regnery, Publishing,  2002, p. 62.<br \/>&#13;<br \/>\n  <br \/>&#13;<br \/>\n  2 D\u2019Souza, <em>op.cit.)<\/em><\/p>\n<p>&#13;<\/p>\n<p align=\"justify\" class=\"text1noticias\">Con este mensaje presente,  echemos una mirada al futuro. Aunque no tengo habilidades especiales para  predecir el futuro y tampoco puedo viajar a trav\u00e9s del tiempo, s\u00ed tengo algunas  expectativas y puedo hacer proyecciones educadas.<\/p>\n<p>&#13;<\/p>\n<p align=\"justify\" class=\"text1noticias\">\u2022 En primer lugar, los  \u00faltimos cinco a\u00f1os me han ofrecido la oportunidad de descubrir la realidad del  pueblo dominicano, reforzando lazos de amistad y creando otros nuevos. Si Dios  quiere, seguir\u00e9 estando muy cerca de la Rep\u00fablica Dominicana y de su pueblo, el cual admiro mucho. Hago esa  promesa sobre la base de mi confianza en la amistad, mi confianza en la libre  empresa, y mi confianza en la econom\u00eda de este pa\u00eds.<br \/>&#13;<br \/>\n  <br \/>&#13;<br \/>\n\u2022 En esta \u00e9poca del a\u00f1o,  pero en el a\u00f1o 2011, ustedes ver\u00e1n c\u00f3mo los principales partidos pol\u00edticos se  preparan para las elecciones presidenciales del 2012. El posible que el presidente  de la Rep\u00fablica se haya enfrentado a sus rivales dentro de su propio partido;  la oposici\u00f3n ya estar\u00e1 haciendo campa\u00f1a. La democracia seguir\u00e1 viva y ser\u00e1  real. Y cada candidato va a tratar de ganarse su voto convenci\u00e9ndole de que  tiene una mejor soluci\u00f3n para los problemas que afectan al pa\u00eds.<br \/>&#13;<br \/>\n<br \/>&#13;<br \/>\n\u2022 En el a\u00f1o 2011, la prensa  continuar\u00e1 siendo en\u00e9rgica y sus p\u00e1ginas estar\u00e1n llenas de los debates de la  \u00e9poca, a\u00fan si cuando a veces algunas de sus interpretaciones resulten erradas.  El Embajador o Embajadora de los Estados Unidos, quienquiera que sea, siempre le  ofrecer\u00e1 declaraciones a los periodistas. En Estados Unidos se sabe que la  prensa libre es un canal de comunicaci\u00f3n importante y un pilar fundamental de  una democracia.<br \/>&#13;<br \/>\n<br \/>&#13;<br \/>\n\u2022 Conf\u00edo que la econom\u00eda  dominicana seguir\u00e1 creciendo y creando puestos de trabajo. El gobierno tendr\u00e1  un sistema estable, justo y transparente en el cobro de impuestos, as\u00ed como un  sistema m\u00e1s eficaz para sancionar la evasi\u00f3n fiscal. <br \/>&#13;<br \/>\n<br \/>&#13;<br \/>\nLos resultados  provenientes del crecimiento y de una correcta administraci\u00f3n tributaria  aumentar\u00e1n la inversi\u00f3n en servicios sociales, particularmente en la educaci\u00f3n  primaria y la salud p\u00fablica.<br \/>&#13;<br \/>\n<br \/>&#13;<br \/>\n\u2022 En el 2011 la exportaci\u00f3n  dominicana ya no depender\u00e1 de un sistema de zonas francas.<br \/>&#13;<br \/>\n<br \/>&#13;<br \/>\nLas industrias dirigidas a  la exportaci\u00f3n habr\u00e1n crecido considerablemente, benefici\u00e1ndose de insumos  libres de impuestos provenientes de los Estados Unidos y Centroam\u00e9rica. Gracias  al RD-CAFTA, las exportaciones industriales se habr\u00e1n transformado. Se habr\u00e1n  reducido las tareas simples como el ensamblaje de art\u00edculos de vestir, y la  orientaci\u00f3n ser\u00e1 hacia la manufactura de productos especializados que usan tecnolog\u00eda  de punta.<br \/>&#13;<br \/>\n<br \/>&#13;<br \/>\n\u2022 Tambi\u00e9n, gracias al  RD-CAFTA, los dominicanos tendr\u00e1n acceso a los productos fabricados en los  Estados Unidos, con precios aproximadamente un 20 por ciento inferior a los que  pagan hoy. Esto significa rebajas no s\u00f3lo en equipos industriales, sino tambi\u00e9n  en autom\u00f3viles, y productos sencillos de uso diario, tales como computadoras,  productos ferreteros, y repuestos para autom\u00f3viles. Los Estados Unidos habr\u00e1n  empezado a exportar productos agr\u00edcolas sensibles, como son los cuartos de  pollo, el cerdo y el arroz. Sin embargo, debido al plazo de  15 a 20 a\u00f1os de ajuste, dichas industrias agropecuarias seguir\u00e1n supliendo la  mayor parte del mercado nacional. Al mismo tiempo, los empresarios  agropecuarios estar\u00e1n trabajando para canalizar sus recursos y mano de obra hacia  sectores m\u00e1s eficientes y productivos. .<br \/>&#13;<br \/>\n<br \/>&#13;<br \/>\n\u2022 La industria tur\u00edstica de  la Rep\u00fablica Dominicana seguir\u00e1 creciendo. De 3.7 millones de visitantes en el  a\u00f1o 2005 y con un ingreso de aproximadamente 3,000 millones de d\u00f3lares, es  posible que para esa fecha el turismo haya duplicado sus ingresos y beneficios.  Pero\u00a0 \u00a0eso depender\u00e1 de la seguridad que proviene de  una eficaz protecci\u00f3n del territorio nacional y del medio ambiente y del  control de sus puertos, aeropuertos y fronteras.<br \/>&#13;<br \/>\n<br \/>&#13;<br \/>\n\u2022 Es posible que los  Gobiernos dominicanos, con los esfuerzos realizados en la aplicaci\u00f3n de las  leyes, habr\u00e1n mejorado considerablemente su puntuaci\u00f3n en el \u201c<em>Indice de<\/em> <em>Percepciones  de Corrupci\u00f3n\u201d, <\/em>as\u00ed como en otros instrumentos de evaluaci\u00f3n internacional.  Es posible que en los pr\u00f3ximos cinco a\u00f1os el pa\u00eds pueda recibir decenas de millones  de d\u00f3lares en ayuda estadounidense a trav\u00e9s de la Cuenta de Desaf\u00edo del  Milenio.<br \/>&#13;<br \/>\n<br \/>&#13;<br \/>\n\u2022 Tengo la esperanza de que  las relaciones con el Gobierno de Hait\u00ed continuar\u00e1n fortaleci\u00e9ndose, y que  siempre estar\u00e1n basadas en el respeto mutuo de la soberan\u00eda.<br \/>&#13;<br \/>\n<br \/>&#13;<br \/>\nEspero que las autoridades  y el pueblo dominicano se vuelvan m\u00e1s conscientes de la contribuci\u00f3n que aporta  a este pa\u00eds la mano de obra haitiana.<br \/>&#13;<br \/>\n<br \/>&#13;<br \/>\n\u2022 Espero que el pa\u00eds ya  cuente con un cuerpo especializado para monitorear la regi\u00f3n fronteriza, y que  las fuerzas de seguridad sean entrenadas para asegurar que los extranjeros que  residen en este pa\u00eds disfruten de las garant\u00edas definidas en la Declaraci\u00f3n Universal  de los Derechos Humanos, endosada por la Organizaci\u00f3n de las Naciones Unidas en  1948.<br \/>&#13;<br \/>\n<br \/>&#13;<br \/>\nEspec\u00edficamente, pienso en:<br \/>&#13;<br \/>\n<br \/>&#13;<br \/>\n  o <em>el derecho, en todas  partes, al reconocimiento de su personalidad jur\u00eddica (del Art\u00edculo 6), y <\/em>o <em>el derecho del individuo, en condiciones de plena igualdad, a ser o\u00eddo p\u00fablicamente  y con justicia por un tribunal independiente e imparcial, para la determinaci\u00f3n  de sus derechos y obligaciones (del Art\u00edculo 10).<\/em><br \/>&#13;<br \/>\n  <br \/>&#13;<br \/>\n\u2022 Dado el hecho de que en  la actualidad casi el 20 por ciento de los dominicanos no tienen documentos de  ciudadan\u00eda, espero y conf\u00edo que en el 2011 las autoridades hayan mejorado el  servicio del registro civil, suministrando los recursos apropiados y  asegur\u00e1ndose que los empleados del registro act\u00faen como servidores p\u00fablicos.<br \/>&#13;<br \/>\n<br \/>&#13;<br \/>\n\u2022 Adem\u00e1s, ser\u00eda muy  deseable que para el 2011 las autoridades dominicanas hayan establecido una  soluci\u00f3n a los problemas administrativos de emisi\u00f3n de los certificados de nacimiento  de hijos de extranjeros nacidos en territorio dominicano.<br \/>&#13;<br \/>\n<br \/>&#13;<br \/>\nPara concluir, quisiera  expresar mi m\u00e1s sincero agradecimiento a los oficiales, funcionarios y miembros  de la C\u00e1mara Americana de Comercio Americana. Ustedes se ofrecen como puente  entre nuestros dos pa\u00edses, y han desempe\u00f1ado un papel din\u00e1mico en la apertura  de un camino hacia el futuro de este pa\u00eds. Han sido generosos conmigo,  ofreci\u00e9ndome a una vez al a\u00f1o su tiempo y atenci\u00f3n, permiti\u00e9ndome compartir con  ustedes mis pensamientos sobre las relaciones bilaterales y  las realidades contempor\u00e1neas. Agradezco muy especialmente el apoyo de\u00a0 eso depender\u00e1 de la seguridad que proviene de  una eficaz protecci\u00f3n del territorio nacional y del medio ambiente y del  control de sus puertos, aeropuertos y fronteras.<br \/>&#13;<br \/>\n<br \/>&#13;<br \/>\n\u2022 Es posible que los  Gobiernos dominicanos, con los esfuerzos realizados en la aplicaci\u00f3n de las  leyes, habr\u00e1n mejorado considerablemente su puntuaci\u00f3n en el \u201c<em>Indice de<\/em> <em>Percepciones  de Corrupci\u00f3n\u201d, <\/em>as\u00ed como en otros instrumentos de evaluaci\u00f3n internacional.  Es posible que en los pr\u00f3ximos cinco a\u00f1os el pa\u00eds pueda recibir decenas de millones  de d\u00f3lares en ayuda estadounidense a trav\u00e9s de la Cuenta de Desaf\u00edo del  Milenio.<br \/>&#13;<br \/>\n<br \/>&#13;<br \/>\n\u2022 Tengo la esperanza de que  las relaciones con el Gobierno de Hait\u00ed continuar\u00e1n fortaleci\u00e9ndose, y que  siempre estar\u00e1n basadas en el respeto mutuo de la soberan\u00eda.<br \/>&#13;<br \/>\n<br \/>&#13;<br \/>\nEspero que las autoridades  y el pueblo dominicano se vuelvan m\u00e1s conscientes de la contribuci\u00f3n que aporta  a este pa\u00eds la mano de obra haitiana.<br \/>&#13;<br \/>\n<br \/>&#13;<br \/>\n\u2022 Espero que el pa\u00eds ya  cuente con un cuerpo especializado para monitorear la regi\u00f3n fronteriza, y que  las fuerzas de seguridad sean entrenadas para asegurar que los extranjeros que  residen en este pa\u00eds disfruten de las garant\u00edas definidas en la Declaraci\u00f3n Universal  de los Derechos Humanos, endosada por la Organizaci\u00f3n de las Naciones Unidas en  1948.<br \/>&#13;<br \/>\n<br \/>&#13;<br \/>\nEspec\u00edficamente, pienso en:<br \/>&#13;<br \/>\n<br \/>&#13;<br \/>\n  o <em>el derecho, en todas  partes, al reconocimiento de su personalidad jur\u00eddica (del Art\u00edculo 6), y <\/em>o <em>el derecho del individuo, en condiciones de plena igualdad, a ser o\u00eddo p\u00fablicamente  y con justicia por un tribunal independiente e imparcial, para la determinaci\u00f3n  de sus derechos y obligaciones (del Art\u00edculo 10).<\/em><br \/>&#13;<br \/>\n  <br \/>&#13;<br \/>\n\u2022 Dado el hecho de que en  la actualidad casi el 20 por ciento de los dominicanos no tienen documentos de  ciudadan\u00eda, espero y conf\u00edo que en el 2011 las autoridades hayan mejorado el  servicio del registro civil, suministrando los recursos apropiados y  asegur\u00e1ndose que los empleados del registro act\u00faen como servidores p\u00fablicos.<br \/>&#13;<br \/>\n<br \/>&#13;<br \/>\n\u2022 Adem\u00e1s, ser\u00eda muy  deseable que para el 2011 las autoridades dominicanas hayan establecido una  soluci\u00f3n a los problemas administrativos de emisi\u00f3n de los certificados de nacimiento  de hijos de extranjeros nacidos en territorio dominicano.<\/p>\n<p>&#13;<\/p>\n<p align=\"justify\" class=\"text1noticias\">Para concluir, quisiera  expresar mi m\u00e1s sincero agradecimiento a los oficiales, funcionarios y miembros de  la C\u00e1mara Americana de Comercio Americana. Ustedes se ofrecen como puente entre  nuestros dos pa\u00edses, y han desempe\u00f1ado un papel din\u00e1mico en la apertura de un  camino hacia el futuro de este pa\u00eds. Han sido generosos conmigo, ofreci\u00e9ndome a  una vez al a\u00f1o su tiempo y atenci\u00f3n, permiti\u00e9ndome compartir con ustedes mis  pensamientos sobre las relaciones bilaterales y las realidades contempor\u00e1neas.  Agradezco muy especialmente el apoyo de esta organizaci\u00f3n al libre comercio,  bajo el liderazgo de Jorge Iv\u00e1n Ram\u00edrez, Kevin Manning y de Bill Malamud.<\/p>\n<p>&#13;<\/p>\n<p align=\"justify\" class=\"text1noticias\">Aprovecho esta oportunidad  para decirles que el pr\u00f3ximo a\u00f1o partir\u00e9 de la Rep\u00fablica Dominicana, en una  fecha a\u00fan no determinada, para regresar al sector privado. La Casa Blanca trabaja  en la actualidad en la selecci\u00f3n mi sucesor. Cuando llegue el momento, me dar\u00e1  mucho placer reunirme con esa persona para ofrecerle uno que otro consejo.  Pienso que le dir\u00e9 algo as\u00ed:<br \/>&#13;<br \/>\n  <br \/>&#13;<br \/>\n  <em>\u201cEsta ser\u00e1 una de las  experiencias m\u00e1s intensas que jam\u00e1s te puedas imaginar. Confrontar\u00e1s los  mayores retos de tu vida. <br \/>&#13;<br \/>\n  <br \/>&#13;<br \/>\n  Como representante del Presidente de los Estados  Unidos de Am\u00e9rica en la Rep\u00fablica Dominicana, tendr\u00e1s grandes responsabilidades  pero gozar\u00e1s tambi\u00e9n de grandes satisfacciones. Entre \u00e9stas est\u00e1 la certidumbre  de que al preservar un di\u00e1logo abierto y honesto con nuestros amigos dominicanos,  y si lo haces con mucho respeto y humildad, estar\u00e1s contribuyendo a promover  los intereses vitales y al bienestar de nuestros dos grandes pueblos.\u201d<\/em><br \/>&#13;<br \/>\n  <br \/>&#13;<br \/>\n  Por tanto, nuestro  encuentro de hoy no constituye una despedida. Celebramos, con un d\u00eda de  anticipaci\u00f3n, el tradicional D\u00eda de Acci\u00f3n de Gracias, tan importante para  nuestras familias y para compartir con amigos. Aprovecho esta ocasi\u00f3n para  agradecerles a ustedes, a mi talentoso personal de la Embajada, y a todos los  dominicanos y dominicanas &#8211; &#8211; por estos \u00faltimos cinco a\u00f1os, los cuales nunca  olvidar\u00e9.<br \/>&#13;<br \/>\n  <br \/>&#13;<br \/>\n  Les deseo un Feliz D\u00eda de  Acci\u00f3n de Gracias a todos. Dios bendiga al pueblo dominicano y Dios bendiga al  pueblo de los Estados Unidos de Am\u00e9rica.<br \/>&#13;<br \/>\n  <br \/>&#13;<br \/>\n    <em>(F I N )<\/em> <\/p>\n<p>&#13;<\/p>\n<p align=\"justify\" class=\"text1noticias\">*<strong>Disrcurso del embajador estadounidense\u00a0 Hans H. Hertell, en el almuerzo mensual de  la\u00a0 C\u00e1mara de Comercio Americana de Santo  Domingo, el <\/strong><strong>22 de noviembre  de 2006.<\/strong> <\/p>\n<p>&#13;<\/p>\n<h6> 2006-11-24 14:03:17 <\/h6>\n<p><!--\n<link rel=\"stylesheet\" href=\"css\/bootstrap.min.css\">\n\n\n<ul class=\"pagination\">\n\t    \n\t\n\n<li >\n\t<a href='?page_no=13411'>Previous<\/a>\n\t<\/li>\n\n\n       \n    \n\n<li><a href='?page_no=1'>1<\/a><\/li>\n\n\n\n<li><a href='?page_no=2'>2<\/a><\/li>\n\n\n\n<li><a>...<\/a><\/li>\n\n\n\n<li><a href='?page_no=13410'>13410<\/a><\/li>\n\n\n\n<li><a href='?page_no=13411'>13411<\/a><\/li>\n\n\n\n<li class='active'><a>13412<\/a><\/li>\n\n\n\n<li><a href='?page_no=13413'>13413<\/a><\/li>\n\n\n\n<li><a href='?page_no=13414'>13414<\/a><\/li>\n\n\n\n<li><a>...<\/a><\/li>\n\n\n\n<li><a href='?page_no=13611'>13611<\/a><\/li>\n\n\n\n<li><a href='?page_no=13612'>13612<\/a><\/li>\n\n    \n\t\n\n<li >\n\t<a href='?page_no=13413'>Next<\/a>\n\t<\/li>\n\n\n    \n\n<li><a href='?page_no=13612'>Last &rsaquo;&rsaquo;<\/a><\/li>\n\n<\/ul>\n\n\n--><br \/>\n<\/body><\/p>\n","protected":false},"excerpt":{"rendered":"<p>Mirando hacia atr\u00e1s y hacia el futuro* &#13; Hans H. Hertell &#13; Hace s\u00f3lo cinco a\u00f1os, el 8 de noviembre de 2001, el entonces Secretario de Estado Colin Powell me jurament\u00f3 como representante personal del Presidente de los Estados Unidos ante el gobierno y el pueblo de la Rep\u00fablica Dominicana. &#13; Como ustedes saben, es [&hellip;]<\/p>\n","protected":false},"author":3,"featured_media":0,"comment_status":"open","ping_status":"open","sticky":false,"template":"","format":"standard","meta":{"footnotes":""},"categories":[16],"tags":[],"class_list":["post-37673","post","type-post","status-publish","format-standard","hentry","category-opiniones"],"_links":{"self":[{"href":"https:\/\/diariodominicano.com\/index.php?rest_route=\/wp\/v2\/posts\/37673","targetHints":{"allow":["GET"]}}],"collection":[{"href":"https:\/\/diariodominicano.com\/index.php?rest_route=\/wp\/v2\/posts"}],"about":[{"href":"https:\/\/diariodominicano.com\/index.php?rest_route=\/wp\/v2\/types\/post"}],"author":[{"embeddable":true,"href":"https:\/\/diariodominicano.com\/index.php?rest_route=\/wp\/v2\/users\/3"}],"replies":[{"embeddable":true,"href":"https:\/\/diariodominicano.com\/index.php?rest_route=%2Fwp%2Fv2%2Fcomments&post=37673"}],"version-history":[{"count":0,"href":"https:\/\/diariodominicano.com\/index.php?rest_route=\/wp\/v2\/posts\/37673\/revisions"}],"wp:attachment":[{"href":"https:\/\/diariodominicano.com\/index.php?rest_route=%2Fwp%2Fv2%2Fmedia&parent=37673"}],"wp:term":[{"taxonomy":"category","embeddable":true,"href":"https:\/\/diariodominicano.com\/index.php?rest_route=%2Fwp%2Fv2%2Fcategories&post=37673"},{"taxonomy":"post_tag","embeddable":true,"href":"https:\/\/diariodominicano.com\/index.php?rest_route=%2Fwp%2Fv2%2Ftags&post=37673"}],"curies":[{"name":"wp","href":"https:\/\/api.w.org\/{rel}","templated":true}]}}