{"id":37671,"date":"2006-11-24T14:12:51","date_gmt":"2006-11-24T14:12:51","guid":{"rendered":"http:\/\/diariodominicano.ddns.net\/?p=37671"},"modified":"2006-11-24T14:12:51","modified_gmt":"2006-11-24T14:12:51","slug":"las-principales-en-teledebate-155","status":"publish","type":"post","link":"https:\/\/diariodominicano.com\/?p=37671","title":{"rendered":"LAS PRINCIPALES EN TELEDEBATE"},"content":{"rendered":"<p><body><\/p>\n<p align=\"justify\"><span class=\"titulogrande1\">LAS PRINCIPALES EN TELEDEBATE<br \/>&#13;<br \/>\n<\/span><br \/>&#13;<br \/>\n<span class=\"textogrande\">Mi\u00e9rcoles  22,11,06<\/span><br \/>&#13;<br \/>\n<br \/>&#13;<br \/>\n<span class=\"text1noticias\">FEFLAS Y LA UASD.\u00a0   Hasta ahora, que se sepa, nada han respondido las  autoridades de la   Universidad Aut\u00f3noma de Santo Domingo ante la seria denuncia  del FEFLAS se\u00f1alando que los estudiantes son v\u00ecctimas de acoso sexual, p\u00e8rdida  de notas y venta compulsiva de libros y folletos de algunos profesores.\u00a0 Por el bien de la UASD denuncias de esta  naturaleza no deben dejarse en el aire.<\/span><\/p>\n<p>&#13;<\/p>\n<p align=\"justify\" class=\"text1noticias\">LA REMODELACI\u00d3N DEL AILA.  Magn\u00ecfica la remodelaci\u00f3n del Aeropuerto Internacional de las Am\u00e8ricas que  ahora resulta posiblemente el m\u00e0s atractivo, limpio y mejor organizado de todo  el Caribe. Excelente la idea de ilustrar con fotos de lugares atractivos del  pa\u00ecs el corredor de salida y con una estrofa de \u201cHay un pa\u00ecs en el mundo\u201d de nuestro  Pedro Mir, traducida al Ingl\u00e8s.\u00a0 El  personal administrativo, de Migraci\u00f3n y Aduanas no puede ser m\u00e0s cort\u00e8s.\u00a0 Del 1 al 10, 11 para el AILA.<\/p>\n<p>&#13;<\/p>\n<p align=\"justify\" class=\"text1noticias\">\u00bfFORMULA MAGICA? Si el fraude  energ\u00e9tico, o sea los que no pagan el consumo de electricidad anda por el 40 al  45 porciento y la evasi\u00f3n fiscal de empresarios que tampoco pagan sus impuestos  est\u00e0 en el orden de un 50 porciento, seg\u00f9n el Banco Mundial, \u00bfc\u00f2mo podemos  echar el pa\u00ecs adelante?\u00a0 La Orden de Duarte, S\u00e1nchez y  Mella a quien descubra la f\u00f2rmula m\u00e0gica.<\/p>\n<p>&#13;<\/p>\n<p align=\"justify\" class=\"text1noticias\">TONY ISA VS. RADHAMES  SEGURA:\u00a0 Hablando de energ\u00eda, figuras del  gobierno siguen dando una penosa demostraci\u00f3n de incoherencia y confrontaci\u00f3n.  Ahora es Antonio Isa Conde, padre de la capitalizaci\u00f3n de la CDEEE y asesor industrial  del Poder Ejecutivo con rango de Secretario de Estado el que acusa a Radham\u00e8s  Segura, administrador de la empresa, de estar saboteando los esfuerzos por  ayudar a conjurar la crisis energ\u00e9tica.\u00a0  \u00a1As\u00ec no es p\u00e2lante que vamos!<\/p>\n<p>&#13;<\/p>\n<p align=\"justify\" class=\"text1noticias\">BIEN POR ALICIA ORTEGA. Las  investigaciones de Alicia Ortega revelando en su visto programa El Informe que  el expediente por la muerte de 136 reclusos en el siniestro de la c\u00e0rcel de  Higuey ocurrido en Marzo del 2005 estaba extraviado y logrando que el mismo  fuese rescatado y activado, evidencia una vez m\u00e0s la importancia de contar con  una prensa libre y profesional. \u00a1Bien por ella!<\/p>\n<p>&#13;<\/p>\n<p align=\"justify\" class=\"text1noticias\">LO QUE OLVIDO SONIA PIERRE.  Mientras en Washington los mismos que levantar\u00e0n el muro con M\u00e9xico, nos acusan  de maltratos y discriminaci\u00f3n a los haitianos, el Secretario de Salud revela  que el pa\u00ecs gasta 12 millones de d\u00f3lares anuales en atenciones m\u00e8dicas a los  mismos y que el 70 porciento de las parturientas en los hospitales p\u00fablicos de  la frontera y el este son de madres de esa nacionalidad.\u00a0 L\u00e0stima que a Sonia Pierre se le haya olvidado  este peque\u00f1o detalle.<\/p>\n<p>&#13;<\/p>\n<p align=\"justify\" class=\"text1noticias\">CONVERSACIONES ESTANCADAS.  Tambi\u00e8n muy lamentable que la propia activista prohaitiana y quienes sostienen  esa acusaci\u00f2n contra nuestro pa\u00ecs silenciaran que es el gobierno vecino el que  ahora mismo\u00a0 mantiene estancadas las conversaciones  y trabajos de la comisi\u00f2n dom\u00ecnico-haitiana creada para mejorar las relaciones  y resolver conflictos entre ambos pueblos,\u00a0  seg\u00f9n se queja nuestro Canciller Carlos Morales Troncoso.<\/p>\n<p>&#13;<\/p>\n<p align=\"justify\" class=\"text1noticias\">BIEN POR ALEGRIA Y MARIO  TORRES. Pedro Alegr\u00eca, senador de San Jos\u00e8 de Ocoa y Mario Torres, de Dajab\u00f2n,  los dos m\u00e0s votados del PRD pusieron el grito en el cielo con toda raz\u00f3n cuando  su partido les quiso bajar una l\u00ednea para la escogencia de su magistrado en la Junta Central  Electoral, ya que no fueron consultados sobre el tema. Ambos, al igual que el  Presidente del Cuerpo, Reinaldo Pared P\u00e9rez, recordaron que el nombramiento de  los jueces es prerrogativa senatorial. Bien por ellos.<\/p>\n<p>&#13;<\/p>\n<p align=\"justify\" class=\"text1noticias\">EDUARDO BRITO&#8230;!YA ERA HORA!  Excelente la iniciativa de la   Secretar\u00eca de Estado de Cultura de montar el Primer Festival  de la Canci\u00f3n   Dominicana que llevar\u00e0 el nombre de \u201cEduardo Brito\u201d, con  dedicaci\u00f3n especial al maestro Rafael Solano y su mejor int\u00e8rprete, Nin\u00ec  C\u00e0ffaro.\u00a0 Ya era hora de rendir homenaje  a la memoria del inmenso Eduardo Brito.<\/p>\n<p>&#13;<\/p>\n<p align=\"justify\" class=\"text1noticias\">EL PUENTE JUAN BOSCH SE  DETERIORA. Penoso en extremo el estado de temprano deterioro que presenta el  puente Juan Bosch, el de construcci\u00f3n m\u00e0s reciente.\u00a0 La herrumbre ha hecho presa en el metal  ofreciendo un aspecto lamentable y hasta preocupante.\u00a0 \u00bfVicios de construcci\u00f3n o el consabido  abandono en el mantenimiento que es cl\u00e1sico en nuestras obras p\u00f9blicas?<\/p>\n<p>&#13;<\/p>\n<p align=\"justify\" class=\"text1noticias\">\u00a1TIPOS SUERTUDOS! Todo parece  indicar que el DEPRECO sacar\u00e0 a flote muchas irregularidades irritantes en las  investigaciones que lleva a cabo sobre el fraude en el \u00e0rea de pensiones de la Secretar\u00eca de Estado de  Finanzas.\u00a0 Por lo pronto aparecieron en  n\u00f2mina unos j\u00f3venes afortunados cobrando hasta 40 mil pesos, muchas veces m\u00e0s  que humildes y abnegados servidores del Estado.\u00a0  \u00a1Suerte que tienen algunos!<\/p>\n<p>&#13;<\/p>\n<p align=\"justify\" class=\"text1noticias\">A VUELTAS CON LOS CELULARES.  Ojos y o\u00ecdos alerta.\u00a0 Por ah\u00ec anda una  banda de malhechores de poca monta que se dedican a llamar a las casas cuando  la trabajadora dom\u00e8stica est\u00e0 sola, le dan datos precisos de la familia y la  aterrorizan amenaz\u00e1ndola de muerte. La estafa consiste en que a cambio le  reclaman 2, 3 mil y hasta m\u00e0s pesos en tarjetas de llamadas a celulares.\u00a0 <\/p>\n<p>&#13;<\/p>\n<p align=\"justify\" class=\"text1noticias\">BIEN HECHO POR VARGAS E  INDOTEL.\u00a0 Hablando de celulares, INDOTEL  ha dispuesto la clausura definitiva de 56 tiendas de tel\u00e9fonos m\u00f3viles que se  dedican a vender o a blanquear celulares robados.\u00a0 Bien por el amigo Jos\u00e8 Rafael Vargas.\u00a0 A los mafiosos que pretenden vivir del  esfuerzo y sudor ajenos hay que irles cerrando cada vez m\u00e0s el espacio para sus  fechor\u00edas.\u00a0 <\/p>\n<p>&#13;<\/p>\n<h6> 2006-11-24 14:12:51 <\/h6>\n<p><!--\n<link rel=\"stylesheet\" href=\"css\/bootstrap.min.css\">\n\n\n<ul class=\"pagination\">\n\t    \n\t\n\n<li >\n\t<a href='?page_no=13409'>Previous<\/a>\n\t<\/li>\n\n\n       \n    \n\n<li><a href='?page_no=1'>1<\/a><\/li>\n\n\n\n<li><a href='?page_no=2'>2<\/a><\/li>\n\n\n\n<li><a>...<\/a><\/li>\n\n\n\n<li><a href='?page_no=13408'>13408<\/a><\/li>\n\n\n\n<li><a href='?page_no=13409'>13409<\/a><\/li>\n\n\n\n<li class='active'><a>13410<\/a><\/li>\n\n\n\n<li><a href='?page_no=13411'>13411<\/a><\/li>\n\n\n\n<li><a href='?page_no=13412'>13412<\/a><\/li>\n\n\n\n<li><a>...<\/a><\/li>\n\n\n\n<li><a href='?page_no=13611'>13611<\/a><\/li>\n\n\n\n<li><a href='?page_no=13612'>13612<\/a><\/li>\n\n    \n\t\n\n<li >\n\t<a href='?page_no=13411'>Next<\/a>\n\t<\/li>\n\n\n    \n\n<li><a href='?page_no=13612'>Last &rsaquo;&rsaquo;<\/a><\/li>\n\n<\/ul>\n\n\n--><br \/>\n<\/body><\/p>\n","protected":false},"excerpt":{"rendered":"<p>LAS PRINCIPALES EN TELEDEBATE&#13; &#13; Mi\u00e9rcoles 22,11,06&#13; &#13; FEFLAS Y LA UASD.\u00a0 Hasta ahora, que se sepa, nada han respondido las autoridades de la Universidad Aut\u00f3noma de Santo Domingo ante la seria denuncia del FEFLAS se\u00f1alando que los estudiantes son v\u00ecctimas de acoso sexual, p\u00e8rdida de notas y venta compulsiva de libros y folletos de [&hellip;]<\/p>\n","protected":false},"author":3,"featured_media":0,"comment_status":"open","ping_status":"open","sticky":false,"template":"","format":"standard","meta":{"footnotes":""},"categories":[16],"tags":[],"class_list":["post-37671","post","type-post","status-publish","format-standard","hentry","category-opiniones"],"_links":{"self":[{"href":"https:\/\/diariodominicano.com\/index.php?rest_route=\/wp\/v2\/posts\/37671","targetHints":{"allow":["GET"]}}],"collection":[{"href":"https:\/\/diariodominicano.com\/index.php?rest_route=\/wp\/v2\/posts"}],"about":[{"href":"https:\/\/diariodominicano.com\/index.php?rest_route=\/wp\/v2\/types\/post"}],"author":[{"embeddable":true,"href":"https:\/\/diariodominicano.com\/index.php?rest_route=\/wp\/v2\/users\/3"}],"replies":[{"embeddable":true,"href":"https:\/\/diariodominicano.com\/index.php?rest_route=%2Fwp%2Fv2%2Fcomments&post=37671"}],"version-history":[{"count":0,"href":"https:\/\/diariodominicano.com\/index.php?rest_route=\/wp\/v2\/posts\/37671\/revisions"}],"wp:attachment":[{"href":"https:\/\/diariodominicano.com\/index.php?rest_route=%2Fwp%2Fv2%2Fmedia&parent=37671"}],"wp:term":[{"taxonomy":"category","embeddable":true,"href":"https:\/\/diariodominicano.com\/index.php?rest_route=%2Fwp%2Fv2%2Fcategories&post=37671"},{"taxonomy":"post_tag","embeddable":true,"href":"https:\/\/diariodominicano.com\/index.php?rest_route=%2Fwp%2Fv2%2Ftags&post=37671"}],"curies":[{"name":"wp","href":"https:\/\/api.w.org\/{rel}","templated":true}]}}