{"id":37667,"date":"2006-11-24T14:36:12","date_gmt":"2006-11-24T14:36:12","guid":{"rendered":"http:\/\/diariodominicano.ddns.net\/?p=37667"},"modified":"2006-11-24T14:36:12","modified_gmt":"2006-11-24T14:36:12","slug":"el-tiro-rapido-469","status":"publish","type":"post","link":"https:\/\/diariodominicano.com\/?p=37667","title":{"rendered":"EL TIRO RAPIDO"},"content":{"rendered":"<p><body><\/p>\n<p><span class=\"titulogrande1\">EL TIRO RAPIDO<\/span><br \/>&#13;<br \/>\n  <br \/>&#13;<br \/>\n    <span class=\"textogrande\">de<br \/>&#13;<br \/>\nMario  Rivadulla<\/span><\/p>\n<p>&#13;<\/p>\n<p align=\"justify\" class=\"text1noticias\">Razones personales nos hicieron ausentarnos durante una  semana.\u00a0 Afortunadamente el trabajo de  Dilenia Cruz y la ayuda solidaria de Alex Jim\u00e9nez cubrieron nuestra ausencia  sin el menor menoscabo.<\/p>\n<p>&#13;<\/p>\n<p align=\"justify\" class=\"text1noticias\">Al regresar, la situaci\u00f2n es  exactamente igual que cuando nos fuimos.\u00a0  Menos tensa en parte, porque las medidas fiscales anunciadas por el  Presidente Fern\u00e1ndez resultaron muy por debajo de las aparatosas, preocupantes  y estremecedoras noticias que se filtraron sobre las propuestas del Fondo  Monetario Internacional, lo cual no implica necesariamente que hayan sido bien  acogidas.\u00a0 <\/p>\n<p>&#13;<\/p>\n<p align=\"justify\" class=\"text1noticias\">Mucho, regular o poco a nadie  le resultan agradables las cargas impositivas.\u00a0  Con mayor raz\u00f2n\u00a0 cuando como en  nuestro pa\u00ecs, lamentablemente, unos pagan m\u00e0s por el resto que no lo hace,\u00a0 y es muy poco lo que por tradici\u00f3n,\u00a0 le retribuye el Estado al contribuyente en  calidad y cantidad de servicios.<\/p>\n<p>&#13;<\/p>\n<p align=\"justify\" class=\"text1noticias\">Pero lo realmente desalentador  es que el tiempo transcurre, se suma un d\u00eca a otro, un mes a otro y un a\u00f1o a  otro m\u00e0s y el pa\u00ecs sigue careciendo de sentido de unidad.\u00a0 Todas las diferentes fuerzas sociales,  econ\u00f3micas y pol\u00edticas se mantienen en permanente y a menudo en \u00e0spera  confrontaci\u00f3n,\u00a0 mientras los males  seculares se prolongan y en muchos casos se acent\u00faan sin encontrar una soluci\u00f2n  de continuidad ni tan siquiera vocaci\u00f3n de solucionarlos.<\/p>\n<p>&#13;<\/p>\n<p align=\"justify\" class=\"text1noticias\">Sencillamente continuamos  adoleciendo de la falta de un proyecto de naci\u00f2n.\u00a0 Cada quien tira para su lado.\u00a0 En todo este tiempo no hemos logrado  sentarnos seriamente a la mesa del di\u00e0logo a plantearnos los problemas del pa\u00ecs  como un todo que a todos nos afecta, a todos debiera interesar resolver y todos  estamos en el deber de contribuir a conseguirlo.<\/p>\n<p>&#13;<\/p>\n<p align=\"justify\" class=\"text1noticias\">No es un problema de sistema  pol\u00edtico sino de sentido com\u00f9n. Pa\u00ecses de reg\u00edmenes muy diferentes est\u00e0n  creciendo y progresando porque se han planteado metas colectivas y trabajan  afanosamente por alcanzarlas.\u00a0 Son varios  los ejemplos a que puede apelarse.\u00a0 Pero  bastar\u00eca con mencionar tan solo el caso de Irlanda.\u00a0 Sumida por espacio de d\u00e8cadas en la violencia  de una sangrienta confrontaci\u00f3n religiosa entre cat\u00f3licos y protestantes,  apenas doce a\u00f1os atr\u00e0s tuvieron la sensatez de sentarse a negociar gobierno,  empresarios y trabajadores culminando con un pacto de com\u00f9n esfuerzo que han  cumplido hasta ahora con resultados excelentes.<\/p>\n<p>&#13;<\/p>\n<p align=\"justify\" class=\"text1noticias\">En tan solo esa docena de a\u00f1os,  empujando en la misma direcci\u00f2n, Irlanda, de ser el pa\u00ecs m\u00e0s pobre de Europa,  se ha convertido en el tercero a nivel mundial de mayor per c\u00e1pita y el de m\u00e0s  acelerado crecimiento en el Viejo Continente.\u00a0  Bien que ha recibido una generosa ayuda de la Comunidad Europa. Pero  todos esos cuartos se hubieran hundido en el mar del Norte,\u00a0 si los irlandeses no se hubiesen puesto de  acuerdo para hacer buen uso de esos recursos.\u00a0  Hoy, las consecuencias de ese pacto se han traducido en beneficios para  sus tres firmantes: gobierno, empresariado y trabajadores.<\/p>\n<p>&#13;<\/p>\n<p align=\"justify\" class=\"text1noticias\">Aqu\u00ec, mientras tanto, seguimos  dando tumbos. Cada quien por su lado.\u00a0\u00a0  Empujando exclusivamente en su direcci\u00f2n y provecho. Una especie de cada  vez m\u00e0s extendido \u00a1salvase el que pueda!\u00a0  Como si en vez de una naci\u00f2n integrada e integral, fu\u00e9semos  compartimientos estancos y no piezas de un todo. Grupos m\u00e0s que sectores en  permanente pugilato.\u00a0 <br \/>&#13;<br \/>\n  <br \/>&#13;<br \/>\nCon mayor empe\u00f1o en  acusarse los unos a los otros de ser responsables de los problemas del  pa\u00ecs,\u00a0 que en vez de tratar de ponernos  m\u00ecnimamente de acuerdo para tratar de solucionarlos. <\/p>\n<p>&#13;<\/p>\n<p align=\"justify\" class=\"text1noticias\">Una vez m\u00e0s insistimos en que  as\u00ec no vamos a parte.\u00a0 Que el anhelado  bienestar jam\u00e0s tocar\u00e0 a nuestras puertas.\u00a0  Que necesitamos pasar de los estrechos programas de cuatro a\u00f1os a un  ambicioso proyecto de naci\u00f2n a largo plazo.\u00a0\u00a0  Y que \u00e8sta y no otra, es la consigna clave de nuestro futuro.\u00a0 <\/p>\n<p>&#13;<\/p>\n<h6> 2006-11-24 14:36:12 <\/h6>\n<p><!--\n<link rel=\"stylesheet\" href=\"css\/bootstrap.min.css\">\n\n\n<ul class=\"pagination\">\n\t    \n\t\n\n<li >\n\t<a href='?page_no=13406'>Previous<\/a>\n\t<\/li>\n\n\n       \n    \n\n<li><a href='?page_no=1'>1<\/a><\/li>\n\n\n\n<li><a href='?page_no=2'>2<\/a><\/li>\n\n\n\n<li><a>...<\/a><\/li>\n\n\n\n<li><a href='?page_no=13405'>13405<\/a><\/li>\n\n\n\n<li><a href='?page_no=13406'>13406<\/a><\/li>\n\n\n\n<li class='active'><a>13407<\/a><\/li>\n\n\n\n<li><a href='?page_no=13408'>13408<\/a><\/li>\n\n\n\n<li><a href='?page_no=13409'>13409<\/a><\/li>\n\n\n\n<li><a>...<\/a><\/li>\n\n\n\n<li><a href='?page_no=13611'>13611<\/a><\/li>\n\n\n\n<li><a href='?page_no=13612'>13612<\/a><\/li>\n\n    \n\t\n\n<li >\n\t<a href='?page_no=13408'>Next<\/a>\n\t<\/li>\n\n\n    \n\n<li><a href='?page_no=13612'>Last &rsaquo;&rsaquo;<\/a><\/li>\n\n<\/ul>\n\n\n--><br \/>\n<\/body><\/p>\n","protected":false},"excerpt":{"rendered":"<p>EL TIRO RAPIDO&#13; &#13; de&#13; Mario Rivadulla &#13; Razones personales nos hicieron ausentarnos durante una semana.\u00a0 Afortunadamente el trabajo de Dilenia Cruz y la ayuda solidaria de Alex Jim\u00e9nez cubrieron nuestra ausencia sin el menor menoscabo. &#13; Al regresar, la situaci\u00f2n es exactamente igual que cuando nos fuimos.\u00a0 Menos tensa en parte, porque las medidas [&hellip;]<\/p>\n","protected":false},"author":3,"featured_media":0,"comment_status":"open","ping_status":"open","sticky":false,"template":"","format":"standard","meta":{"footnotes":""},"categories":[16],"tags":[],"class_list":["post-37667","post","type-post","status-publish","format-standard","hentry","category-opiniones"],"_links":{"self":[{"href":"https:\/\/diariodominicano.com\/index.php?rest_route=\/wp\/v2\/posts\/37667","targetHints":{"allow":["GET"]}}],"collection":[{"href":"https:\/\/diariodominicano.com\/index.php?rest_route=\/wp\/v2\/posts"}],"about":[{"href":"https:\/\/diariodominicano.com\/index.php?rest_route=\/wp\/v2\/types\/post"}],"author":[{"embeddable":true,"href":"https:\/\/diariodominicano.com\/index.php?rest_route=\/wp\/v2\/users\/3"}],"replies":[{"embeddable":true,"href":"https:\/\/diariodominicano.com\/index.php?rest_route=%2Fwp%2Fv2%2Fcomments&post=37667"}],"version-history":[{"count":0,"href":"https:\/\/diariodominicano.com\/index.php?rest_route=\/wp\/v2\/posts\/37667\/revisions"}],"wp:attachment":[{"href":"https:\/\/diariodominicano.com\/index.php?rest_route=%2Fwp%2Fv2%2Fmedia&parent=37667"}],"wp:term":[{"taxonomy":"category","embeddable":true,"href":"https:\/\/diariodominicano.com\/index.php?rest_route=%2Fwp%2Fv2%2Fcategories&post=37667"},{"taxonomy":"post_tag","embeddable":true,"href":"https:\/\/diariodominicano.com\/index.php?rest_route=%2Fwp%2Fv2%2Ftags&post=37667"}],"curies":[{"name":"wp","href":"https:\/\/api.w.org\/{rel}","templated":true}]}}