{"id":37666,"date":"2006-11-25T23:16:36","date_gmt":"2006-11-25T23:16:36","guid":{"rendered":"http:\/\/diariodominicano.ddns.net\/?p=37666"},"modified":"2006-11-25T23:16:36","modified_gmt":"2006-11-25T23:16:36","slug":"por-fin-se-va-hertell","status":"publish","type":"post","link":"https:\/\/diariodominicano.com\/?p=37666","title":{"rendered":"\u00a1Por fin se va Hertell!"},"content":{"rendered":"<p><body><\/p>\n<p align=\"center\" class=\"titulogrande1\">\u00a1Por fin se va Hertell!<\/p>\n<p>&#13;<\/p>\n<p align=\"center\">\u00a0\u00a0 <strong class=\"textogrande\">Por Narciso Isa Conde<\/strong><\/p>\n<p>&#13;<\/p>\n<p align=\"justify\" class=\"text1noticias\">El  Embajador de EEUU en Rep\u00fablica Dominicana, Hans Hertell, anunci\u00f3 su retirada  del pa\u00eds y a la vez critic\u00f3 la impunidad de los corruptos, poniendo como  ejemplo el caso del robo a trav\u00e9s del programa de asistencia barrial bautizado  PEME y puesto en pr\u00e1ctica durante el primer gobierno del Partido de la Liberaci\u00f3n Dominicana,  presidido por Leonel Fern\u00e1ndez.<\/p>\n<p>&#13;<\/p>\n<p align=\"justify\" class=\"text1noticias\">Ojal\u00e1  que ese se\u00f1or se vaya ya, lo antes posible. Que no se quede ni un minuto m\u00e1s, a  no ser en la c\u00e1rcel de Najayo o La   Victoria.<\/p>\n<p>&#13;<\/p>\n<p align=\"justify\" class=\"text1noticias\">Es  verdad que el robo de Estado que signific\u00f3 el PEME, invento de Leonel manejado  por Luis Inchausti y Danilo Medina, sigue impune (1.400 millones de pesos  equivalentes entonces a unos 60 millones de d\u00f3lares).<\/p>\n<p>&#13;<\/p>\n<p align=\"justify\" class=\"text1noticias\">M\u00e1s  aun \u2013 y esto no lo dijo el se\u00f1or Embajador de los EEUU- el propio Leonel en  este segundo periodo emple\u00f3 su condici\u00f3n de titular del Poder Ejecutivo para  \u201cdesinteresar al Estado\u201d de ese proceso judicial, autoprotegi\u00e9ndose y  protegiendo a los dem\u00e1s involucrados (as) de la querella judicial presentada  por el gobierno anterior.<\/p>\n<p>&#13;<\/p>\n<p align=\"justify\" class=\"text1noticias\">Es  verdad que los beneficiarios del PEME disfrutan de su pillaje con absoluta  tranquilidad, hasta el punto que el propio Inchausti ha pasado a ser el  principal promotor de la reelecci\u00f3n de Leonel.<\/p>\n<p>&#13;<\/p>\n<p align=\"justify\" class=\"text1noticias\">Es  verdad tambi\u00e9n que la corrupci\u00f3n debe ser atacada y desenmascarada.<\/p>\n<p>&#13;<\/p>\n<p align=\"justify\" class=\"text1noticias\">Todo  eso es verdad<\/p>\n<p>&#13;<\/p>\n<p align=\"justify\" class=\"text1noticias\">Pero  llama la atenci\u00f3n que esto lo diga Hertell cuando anuncia su retirada del pa\u00eds  y despu\u00e9s de un largo silencio sobre un tema que afecta directamente a su  amigote Leonel Fern\u00e1ndez.<\/p>\n<p>&#13;<\/p>\n<p align=\"justify\" class=\"text1noticias\">\u00bfQue  se\u00f1al est\u00e1 interesado en propagar?<\/p>\n<p>&#13;<\/p>\n<p align=\"justify\" class=\"text1noticias\">\u00bfPor  qu\u00e9 ahora y no antes?<\/p>\n<p>&#13;<\/p>\n<p align=\"justify\" class=\"text1noticias\">Una  raz\u00f3n es porque se va y ya no tendr\u00eda que darle la cara a la gente del Palacio  Nacional.<\/p>\n<p>&#13;<\/p>\n<p align=\"justify\" class=\"text1noticias\">Pero  evidentemente no solo se trata de eso.<\/p>\n<p>&#13;<\/p>\n<p align=\"justify\" class=\"text1noticias\">Coincide  esa reacci\u00f3n con la salida de Danilo Medina del gobierno (ex-Secretario de  Estado de la Presidencia  y segundo hombre de PLD), con el acelerado desgaste de Leonel Fern\u00e1ndez, con el  fraccionamiento del gobierno y del partido que lo sustenta, y con los efectos  nocivos de su intento de reelecci\u00f3n.<\/p>\n<p>&#13;<\/p>\n<p align=\"justify\" class=\"text1noticias\">Los  jefes gringos son expertos en \u201csacarle el pie\u201d a sus gobernadores de colonia  cuando est\u00e1n en declive, cuando la crisis demanda revelar figuras y reciclar la  dominaci\u00f3n. Sacarle el pie y tambi\u00e9n sacarle nuevas concesiones en el contexto  de su debilitamiento.<\/p>\n<p>&#13;<\/p>\n<p align=\"justify\" class=\"text1noticias\">Los  jefes gringos no conocen ni de agradecimientos ni de lealtades, su pragmatismo  es inmensamente cruel.<\/p>\n<p>&#13;<\/p>\n<p align=\"justify\" class=\"text1noticias\">Ese  es un aspecto del motivo de esa declaraci\u00f3n del proc\u00f3nsul Hans Hertell.<\/p>\n<p>&#13;<\/p>\n<p align=\"justify\" class=\"text1noticias\">Pero  hay otro quiz\u00e1s m\u00e1s relevante.<\/p>\n<p>&#13;<\/p>\n<p align=\"justify\" class=\"text1noticias\">Hertell  \u2013con mucha cola a rastro- est\u00e1 intentando protegerse de todo lo que le puede venir  por sus estrechas relaciones con los protagonistas de la conexi\u00f3n dominicana  del esc\u00e1ndalo Marbella, convertido en expediente judicial en Espa\u00f1a.<\/p>\n<p>&#13;<\/p>\n<p align=\"justify\" class=\"text1noticias\">Necesita  presentarse como un combatiente anticorrupci\u00f3n cuando su propia corrupci\u00f3n  puede ser develada en gran escala.<\/p>\n<p>&#13;<\/p>\n<p align=\"justify\" class=\"text1noticias\">Hertell  est\u00e1 vinculado a esos turbios negocios de bienes ra\u00edces, asociado al grupo  Hazouri, al magnate espa\u00f1ol Jes\u00fas Barderas, y a su testaferro Georgy Nader,  todos en \u201csal muera\u201d por lo de Marbella.<\/p>\n<p>&#13;<\/p>\n<p align=\"justify\" class=\"text1noticias\">A  ese grupo tambi\u00e9n se vincul\u00f3 inicialmente Miguel Vargas Maldonado, se\u00f1alado  como pieza clave de esa conexi\u00f3n. Y Vargas Maldonado, precandidato presidencial  del Partido Revolucionario Dominicano, se asoci\u00f3 con el apoyo del ex-presidente  Hip\u00f3lito Mej\u00eda a uno de los productos de la corrupci\u00f3n  trujillista-balaguerista, Roberto Prats, en negocios tur\u00edsticos en la pen\u00ednsula  de S<u>aman\u00e1.<\/u>\u00a0 <\/p>\n<p>&#13;<\/p>\n<p align=\"justify\" class=\"text1noticias\">Todos  \u2013seg\u00fan lo rebelan publicaciones espa\u00f1olas, especialmente la revista Interviu-  se relacionaron con los operadores Carlos S\u00e1nchez y Andr\u00e9s Li\u00e9tor, actualmente  presos en Alhaur\u00edn, Espa\u00f1a.<\/p>\n<p>&#13;<\/p>\n<p align=\"justify\" class=\"text1noticias\">Con  ellos y otros agente de la llamada Operaci\u00f3n Malaya (Esc\u00e1ndalo Marbella), la m\u00e1s  grande operaci\u00f3n de lavado de dinero sucio de la historia europea, a trav\u00e9s de  fuertes inversiones en bienes ra\u00edces y proyectos tur\u00edsticos en Rep\u00fablica  Dominicana.<\/p>\n<p>&#13;<\/p>\n<p align=\"justify\" class=\"text1noticias\">Hertell  esta siguiendo lo pasos de Hazouri: ponerse adelante, presentarse como  denunciante del mal siendo parte del mal.<\/p>\n<p>&#13;<\/p>\n<p align=\"justify\" class=\"text1noticias\">As\u00ed  hicieron los Hazouri por sus medio de comunicaci\u00f3n al denunciar la conexi\u00f3n  dominicana del esc\u00e1ndalo Marbella exclusivamente en las personas de Vargas  Maldonado y Roberto Prats, siendo ellos tambi\u00e9n parte importante del v\u00ednculo  con Carlos S\u00e1nchez y otros implicados (Andr\u00e9s Li\u00e9tor, Jes\u00fas Barderas, Enrique  Sarazola, Tom\u00e1s Olivo, Jos\u00e9 \u00c1vila Rojas e Ignacio Coronado Ruz).<\/p>\n<p>&#13;<\/p>\n<p align=\"justify\" class=\"text1noticias\">Los  servicios prestados por Hertell son tan valiosos para los Hazouri y otros  magnates del pa\u00eds que le \u201cregalaron\u201d una lujosa villa en la exquisita zona Casa  de Campo, La Romana;  adem\u00e1s de terminar siendo propietario de no pocas iniciativas empresariales  formalmente registrado a nombre de Georgy Nader.<\/p>\n<p>&#13;<\/p>\n<p align=\"justify\" class=\"text1noticias\">Barderas  trajo a Carlos S\u00e1nchez con el apoyo de Sarazola. Y Barderas es c\u00f3mplice de los  Hazouri y del propio Hertell.<\/p>\n<p>&#13;<\/p>\n<p align=\"justify\" class=\"text1noticias\">Y Carlos  S\u00e1nchez esta situado en el escal\u00f3n inferior al \u201ccapo de tuti capi\u201d de la Operaci\u00f3n Malaya,  que gener\u00f3 el esc\u00e1ndalo Marbella, en el escal\u00f3n inferior del padrino espa\u00f1ol  Juan Antonio Roca.<\/p>\n<p>&#13;<\/p>\n<p align=\"justify\" class=\"text1noticias\">Hertell  necesitaba presentarse ahora como cr\u00edtico de la corrupci\u00f3n y escogi\u00f3 con esos  fines el caso PEME, sumamente \u00fatil para chantajear al gobierno de turno.<\/p>\n<p>&#13;<\/p>\n<p align=\"justify\" class=\"text1noticias\">Y  si se retras\u00f3 tanto en aparecer atacando un esc\u00e1ndalo de corrupci\u00f3n que toca  muy de cerca al presidente Leonel Fern\u00e1ndez, se debi\u00f3 a que estaba pendiente adem\u00e1s  una importante mediaci\u00f3n para garantizar que la empresa Verizon no sea  penalizada con el pago de impuestos por la venta de sus propiedades en la  dimensi\u00f3n que la ley establece y que la Direcci\u00f3n General  de Impuestos Internos le reclamaba.<\/p>\n<p>&#13;<\/p>\n<p align=\"justify\" class=\"text1noticias\">Antes  de hablar as\u00ed deb\u00eda utilizar su condici\u00f3n de representante de la corrupta administraci\u00f3n  estadounidense que encabeza George W. Bush para lograr una transacci\u00f3n  favorable a Verizon y perjudicial para el Estado Dominicano. A ese prop\u00f3sito se  debi\u00f3 la reuni\u00f3n que gestion\u00f3 con Leonel Fern\u00e1ndez para tratar ese caso.<\/p>\n<p>&#13;<\/p>\n<p align=\"justify\" class=\"text1noticias\">Y  logr\u00f3 su meta.<\/p>\n<p>&#13;<\/p>\n<p align=\"justify\" class=\"text1noticias\">Verizon  solo pagar\u00e1 cerca de la mitad de lo que est\u00e1 obligada a pagar, unos 250  millones de d\u00f3lares de un total muy superior a los 400.<\/p>\n<p>&#13;<\/p>\n<p align=\"justify\" class=\"text1noticias\">Cincuenta  millones de d\u00f3lares fueron destinados para el pago de \u201ccomisiones\u201d por  \u201cservicios prestado\u201d en el marco de esa negociaci\u00f3n, publicitada con el mayor  descaro del mundo.<\/p>\n<p>&#13;<\/p>\n<p align=\"justify\" class=\"text1noticias\">\u00bfCu\u00e1nto  fueron a parar a los bolsillos de Hertell?<\/p>\n<p>&#13;<\/p>\n<p align=\"justify\" class=\"text1noticias\">\u00bfCu\u00e1ntos  al fondo pro-reelecci\u00f3n?<\/p>\n<p>&#13;<\/p>\n<p align=\"justify\" class=\"text1noticias\">\u00a1Adivina  adivinador!<br \/>&#13;<br \/>\n  \u00a0<br \/>&#13;<br \/>\n  Esos  \u201cdetalles\u201d forman parte de la trama oculta de todo lo publicitado. La famosa  \u201ctransparencia\u201d no llega a tanto.<\/p>\n<p>&#13;<\/p>\n<p align=\"justify\" class=\"text1noticias\">De  ah\u00ed en adelante Hertell entendi\u00f3 conveniente condenar la impunidad del PEME y  anunciar su retirada del pa\u00eds, dejando un gobernador de colonia m\u00e1s vulnerable,  capaz incluso de dejar con la cara larga a su propio Director de Impuestos  Internos (empe\u00f1ado en aplicarle la ley a la empresa estadounidense), y ahora  acusado por el titular de la embajada gringa de apadrinar la impunidad de su  propia corrupci\u00f3n. No se extra\u00f1en si lo ven pronto renegar de algunas poses  respecto a Cuba o a Venezuela, o cedi\u00e9ndole m\u00e1s a la pol\u00edtica de intervenci\u00f3n  de la Administraci\u00f3n   Bush.<\/p>\n<p>&#13;<\/p>\n<h6> 2006-11-25 23:16:36 <\/h6>\n<p><!--\n<link rel=\"stylesheet\" href=\"css\/bootstrap.min.css\">\n\n\n<ul class=\"pagination\">\n\t    \n\t\n\n<li >\n\t<a href='?page_no=13405'>Previous<\/a>\n\t<\/li>\n\n\n       \n    \n\n<li><a href='?page_no=1'>1<\/a><\/li>\n\n\n\n<li><a href='?page_no=2'>2<\/a><\/li>\n\n\n\n<li><a>...<\/a><\/li>\n\n\n\n<li><a href='?page_no=13404'>13404<\/a><\/li>\n\n\n\n<li><a href='?page_no=13405'>13405<\/a><\/li>\n\n\n\n<li class='active'><a>13406<\/a><\/li>\n\n\n\n<li><a href='?page_no=13407'>13407<\/a><\/li>\n\n\n\n<li><a href='?page_no=13408'>13408<\/a><\/li>\n\n\n\n<li><a>...<\/a><\/li>\n\n\n\n<li><a href='?page_no=13611'>13611<\/a><\/li>\n\n\n\n<li><a href='?page_no=13612'>13612<\/a><\/li>\n\n    \n\t\n\n<li >\n\t<a href='?page_no=13407'>Next<\/a>\n\t<\/li>\n\n\n    \n\n<li><a href='?page_no=13612'>Last &rsaquo;&rsaquo;<\/a><\/li>\n\n<\/ul>\n\n\n--><br \/>\n<\/body><\/p>\n","protected":false},"excerpt":{"rendered":"<p>\u00a1Por fin se va Hertell! &#13; \u00a0\u00a0 Por Narciso Isa Conde &#13; El Embajador de EEUU en Rep\u00fablica Dominicana, Hans Hertell, anunci\u00f3 su retirada del pa\u00eds y a la vez critic\u00f3 la impunidad de los corruptos, poniendo como ejemplo el caso del robo a trav\u00e9s del programa de asistencia barrial bautizado PEME y puesto en [&hellip;]<\/p>\n","protected":false},"author":3,"featured_media":0,"comment_status":"open","ping_status":"open","sticky":false,"template":"","format":"standard","meta":{"footnotes":""},"categories":[16],"tags":[],"class_list":["post-37666","post","type-post","status-publish","format-standard","hentry","category-opiniones"],"_links":{"self":[{"href":"https:\/\/diariodominicano.com\/index.php?rest_route=\/wp\/v2\/posts\/37666","targetHints":{"allow":["GET"]}}],"collection":[{"href":"https:\/\/diariodominicano.com\/index.php?rest_route=\/wp\/v2\/posts"}],"about":[{"href":"https:\/\/diariodominicano.com\/index.php?rest_route=\/wp\/v2\/types\/post"}],"author":[{"embeddable":true,"href":"https:\/\/diariodominicano.com\/index.php?rest_route=\/wp\/v2\/users\/3"}],"replies":[{"embeddable":true,"href":"https:\/\/diariodominicano.com\/index.php?rest_route=%2Fwp%2Fv2%2Fcomments&post=37666"}],"version-history":[{"count":0,"href":"https:\/\/diariodominicano.com\/index.php?rest_route=\/wp\/v2\/posts\/37666\/revisions"}],"wp:attachment":[{"href":"https:\/\/diariodominicano.com\/index.php?rest_route=%2Fwp%2Fv2%2Fmedia&parent=37666"}],"wp:term":[{"taxonomy":"category","embeddable":true,"href":"https:\/\/diariodominicano.com\/index.php?rest_route=%2Fwp%2Fv2%2Fcategories&post=37666"},{"taxonomy":"post_tag","embeddable":true,"href":"https:\/\/diariodominicano.com\/index.php?rest_route=%2Fwp%2Fv2%2Ftags&post=37666"}],"curies":[{"name":"wp","href":"https:\/\/api.w.org\/{rel}","templated":true}]}}