{"id":37663,"date":"2006-11-28T14:27:36","date_gmt":"2006-11-28T14:27:36","guid":{"rendered":"http:\/\/diariodominicano.ddns.net\/?p=37663"},"modified":"2006-11-28T14:27:36","modified_gmt":"2006-11-28T14:27:36","slug":"comentarios-de-medios-7","status":"publish","type":"post","link":"https:\/\/diariodominicano.com\/?p=37663","title":{"rendered":"Comentarios de Medios"},"content":{"rendered":"<p><body><\/p>\n<p align=\"right\"><strong><img loading=\"lazy\" decoding=\"async\" width=\"67\" height=\"36\" src=\"http:\/\/10.0.0.82:8080\/formato_clip_image002_0028.gif\" \/><\/strong><br \/>&#13;<br \/>\n    <strong><img loading=\"lazy\" decoding=\"async\" width=\"177\" height=\"33\" src=\"http:\/\/10.0.0.82:8080\/formato_clip_image004_0007.gif\" \/><\/strong><\/p>\n<p>&#13;<\/p>\n<p align=\"right\"><strong><em>Comentarios de Medios<\/em><\/strong><br \/>&#13;<br \/>\n    <em>27 de Noviembre, 2006.<\/em><\/p>\n<p>&#13;<\/p>\n<p align=\"right\"><em>\u201cLa verdad en un tiempo es error en otro\u201d.<\/em><br \/>&#13;<br \/>\n    <em>(Montesquieu)<\/em><\/p>\n<p>&#13;<\/p>\n<p align=\"right\"><em>\u00a0<\/em><\/p>\n<p>&#13;<\/p>\n<p class=\"titulogrande1\"><strong>Marranzini, un error y una  oportunidad<\/strong><\/p>\n<p>&#13;<\/p>\n<p align=\"justify\" class=\"text1noticias\">Celso Marranzini, un  l\u00edder empresarial que muestra consistencia y moderaci\u00f3n en sus planteamientos,  tiene ese ojo de los analistas y estrategas que le permite percibir en <strong>d\u00f3nde hay una  oportunidad y en d\u00f3nde hay un error<\/strong> cuyos efectos pueden ser de  mediano o largo alcance. Es, a nuestro entender, lo que hace con sus  declaraciones publicadas en el peri\u00f3dico Hoy.<\/p>\n<p>&#13;<\/p>\n<p align=\"justify\" class=\"text1noticias\">Esta  apreciaci\u00f3n vale al comentar sus expresiones sobre la reforma fiscal o  impositiva que quiere impulsar el Gobierno, se\u00f1alando el  error cometido y abriendo una puerta de oportunidad.<\/p>\n<p>&#13;<\/p>\n<p align=\"justify\" class=\"text1noticias\">Es un error el  modo en que el Gobierno ha presentado y manejado la reforma, pero es sobre todo <strong>un error<\/strong> porque una reforma impositiva, en los actuales momentos,  resta competitividad al sector productivo, especialmente porque en una econom\u00eda  de mercado abierto ya no es posible, como antes, transferir, con cierta  facilidad, los impuestos en incrementos de precios a los consumidores.  Adem\u00e1s, de que reduce el poder adquisitivo de los sectores populares.<\/p>\n<p>&#13;<\/p>\n<p align=\"justify\" class=\"text1noticias\">\u00a0\u201cSi el gobierno nos dice que ahora tenemos que  ser m\u00e1s eficientes para poder competir, hacer inversiones y reducir los gastos,  es justo tambi\u00e9n que las autoridades gubernamentales hagan lo propio y reduzcan  el gasto p\u00fablico y eficienticen la inversi\u00f3n como una manera de aumentar su  capacidad en todos los \u00f3rdenes\u201d, dijo.<\/p>\n<p>&#13;<\/p>\n<p align=\"justify\" class=\"text1noticias\">Marranzini abre <strong>una oportunidad<\/strong>, deja una  puerta abierta, pero no para estos momentos, al se\u00f1alar que, si aun con  austeridad todav\u00eda faltan recursos para el gobierno cumplir con sus  compromisos, \u201centonces los empresarios ser\u00e1n los  primeros en arrimar su hombro en beneficio de la colectividad\u201d.<\/p>\n<p>&#13;<\/p>\n<p align=\"justify\" class=\"text1noticias\"><em>\u00bfPodr\u00e1  el Gobierno dar ese paso hacia la austeridad y la eficiencia, sobre todo cuando  ya se acercan tiempos electorales y sectores del PLD impulsan el conocido  camino de la reelecci\u00f3n y, por consiguiente, del incremento del gasto p\u00fablico? Dar  ese paso es el camino de la oportunidad, obviarlo es el camino de nuevos  errores.<\/em><\/p>\n<p>&#13;<\/p>\n<p align=\"justify\" class=\"text1noticias\">Milton Tejada C.<br \/>&#13;<br \/>\n  <br \/>&#13;<br \/>\n  tejadamilton@yahoo.com<\/p>\n<p>&#13;<\/p>\n<h6> 2006-11-28 14:27:36 <\/h6>\n<p><!--\n<link rel=\"stylesheet\" href=\"css\/bootstrap.min.css\">\n\n\n<ul class=\"pagination\">\n\t    \n\t\n\n<li >\n\t<a href='?page_no=13402'>Previous<\/a>\n\t<\/li>\n\n\n       \n    \n\n<li><a href='?page_no=1'>1<\/a><\/li>\n\n\n\n<li><a href='?page_no=2'>2<\/a><\/li>\n\n\n\n<li><a>...<\/a><\/li>\n\n\n\n<li><a href='?page_no=13401'>13401<\/a><\/li>\n\n\n\n<li><a href='?page_no=13402'>13402<\/a><\/li>\n\n\n\n<li class='active'><a>13403<\/a><\/li>\n\n\n\n<li><a href='?page_no=13404'>13404<\/a><\/li>\n\n\n\n<li><a href='?page_no=13405'>13405<\/a><\/li>\n\n\n\n<li><a>...<\/a><\/li>\n\n\n\n<li><a href='?page_no=13611'>13611<\/a><\/li>\n\n\n\n<li><a href='?page_no=13612'>13612<\/a><\/li>\n\n    \n\t\n\n<li >\n\t<a href='?page_no=13404'>Next<\/a>\n\t<\/li>\n\n\n    \n\n<li><a href='?page_no=13612'>Last &rsaquo;&rsaquo;<\/a><\/li>\n\n<\/ul>\n\n\n--><br \/>\n<\/body><\/p>\n","protected":false},"excerpt":{"rendered":"<p>&#13; &#13; Comentarios de Medios&#13; 27 de Noviembre, 2006. &#13; \u201cLa verdad en un tiempo es error en otro\u201d.&#13; (Montesquieu) &#13; \u00a0 &#13; Marranzini, un error y una oportunidad &#13; Celso Marranzini, un l\u00edder empresarial que muestra consistencia y moderaci\u00f3n en sus planteamientos, tiene ese ojo de los analistas y estrategas que le permite percibir [&hellip;]<\/p>\n","protected":false},"author":3,"featured_media":0,"comment_status":"open","ping_status":"open","sticky":false,"template":"","format":"standard","meta":{"footnotes":""},"categories":[16],"tags":[],"class_list":["post-37663","post","type-post","status-publish","format-standard","hentry","category-opiniones"],"_links":{"self":[{"href":"https:\/\/diariodominicano.com\/index.php?rest_route=\/wp\/v2\/posts\/37663","targetHints":{"allow":["GET"]}}],"collection":[{"href":"https:\/\/diariodominicano.com\/index.php?rest_route=\/wp\/v2\/posts"}],"about":[{"href":"https:\/\/diariodominicano.com\/index.php?rest_route=\/wp\/v2\/types\/post"}],"author":[{"embeddable":true,"href":"https:\/\/diariodominicano.com\/index.php?rest_route=\/wp\/v2\/users\/3"}],"replies":[{"embeddable":true,"href":"https:\/\/diariodominicano.com\/index.php?rest_route=%2Fwp%2Fv2%2Fcomments&post=37663"}],"version-history":[{"count":0,"href":"https:\/\/diariodominicano.com\/index.php?rest_route=\/wp\/v2\/posts\/37663\/revisions"}],"wp:attachment":[{"href":"https:\/\/diariodominicano.com\/index.php?rest_route=%2Fwp%2Fv2%2Fmedia&parent=37663"}],"wp:term":[{"taxonomy":"category","embeddable":true,"href":"https:\/\/diariodominicano.com\/index.php?rest_route=%2Fwp%2Fv2%2Fcategories&post=37663"},{"taxonomy":"post_tag","embeddable":true,"href":"https:\/\/diariodominicano.com\/index.php?rest_route=%2Fwp%2Fv2%2Ftags&post=37663"}],"curies":[{"name":"wp","href":"https:\/\/api.w.org\/{rel}","templated":true}]}}