{"id":37660,"date":"2006-11-29T13:51:12","date_gmt":"2006-11-29T13:51:12","guid":{"rendered":"http:\/\/diariodominicano.ddns.net\/?p=37660"},"modified":"2006-11-29T13:51:12","modified_gmt":"2006-11-29T13:51:12","slug":"el-tiro-rapido-468","status":"publish","type":"post","link":"https:\/\/diariodominicano.com\/?p=37660","title":{"rendered":"EL TIRO RAPIDO"},"content":{"rendered":"<p><body><\/p>\n<p align=\"center\"><span class=\"titulogrande1\">EL TIRO RAPIDO<\/span><br \/>&#13;<br \/>\n  <br \/>&#13;<br \/>\n    <span class=\"textogrande\">de<br \/>&#13;<br \/>\n  Mario  Rivadulla<\/span><\/p>\n<p>&#13;<\/p>\n<p align=\"justify\" class=\"text1noticias\">Con un lenguaje mucho m\u00e0s adecuado y cort\u00e8s aunque no por  ello menos\u00a0 en\u00e9rgico,\u00a0 que el empleado de manera tan  inapropiada\u00a0 por el embajador Hans  Hertell en su comparecencia casi de despedida en el almuerzo mensual de\u00a0 la C\u00e0mara Americana  de Comercio, que lo ha tenido de invitado en varias ocasiones, nuestro  Canciller le ha llamado la atenci\u00f3n con oportunas precisiones.\u00a0 Somos muchos, dem\u00f3cratas a carta cabal, los  que pensamos que ya era hora.<\/p>\n<p>&#13;<\/p>\n<p align=\"justify\" class=\"text1noticias\">El se\u00f1or Hertell ha sido un apasionado defensor de los  intereses de su pa\u00ecs y sus connacionales aqu\u00ec.\u00a0  Es su deber y su derecho como su representante diplom\u00e1tico.\u00a0 Lo censurable es que en muchos casos lo ha  hecho en la forma menos diplom\u00e1tica.\u00a0  Comparadas con sus declaraciones y acciones, las de otros enviados  extranjeros no pasan de ser simples faltas veniales.<\/p>\n<p>&#13;<\/p>\n<p align=\"justify\" class=\"text1noticias\">De seguro que el se\u00f1or Hertell no falt\u00f2 a la verdad cuando  cit\u00f2 algunos de los males nacionales que m\u00e0s nos aquejan, como la  corrupci\u00f2n.\u00a0 \u00bfPero acaso hemos vivido  ignor\u00e1ndolos?\u00a0 \u00bfNo son aireados a diario  a trav\u00e8s de los medios de comunicaci\u00f3n y de los diferentes litorales de la  sociedad? \u00bfNo afirm\u00f2 el propio Presidente Fern\u00e1ndez que la corrupci\u00f2n  administrativa le costaba al pa\u00ecs 30 mil millones de pesos anuales, sin contar  el contrabando, la evasi\u00f3n impositiva y otras pr\u00e0cticas ilegales?  \u00bfNecesit\u00e1bamos acaso que el se\u00f1or Hertell nos descubriera o recordara que  nuestra Justicia es a veces tan lenta como, en ocasiones, la de su propia  naci\u00f2n?\u00a0 \u00bfLe correspond\u00eca hacerlo en un  escenario p\u00f9blico totalmente re\u00f1ido con la discreci\u00f3n y la pr\u00e0ctica  diplom\u00e1ticas?\u00a0 \u00bfEs parte de su misi\u00f2n  aqu\u00ec servir de censor imperial?<\/p>\n<p>&#13;<\/p>\n<p align=\"justify\" class=\"text1noticias\">\u00bfC\u00f2mo se sentir\u00eca el se\u00f1or Hertell y reaccionar\u00eca su  gobierno si nuestro embajador en Washington opinase en forma p\u00f9blica, con el  mismo sentido cr\u00ectico y usando igual lenguaje que lo hizo \u00e8l, sobre la  repudiada pol\u00edtica intervencionista de Busch en Irak, rechazada ya hoy hasta  por la mayor\u00eca del pueblo norteamericano que la sancion\u00f2 en las urnas no hace  tantos d\u00ecas?\u00a0 \u00bfSi recordara que su  gobierno us\u00f2 \u2013y termin\u00f2 por admitir\u2014informes enga\u00f1osos para justificar esa  invasi\u00f3n, que no ha acabado sino estimulado el terrorismo? \u00bfSi censurase los  recientes y denunciados esc\u00e0ndalos de corrupci\u00f2n por parte de figuras ligadas a  su gobierno?\u00a0 \u00bfO su desastrosa pol\u00edtica  hacia Am\u00e9rica Latina que le ha hecho perder simpat\u00ecas e influencia en la  regi\u00f2n?<\/p>\n<p>&#13;<\/p>\n<p align=\"justify\" class=\"text1noticias\">Pero donde al embajador Hertell se le fue definitivamente  el freno verbal y todo sentido de elemental discreci\u00f3n es al referirse al caso  de la inmigraci\u00f3n ilegal haitiana.\u00a0 Uno  que el propio Canciller de Hait\u00ec acaba de admitir como delicado, complejo, que  requiere tiempo y paciencia.\u00a0 Un asunto  de plena soberan\u00eca y pol\u00edtica de Estado donde media inclusive un fallo de  nuestra Suprema Corte de Justicia, al cual debe d\u00e1rsele mismo valor que los que  dicta la Corte  hom\u00f2loga de su propio pa\u00ecs, que sin embargo, el representante norteamericano  reduce festinadamente a la condici\u00f3n de un simple tr\u00e0mite administrativo  llegando al punto de ponerle una fecha tope de soluci\u00f2n, la que \u00e8l entiende  v\u00e0lida.<\/p>\n<p>&#13;<\/p>\n<p align=\"justify\" class=\"text1noticias\">\u00bfLe correspond\u00eca en buen ejercicio diplom\u00e1tico  incursionar, y menos a\u00f9n, trazar pautas sobre esa problem\u00e1tica?\u00a0 \u00bfTen\u00eca al menos endoso moral, cuando su  propio pa\u00ecs deport\u00f2 tan solo el pasado a\u00f1o 800 mil mexicanos  indocumentados?\u00a0 \u00bfCuando ha acordado  levantar un muro en la frontera con M\u00e9xico a un costo de 2 mil millones de  d\u00f3lares, los mismos que pidi\u00f3 a tiempo sin ser complacido, el Gobernador de  Luisiana para reforzar los diques que hubieran impedido la tragedia que casi  borra del mapa a la hermosa y tradicional Nueva Orle\u00e1ns? \u00bfEn momentos en que  hay Estados de la propia Uni\u00f3n donde se\u00a0  ha criminalizado la condici\u00f3n de inmigrante ilegal?<\/p>\n<p>&#13;<\/p>\n<p align=\"justify\" class=\"text1noticias\">Es cierto que la mano de obra haitiana representa un buen  aporte laboral a nuestra econom\u00eca.\u00a0 Pero  no se trata de un favor, sino de un toma y daca.\u00a0 Porque de no ser el desahogo que representa  para la superpoblada y sobreempobrecida Hait\u00ec la presencia en el pa\u00ecs de un  mill\u00f2n o m\u00e0s de sus naturales\u00a0 \u00bfno  resultar\u00eca mucho peor y m\u00e0s explosiva la situaci\u00f2n al otro lado de la  frontera?\u00a0 \u00bfAd\u00f2nde pudiera marchar esa  inmigraci\u00f3n de no ser aqu\u00ec?\u00a0 \u00bfAcaso a los  Estados Unidos,\u00a0 de donde los devuelven  en forma autom\u00e1tica y sin contemplaciones?\u00a0  \u00bfEs que el embajador Hertell estaba de broma o padec\u00eda de amnesia el d\u00eca  de su charla?\u00a0 <\/p>\n<p>&#13;<\/p>\n<p align=\"justify\" class=\"text1noticias\">Insistimos en que el se\u00f1or Hertell es un feroz defensor de  los intereses que representa. Tanto que a veces uno piensa que debi\u00e9ramos tener  algunos clones de \u00e8l en nuestro servicio diplom\u00e1tico, aunque de vez en cuando  cometan alguna impertinencia.\u00a0 Lo ha  hecho en este caso en que antes de ver la paja en el ojo del pa\u00ecs que lo ha  acogido por espacio de cinco a\u00f1os, debi\u00f3 revisar el ojo del suyo donde puede  que halle alguna viga.\u00a0 L\u00e0stima que lo  haya hecho de despedida.\u00a0 <br \/>&#13;<br \/>\n  <br \/>&#13;<br \/>\nPorque no nos  deja un buen recuerdo.<\/p>\n<p>&#13;<\/p>\n<h6> 2006-11-29 13:51:12 <\/h6>\n<p><!--\n<link rel=\"stylesheet\" href=\"css\/bootstrap.min.css\">\n\n\n<ul class=\"pagination\">\n\t    \n\t\n\n<li >\n\t<a href='?page_no=13399'>Previous<\/a>\n\t<\/li>\n\n\n       \n    \n\n<li><a href='?page_no=1'>1<\/a><\/li>\n\n\n\n<li><a href='?page_no=2'>2<\/a><\/li>\n\n\n\n<li><a>...<\/a><\/li>\n\n\n\n<li><a href='?page_no=13398'>13398<\/a><\/li>\n\n\n\n<li><a href='?page_no=13399'>13399<\/a><\/li>\n\n\n\n<li class='active'><a>13400<\/a><\/li>\n\n\n\n<li><a href='?page_no=13401'>13401<\/a><\/li>\n\n\n\n<li><a href='?page_no=13402'>13402<\/a><\/li>\n\n\n\n<li><a>...<\/a><\/li>\n\n\n\n<li><a href='?page_no=13611'>13611<\/a><\/li>\n\n\n\n<li><a href='?page_no=13612'>13612<\/a><\/li>\n\n    \n\t\n\n<li >\n\t<a href='?page_no=13401'>Next<\/a>\n\t<\/li>\n\n\n    \n\n<li><a href='?page_no=13612'>Last &rsaquo;&rsaquo;<\/a><\/li>\n\n<\/ul>\n\n\n--><br \/>\n<\/body><\/p>\n","protected":false},"excerpt":{"rendered":"<p>EL TIRO RAPIDO&#13; &#13; de&#13; Mario Rivadulla &#13; Con un lenguaje mucho m\u00e0s adecuado y cort\u00e8s aunque no por ello menos\u00a0 en\u00e9rgico,\u00a0 que el empleado de manera tan inapropiada\u00a0 por el embajador Hans Hertell en su comparecencia casi de despedida en el almuerzo mensual de\u00a0 la C\u00e0mara Americana de Comercio, que lo ha tenido de [&hellip;]<\/p>\n","protected":false},"author":3,"featured_media":0,"comment_status":"open","ping_status":"open","sticky":false,"template":"","format":"standard","meta":{"footnotes":""},"categories":[16],"tags":[],"class_list":["post-37660","post","type-post","status-publish","format-standard","hentry","category-opiniones"],"_links":{"self":[{"href":"https:\/\/diariodominicano.com\/index.php?rest_route=\/wp\/v2\/posts\/37660","targetHints":{"allow":["GET"]}}],"collection":[{"href":"https:\/\/diariodominicano.com\/index.php?rest_route=\/wp\/v2\/posts"}],"about":[{"href":"https:\/\/diariodominicano.com\/index.php?rest_route=\/wp\/v2\/types\/post"}],"author":[{"embeddable":true,"href":"https:\/\/diariodominicano.com\/index.php?rest_route=\/wp\/v2\/users\/3"}],"replies":[{"embeddable":true,"href":"https:\/\/diariodominicano.com\/index.php?rest_route=%2Fwp%2Fv2%2Fcomments&post=37660"}],"version-history":[{"count":0,"href":"https:\/\/diariodominicano.com\/index.php?rest_route=\/wp\/v2\/posts\/37660\/revisions"}],"wp:attachment":[{"href":"https:\/\/diariodominicano.com\/index.php?rest_route=%2Fwp%2Fv2%2Fmedia&parent=37660"}],"wp:term":[{"taxonomy":"category","embeddable":true,"href":"https:\/\/diariodominicano.com\/index.php?rest_route=%2Fwp%2Fv2%2Fcategories&post=37660"},{"taxonomy":"post_tag","embeddable":true,"href":"https:\/\/diariodominicano.com\/index.php?rest_route=%2Fwp%2Fv2%2Ftags&post=37660"}],"curies":[{"name":"wp","href":"https:\/\/api.w.org\/{rel}","templated":true}]}}