{"id":37658,"date":"2020-07-27T00:58:20","date_gmt":"2020-07-27T00:58:20","guid":{"rendered":"http:\/\/diariodominicano.ddns.net\/?p=37658"},"modified":"2020-07-27T00:58:20","modified_gmt":"2020-07-27T00:58:20","slug":"no-he-visto-un-leonelista-llorar","status":"publish","type":"post","link":"https:\/\/diariodominicano.com\/?p=37658","title":{"rendered":"\u00a1No he visto un leonelista llorar!"},"content":{"rendered":"<p><body><\/p>\n<p><strong>\u00a1No he visto un leonelista llorar!<\/strong><\/p>\n<p><strong>Franklin Almeyda Rancier <\/strong><\/p>\n<\/p>\n<p>Se dieron dos procesos paralelos simult\u00e1neamente, el de jornadas y convulsiones pol\u00edticas con objetivos trascendentes y el otro proceso la competencia electoral. Eran dos procesos que en la percepci\u00f3n general se mezclaban, pero eran diferentes aunque a veces se confund\u00edan.<\/p>\n<p>El l\u00edder pol\u00edtico, con perfil de Estado e hist\u00f3rico, no se deja confundir y tendr\u00e1 como prevaleciente y determinante el proceso pol\u00edtico. El electoral adquiere la misma categor\u00eda cuando se sit\u00faa parejo y fortalece al proceso pol\u00edtico.<\/p>\n<\/p>\n<p>Sacrificar el proceso pol\u00edtico a cambio de llegar a ser presidente o sacrificar el ser presidente para no abandonar una causa que descansa en el proceso pol\u00edtico, es una alternativa que diferencia el tipo de liderazgo; el primero es con una premisa de ganar y s\u00f3lo ganar; el segundo asume lo trascendente en beneficio de la gobernabilidad, progreso y bienestar de la poblaci\u00f3n.<\/p>\n<\/p>\n<p>Jugar al mismo tiempo los dos papeles, el electoral y el pol\u00edtico, si no pueden conjugarse constituye un gran desaf\u00edo. Leonel lo sab\u00eda, por lo que fue conjugando ambos roles, hasta el momento en que era inevitable arriesgarse a perder y no ganar sin decoro y atado.<\/p>\n<\/p>\n<p>Como l\u00edder pol\u00edtico le dio sentido de participaci\u00f3n a una poblaci\u00f3n joven que reclam\u00f3 respetar las normas constitucionales que marcan un r\u00e9gimen social, democr\u00e1tico y de derechos, y que establecen l\u00edmites en el mandato y ejercicio del poder. Esos j\u00f3venes se fueron a la Plaza de la Bandera y se vistieron con los colores y s\u00edmbolos patrios, reclamando respeto a los derechos, a la equidad, a la institucionalidad del Estado y, de forma espec\u00edfica, a la funcionalidad y eficiencia de la JCE.<\/p>\n<\/p>\n<p>Lo que se pretendi\u00f3 descalificar como una lucha interna en el partido de gobierno, pas\u00f3 a ser una jornada nacional asumida por el pa\u00eds, protagonizada por los j\u00f3venes y sustentada por Leonel, para evitar la instauraci\u00f3n continuada de un gobernante omnipotente y violador de ese Estado social, democr\u00e1tico y de derecho.<\/p>\n<\/p>\n<p>Todas las escaramuzas realizadas desde el gobierno para volver a tocar la Constituci\u00f3n, como lo hizo en el 2015 para reelegirse en el 2016, y volver hacerlo ahora en el 2020, fueron desmontadas. Las manipulaciones para desnaturalizar la Ley de Partidos y la complicidad y tolerancia de la JCE, situ\u00e1ndose junto al gobierno, de nada sirvieron.<\/p>\n<\/p>\n<p>Esa complicidad s\u00f3lo sirvi\u00f3 para montar un fraude en las primarias de octubre y que, al intentar repetirlo en las elecciones municipales de febrero, hizo abortar esos comicios. Previamente el IFES hab\u00eda colocado 9 capas de seguridad al sistema electr\u00f3nico y eso provoc\u00f3 el aborto. Luego, la OEA audit\u00f3 lo sucedido y localiz\u00f3 21 hallazgos o delitos electorales y de alta tecnolog\u00eda.<\/p>\n<\/p>\n<p>La jornada pol\u00edtica-electoral se centr\u00f3 en un grito de guerra, Leonel la lanz\u00f3 \u00abe?pa fuera que van\u00bb; Johnny Ventura la musicaliz\u00f3 \u00abse van\u00bb. Finalmente fueron los resultados, se van y la Fuerza del Pueblo surge como uno de los partidos mayoritarios y \u00e9ticamente diferenciado de lo que dej\u00f3 atr\u00e1s.<\/p>\n<\/p>\n<p>No he visto un leonelista llorar porque no gan\u00f3 Leonel; m\u00e1s bien, dispuestos a construir su partido. En cambio, el que ha ganado se muestra torpe integrando un gobierno atado con grupos empresariales y no con su propia base ni con una poblaci\u00f3n que espera pluralidad y no compromisos con pol\u00edticas neoliberales.<\/p>\n<h6> 2020-07-27 00:58:20 <\/h6>\n<p><!--\n<link rel=\"stylesheet\" href=\"css\/bootstrap.min.css\">\n\n\n<ul class=\"pagination\">\n\t    \n\t\n\n<li >\n\t<a href='?page_no=133'>Previous<\/a>\n\t<\/li>\n\n\n       \n    \n\n<li><a href='?page_no=1'>1<\/a><\/li>\n\n\n\n<li><a href='?page_no=2'>2<\/a><\/li>\n\n\n\n<li><a>...<\/a><\/li>\n\n\n\n<li><a href='?page_no=132'>132<\/a><\/li>\n\n\n\n<li><a href='?page_no=133'>133<\/a><\/li>\n\n\n\n<li class='active'><a>134<\/a><\/li>\n\n\n\n<li><a href='?page_no=135'>135<\/a><\/li>\n\n\n\n<li><a href='?page_no=136'>136<\/a><\/li>\n\n\n\n<li><a>...<\/a><\/li>\n\n\n\n<li><a href='?page_no=13611'>13611<\/a><\/li>\n\n\n\n<li><a href='?page_no=13612'>13612<\/a><\/li>\n\n    \n\t\n\n<li >\n\t<a href='?page_no=135'>Next<\/a>\n\t<\/li>\n\n\n    \n\n<li><a href='?page_no=13612'>Last &rsaquo;&rsaquo;<\/a><\/li>\n\n<\/ul>\n\n\n--><br \/>\n<\/body><\/p>\n","protected":false},"excerpt":{"rendered":"<p>\u00a1No he visto un leonelista llorar! Franklin Almeyda Rancier Se dieron dos procesos paralelos simult\u00e1neamente, el de jornadas y convulsiones pol\u00edticas con objetivos trascendentes y el otro proceso la competencia electoral. Eran dos procesos que en la percepci\u00f3n general se mezclaban, pero eran diferentes aunque a veces se confund\u00edan. El l\u00edder pol\u00edtico, con perfil de [&hellip;]<\/p>\n","protected":false},"author":3,"featured_media":0,"comment_status":"open","ping_status":"open","sticky":false,"template":"","format":"standard","meta":{"footnotes":""},"categories":[16],"tags":[],"class_list":["post-37658","post","type-post","status-publish","format-standard","hentry","category-opiniones"],"_links":{"self":[{"href":"https:\/\/diariodominicano.com\/index.php?rest_route=\/wp\/v2\/posts\/37658","targetHints":{"allow":["GET"]}}],"collection":[{"href":"https:\/\/diariodominicano.com\/index.php?rest_route=\/wp\/v2\/posts"}],"about":[{"href":"https:\/\/diariodominicano.com\/index.php?rest_route=\/wp\/v2\/types\/post"}],"author":[{"embeddable":true,"href":"https:\/\/diariodominicano.com\/index.php?rest_route=\/wp\/v2\/users\/3"}],"replies":[{"embeddable":true,"href":"https:\/\/diariodominicano.com\/index.php?rest_route=%2Fwp%2Fv2%2Fcomments&post=37658"}],"version-history":[{"count":0,"href":"https:\/\/diariodominicano.com\/index.php?rest_route=\/wp\/v2\/posts\/37658\/revisions"}],"wp:attachment":[{"href":"https:\/\/diariodominicano.com\/index.php?rest_route=%2Fwp%2Fv2%2Fmedia&parent=37658"}],"wp:term":[{"taxonomy":"category","embeddable":true,"href":"https:\/\/diariodominicano.com\/index.php?rest_route=%2Fwp%2Fv2%2Fcategories&post=37658"},{"taxonomy":"post_tag","embeddable":true,"href":"https:\/\/diariodominicano.com\/index.php?rest_route=%2Fwp%2Fv2%2Ftags&post=37658"}],"curies":[{"name":"wp","href":"https:\/\/api.w.org\/{rel}","templated":true}]}}