{"id":37656,"date":"2006-11-30T13:34:56","date_gmt":"2006-11-30T13:34:56","guid":{"rendered":"http:\/\/diariodominicano.ddns.net\/?p=37656"},"modified":"2006-11-30T13:34:56","modified_gmt":"2006-11-30T13:34:56","slug":"de-domingo-a-domingo","status":"publish","type":"post","link":"https:\/\/diariodominicano.com\/?p=37656","title":{"rendered":"De domingo a domingo:"},"content":{"rendered":"<p><body><\/p>\n<p align=\"center\"><span class=\"titulogrande1\"><strong><em>De domingo a domingo:<\/em><\/strong><br \/>&#13;<br \/>\n<\/span><br \/>&#13;<br \/>\n<strong>\u00a0Ecuador y  Venezuela:<\/strong><br \/>&#13;<br \/>\n    <br \/>&#13;<br \/>\n    <strong>\u00a1Crece la ola de cambios!<\/strong><\/p>\n<p>&#13;<\/p>\n<p align=\"center\" class=\"textogrande\"><strong>Por Narciso Isa Conde<\/strong><\/p>\n<p>&#13;<\/p>\n<p align=\"justify\" class=\"text1noticias\">Si la victoria de Rafael Correa y  la Alianza Pa\u00eds  parec\u00eda dif\u00edcil en primera instancia fue porque en primera vuelta el voto  anti-derecha, anti-oligarqu\u00eda, anti-Bush\u2026estaba parcialmente dividido.<\/p>\n<p>&#13;<\/p>\n<p align=\"justify\" class=\"text1noticias\">En segunda vuelta prim\u00f3 el sano  temor a la conversi\u00f3n del Ecuador en una hacienda o empresa bajo control  privado y bajo tutela absoluta de los halcones de Washington. La hacienda de  mister Noboa y mister Bush o la maquila de ellos y sus asociados en esa perversa  sociedad.<\/p>\n<p>&#13;<\/p>\n<p align=\"justify\" class=\"text1noticias\">Prim\u00f3 del inter\u00e9s del cambio al  margen de quien lo encabezara. Y ciertamente Rafael Correa hab\u00eda formulado  compromisos muy serios frente a transformaciones muy serias: justa distribuci\u00f3n  de la renta petrolera, cero neoliberalismos, no TLC, no base militar estadounidense  en Manta, no FMI, no Banco Mundial, programa de desarrollo agropecuario e  industrial, distancia frente al Plan Colombia, defensa de los emigrantes, rescate  de la soberan\u00eda, amistad con Ch\u00e1vez y Cuba, discurso anticapitalista y defensa  del proyecto socialita del Siglo XXI.<\/p>\n<p>&#13;<\/p>\n<p align=\"justify\" class=\"text1noticias\">Podr\u00eda decirse que \u00e9stas son \u00a0solo palabras y ciertamente nadie deber\u00eda alarmarse  porque surja la duda y la desconfianza en un pa\u00eds donde Lucio Guti\u00e9rrez hizo lo  que hizo, retrasando las posibilidades de un proyecto alternativo,  evidentemente anhelado por una gran parte de la sociedad.<\/p>\n<p>&#13;<\/p>\n<p align=\"justify\" class=\"text1noticias\">De todas maneras fueron palabras mucho mejor  articuladas y mucho m\u00e1s comprometedoras, generadoras de una conciencia  transformadora m\u00e1s extensa y m\u00e1s profunda que las creadas en campa\u00f1as  anteriores.<\/p>\n<p>&#13;<\/p>\n<p align=\"justify\" class=\"text1noticias\">Palabras que de no cumplirse pulverizan en  poco tiempo cualquier liderazgo, sobre todo en las actuales condiciones del  Ecuador.<\/p>\n<p>&#13;<\/p>\n<p align=\"justify\" class=\"text1noticias\">Por eso no tengo duda de que esa victoria ha  sido tremendamente positiva, evidenciando, nueva vez, la potencia de la ola  transformadora continental.<\/p>\n<p>&#13;<\/p>\n<p align=\"justify\" class=\"text1noticias\">Una ola en ascenso y expansi\u00f3n, cuyos ritmos  y obst\u00e1culos var\u00edan. Tambi\u00e9n sus profundidades. Pero ya sea en \u201crodillos\u201d a  veces, ya sea en tractores en otras, ya en autobuses, o en autom\u00f3viles de alta  velocidad, no se detiene. Avanza, crece, se multiplica.<\/p>\n<p>&#13;<\/p>\n<p align=\"justify\" class=\"text1noticias\">Un gran aliento para la Venezuela bolivariana.<\/p>\n<p>&#13;<\/p>\n<p align=\"justify\" class=\"text1noticias\">Un est\u00edmulo para las fuerzas del cambio en  Colombia, reforzado por el compromiso expreso del presidente electo Rafael Correa  de no aceptar el calificativo de \u201cterroristas\u201d contra las FARC y no favorecer  el Plan Colombia de Bush y Uribe, a todas luces dirigido contra toda la  soberan\u00eda de la regi\u00f3n amaz\u00f3nica.<\/p>\n<p>&#13;<\/p>\n<p align=\"justify\" class=\"text1noticias\">En el Ecuador existe un gran sentimiento de  amistad hacia el pueblo colombiano, y un gran respeto y admiraci\u00f3n hacia su  insurgencia armada y hacia todas las fuerzas pol\u00edticas y sociales del cambio.<\/p>\n<p>&#13;<\/p>\n<p align=\"justify\" class=\"text1noticias\">Esa realidad \u2013y convicciones bien firmes-  explican ese paso audaz de diferenciaci\u00f3n respecto a los promotores del estigma  y el descr\u00e9dito contra la heroica FARC<\/p>\n<p>&#13;<\/p>\n<p align=\"justify\" class=\"text1noticias\">Un aporte de inconmensurable valor. Un gesto  de vanguardia que debe expandirse en toda Am\u00e9rica, fortalecerse en Venezuela,  en Brasil, en Uruguay, en Cuba\u2026; asumirse desde todas las fuerzas progresistas  y revolucionarias del continente y el mundo.<\/p>\n<p>&#13;<\/p>\n<p align=\"justify\" class=\"text1noticias\">El persistente movimiento revolucionario  colombiano, acosado tenazmente y agresivamente por el nuevo imperialismo,  necesita m\u00e1s ox\u00edgeno, mayores espacios, mayor solidaridad. Y la actitud de  Rafael Correa y la Alianza Pa\u00eds,  apunta en esa buena direcci\u00f3n. Imitarla es cuesti\u00f3n de honor y justicia.<\/p>\n<p>&#13;<\/p>\n<p align=\"justify\" class=\"text1noticias\">Si antes no hab\u00eda dudas sobre la inminente  reelecci\u00f3n de Ch\u00e1vez, despu\u00e9s de lo acaecido en el Ecuador, se fortalece la  tendencia no solo a ganar sino arrollar.<\/p>\n<p>&#13;<\/p>\n<p align=\"justify\" class=\"text1noticias\">Nuestra Am\u00e9rica, en fin de cuenta es una y el  destino de uno influye sobre los dem\u00e1s, m\u00e1s cuando la cercan\u00eda es tal.<\/p>\n<p>&#13;<\/p>\n<p align=\"justify\" class=\"text1noticias\">El proceso hacia la revoluci\u00f3n en Venezuela  fortaleci\u00f3 las corrientes por el cambio en el Ecuador y el cambio en el Ecuador  impacta positivamente la campa\u00f1a electoral bolivariana y todos los procesos de  acumulaci\u00f3n de fuerzas transformadoras en nuestra Am\u00e9rica.<\/p>\n<p>&#13;<\/p>\n<p align=\"justify\" class=\"text1noticias\">A Cuba nadie pod\u00eda pedirle m\u00e1s que el inmenso  aporte de su resistencia digna y heroica. Y ciertamente ha dado mucho m\u00e1s que  eso como parte de este maravilloso \u201ceje del mal\u201d.<\/p>\n<p>&#13;<\/p>\n<p align=\"justify\" class=\"text1noticias\">Ecuador tiene todas las condiciones para  entrar en un proceso de acompa\u00f1amiento de Venezuela, Cuba y Bolivia, como parte  de la parte m\u00e1s avanzada de los gobiernos montados sobre esta nueva ola  transformadora regional.<\/p>\n<p>&#13;<\/p>\n<p align=\"justify\" class=\"text1noticias\">El ALBA tiende a crecer y el Bloque Regional  del Poder Popular por igual.<\/p>\n<p>&#13;<\/p>\n<p align=\"justify\" class=\"text1noticias\">La Coordinadora Continental Bolivariana (CCB), que  con tanta persistencia ha defendido la necesidad de expandir la oleada y  articular sus fuerzas de vanguardia, tiene ahora m\u00e1s razones y posibilidades para  avanzar en esa direcci\u00f3n.<\/p>\n<p>&#13;<\/p>\n<p align=\"justify\" class=\"text1noticias\">La victoria del pasado domingo en  Ecuador habr\u00e1 de ser reforzada por la de este domingo 3 de diciembre en  Venezuela, llamada a desbrozar el camino del tr\u00e1nsito a la sociedad pos-neoliberal,  de profunda esencia antiimperialista y anticapitalista; el transito  pos-neoliberal hacia el socialismo del siglo XXI, hacia el nuevo socialismo que  estamos en el deber de recrear con pensamiento y con acciones.<\/p>\n<p>&#13;<\/p>\n<p align=\"justify\" class=\"text1noticias\">Pero no hay que dormirse en los  laureles. El imperio decadente, pentagonizado y herido habr\u00e1 de desplegar  sucesivas contraofensivas que habr\u00e1 que derrotar. Una por una \u00a1TODAS!<\/p>\n<p>&#13;<\/p>\n<h6> 2006-11-30 13:34:56 <\/h6>\n<p><!--\n<link rel=\"stylesheet\" href=\"css\/bootstrap.min.css\">\n\n\n<ul class=\"pagination\">\n\t    \n\t\n\n<li >\n\t<a href='?page_no=13397'>Previous<\/a>\n\t<\/li>\n\n\n       \n    \n\n<li><a href='?page_no=1'>1<\/a><\/li>\n\n\n\n<li><a href='?page_no=2'>2<\/a><\/li>\n\n\n\n<li><a>...<\/a><\/li>\n\n\n\n<li><a href='?page_no=13396'>13396<\/a><\/li>\n\n\n\n<li><a href='?page_no=13397'>13397<\/a><\/li>\n\n\n\n<li class='active'><a>13398<\/a><\/li>\n\n\n\n<li><a href='?page_no=13399'>13399<\/a><\/li>\n\n\n\n<li><a href='?page_no=13400'>13400<\/a><\/li>\n\n\n\n<li><a>...<\/a><\/li>\n\n\n\n<li><a href='?page_no=13611'>13611<\/a><\/li>\n\n\n\n<li><a href='?page_no=13612'>13612<\/a><\/li>\n\n    \n\t\n\n<li >\n\t<a href='?page_no=13399'>Next<\/a>\n\t<\/li>\n\n\n    \n\n<li><a href='?page_no=13612'>Last &rsaquo;&rsaquo;<\/a><\/li>\n\n<\/ul>\n\n\n--><br \/>\n<\/body><\/p>\n","protected":false},"excerpt":{"rendered":"<p>De domingo a domingo:&#13; &#13; \u00a0Ecuador y Venezuela:&#13; &#13; \u00a1Crece la ola de cambios! &#13; Por Narciso Isa Conde &#13; Si la victoria de Rafael Correa y la Alianza Pa\u00eds parec\u00eda dif\u00edcil en primera instancia fue porque en primera vuelta el voto anti-derecha, anti-oligarqu\u00eda, anti-Bush\u2026estaba parcialmente dividido. &#13; En segunda vuelta prim\u00f3 el sano temor [&hellip;]<\/p>\n","protected":false},"author":3,"featured_media":0,"comment_status":"open","ping_status":"open","sticky":false,"template":"","format":"standard","meta":{"footnotes":""},"categories":[16],"tags":[],"class_list":["post-37656","post","type-post","status-publish","format-standard","hentry","category-opiniones"],"_links":{"self":[{"href":"https:\/\/diariodominicano.com\/index.php?rest_route=\/wp\/v2\/posts\/37656","targetHints":{"allow":["GET"]}}],"collection":[{"href":"https:\/\/diariodominicano.com\/index.php?rest_route=\/wp\/v2\/posts"}],"about":[{"href":"https:\/\/diariodominicano.com\/index.php?rest_route=\/wp\/v2\/types\/post"}],"author":[{"embeddable":true,"href":"https:\/\/diariodominicano.com\/index.php?rest_route=\/wp\/v2\/users\/3"}],"replies":[{"embeddable":true,"href":"https:\/\/diariodominicano.com\/index.php?rest_route=%2Fwp%2Fv2%2Fcomments&post=37656"}],"version-history":[{"count":0,"href":"https:\/\/diariodominicano.com\/index.php?rest_route=\/wp\/v2\/posts\/37656\/revisions"}],"wp:attachment":[{"href":"https:\/\/diariodominicano.com\/index.php?rest_route=%2Fwp%2Fv2%2Fmedia&parent=37656"}],"wp:term":[{"taxonomy":"category","embeddable":true,"href":"https:\/\/diariodominicano.com\/index.php?rest_route=%2Fwp%2Fv2%2Fcategories&post=37656"},{"taxonomy":"post_tag","embeddable":true,"href":"https:\/\/diariodominicano.com\/index.php?rest_route=%2Fwp%2Fv2%2Ftags&post=37656"}],"curies":[{"name":"wp","href":"https:\/\/api.w.org\/{rel}","templated":true}]}}