{"id":37655,"date":"2006-11-30T13:40:09","date_gmt":"2006-11-30T13:40:09","guid":{"rendered":"http:\/\/diariodominicano.ddns.net\/?p=37655"},"modified":"2006-11-30T13:40:09","modified_gmt":"2006-11-30T13:40:09","slug":"las-principales-en-teledebate-153","status":"publish","type":"post","link":"https:\/\/diariodominicano.com\/?p=37655","title":{"rendered":"LAS PRINCIPALES EN TELEDEBATE"},"content":{"rendered":"<p><body><\/p>\n<p align=\"justify\"><span class=\"titulogrande1\">LAS PRINCIPALES EN TELEDEBATE<\/span><br \/>&#13;<br \/>\n  <br \/>&#13;<br \/>\n    <span class=\"textogrande\">Martes 28,11,06<\/span><br \/>&#13;<br \/>\n  <br \/>&#13;<br \/>\n  <span class=\"text1noticias\">UNA DECISI\u00d3N SALUDABLE. Aunque todav\u00eca no se ha  producido un anuncio oficial, todo parece indicar que el proyecto fiscal del  gobierno excluir\u00e0 del ITBIs los siete productos b\u00e1sicos de la canasta familiar,  incluyendo caf\u00e9, chocolate y az\u00facar, que ser\u00ecan gravados en el proyecto  original.\u00a0 Sin\u00a0 dudas, una decisi\u00f2n muy saludable para la  econom\u00eda popular.<\/span><\/p>\n<p>&#13;<\/p>\n<p align=\"justify\" class=\"text1noticias\">LA VERSI\u00d3N FINAL.\u00a0 Falta ahora que se produzca el anuncio formal  de la versi\u00f3n final del proyecto que ser\u00e0 enviado al Congreso a fin de conocer  al detalle qu\u00e8 otros renglones ser\u00e0n definitivamente gravados y los efectos que  pudieran tener sobre la econom\u00eda en general.\u00a0  Sin confirmaci\u00f3n, se mencionan los combustibles, la propiedad suntuaria  y los autom\u00f3viles de lujo.<\/p>\n<p>&#13;<\/p>\n<p align=\"justify\" class=\"text1noticias\">LA ENCUESTA GALLUP. La segunda entrega de la  encuesta Gallup arroja un 74 porciento de personas que consideran que la  reforma afectar\u00e0 m\u00e0s a los pobres que a los ricos y que un 52 porciento no cree  que el gobierno se pondr\u00e0 un cintur\u00f3n de austeridad.\u00a0 Es posible que esa percepci\u00f3n cambie despu\u00e8s  que el gobierno anuncie de manera oficial que productos de la canasta b\u00e1sica no  ser\u00e0n incluidos en el pago del ITBIS.<\/p>\n<p>&#13;<\/p>\n<p align=\"justify\" class=\"text1noticias\">\u00bfREDUCCI\u00d3N DE ALTOS SUELDOS? Hoy el List\u00ecn se\u00f1ala  que habr\u00e0 una reducci\u00f3n de los sueldos de los altos funcionarios durante el  2007.\u00a0 Ser\u00eca una buena se\u00f1al para  empezar.\u00a0 Pero insistimos en que el  gobierno debe asumir el plan de austeridad y ahorro anunciado por el Presidente  Fern\u00e1ndez con medidas muy concretas y que sean f\u00e1cilmente percibidas por la  poblaci\u00f3n.<\/p>\n<p>&#13;<\/p>\n<p align=\"justify\" class=\"text1noticias\">UNA CULTURA DE AHORRO. No basta sin embargo que el  gobierno reduzca sus gastos.\u00a0 Es preciso  que promueva una cultura nacional de ahorro.\u00a0  El pa\u00ecs no produce petr\u00f3leo.\u00a0 Y  los aumentos de los combustibles han demostrado ser insuficiente argumento para  reducir su consumo.\u00a0 Hay que adoptar  otras disposiciones m\u00e0s efectivas.\u00a0 No  podemos seguir d\u00e1ndonos el lujo de ser un pa\u00ecs pobre con \u00ednfulas de rico.<\/p>\n<p>&#13;<\/p>\n<p align=\"justify\" class=\"text1noticias\">NO CARECEN DE NACIONALIDAD. Muy precisa la  declaraci\u00f3n del nuevo Presidente de la Junta Central Electoral de que el organismo no  inscribir\u00e0 como dominicanos a hijos de ilegales haitianos. Como bien expresa y  admiti\u00f2 recientemente el propio Canciller de Hait\u00ec, su Constituci\u00f3n los  considera nacionales haitianos sin importar donde hayan nacido.\u00a0 Por es por tanto cierto que carezcan de  nacionalidad.\u00a0 Basta con que se inscriban  en los consulados de Hait\u00ec en el pa\u00ecs.<\/p>\n<p>&#13;<\/p>\n<p align=\"justify\" class=\"text1noticias\">UN DERECHO DE SOBERANIA.\u00a0 Lo anterior no puede considerarse como un  acto de discrimen contra los naturales del infortunado vecino residentes aqu\u00ec  en condici\u00f3n de indocumentados.\u00a0 Una vez  registrados como haitianos pueden d\u00e1rseles las facilidades para que legalicen  su situaci\u00f2n en el pa\u00ecs.\u00a0\u00a0 Pero  insistimos que otorgar la nacionalidad es un derecho soberano de todo Estado,  m\u00e0s en este caso en que existe una sentencia aclaratoria\u00a0 de la Suprema Corte.<\/p>\n<p>&#13;<\/p>\n<p align=\"justify\" class=\"text1noticias\">UNO NO EXCLUYE LO OTRO.\u00a0 El hecho de que el fiscal adjunto de Sos\u00f9a  Te\u00f2dulo P\u00e9\u00f1alo estuviese siendo investigado por presuntos actos de extorsi\u00f3n,  a\u00f9n cuando existan elementos probatorios concluyentes como se\u00f1alan las  autoridades, no excusa ni excluye el que se llevan a cabo de manera exhaustiva  las investigaciones sobre la forma en que perdi\u00f2 la vida. Esto as\u00ec,\u00a0 para establecer si las autoridades actuaron correctamente  o en forma excesiva.<\/p>\n<p>&#13;<\/p>\n<p align=\"justify\" class=\"text1noticias\">PLD: PROPUESTAS SENSATAS.\u00a0 Danilo Medina se pronunci\u00f2 fuertemente en  Santiago contra la posible aspiraci\u00f2n reeleccionista del Presidente Leonel  Fern\u00e1ndez.\u00a0 Muy sensatas las propuestas  de Reinaldo Pared P\u00e9rez, C\u00e8sar Pina Toribio y Luis Manuel Bonetti de que se re\u00f9na  el Comit\u00e8 Pol\u00edtico del PLD para analizar la situaci\u00f2n antes de que se encienda  el debate y la agrupaci\u00f3n oficialista reduzca la brecha que la ha diferenciado  del PRD y el PRSC al manejar sus crisis internas.<\/p>\n<p>&#13;<\/p>\n<p align=\"justify\" class=\"text1noticias\">RESISTENCIA INEXPLICABLE.\u00a0 El director del DEPRECO ha advertido que  pudiera usar la fuerza p\u00f9blica para obligar a que comparezcan ante \u00e8l,\u00a0 cuatro funcionarios de nivel de la Secretar\u00eca de Estado de  Finanzas para ser interrogados en torno al esc\u00e0ndalo de las pensiones en esa  dependencia que han ignorado la convocatoria.\u00a0  Si no la deben, \u00bfa qu\u00e8 esa resistencia que autom\u00e1ticamente los convierte  en sospechosos a los ojos del DEPRECO y consideraci\u00f3n de muchos?<\/p>\n<p>&#13;<\/p>\n<p align=\"justify\" class=\"text1noticias\">BIEN POR INDOTEL:\u00a0  Muy estimulante la decisi\u00f2n de INDOTEL de elaborar un reglamento que  preserve los derechos de los usuarios frente a posible publicidad enga\u00f1osa y  otras malas pr\u00e0cticas por parte de empresas prestadoras de servicios de  comunicaci\u00f3n.\u00a0 Ya era hora de que alguien  se ocupara de los muchas veces maltratados usuarios.\u00a0 Bien por el amigo Jos\u00e8 Rafael Vargas.<\/p>\n<p>&#13;<\/p>\n<h6> 2006-11-30 13:40:09 <\/h6>\n<p><!--\n<link rel=\"stylesheet\" href=\"css\/bootstrap.min.css\">\n\n\n<ul class=\"pagination\">\n\t    \n\t\n\n<li >\n\t<a href='?page_no=13396'>Previous<\/a>\n\t<\/li>\n\n\n       \n    \n\n<li><a href='?page_no=1'>1<\/a><\/li>\n\n\n\n<li><a href='?page_no=2'>2<\/a><\/li>\n\n\n\n<li><a>...<\/a><\/li>\n\n\n\n<li><a href='?page_no=13395'>13395<\/a><\/li>\n\n\n\n<li><a href='?page_no=13396'>13396<\/a><\/li>\n\n\n\n<li class='active'><a>13397<\/a><\/li>\n\n\n\n<li><a href='?page_no=13398'>13398<\/a><\/li>\n\n\n\n<li><a href='?page_no=13399'>13399<\/a><\/li>\n\n\n\n<li><a>...<\/a><\/li>\n\n\n\n<li><a href='?page_no=13611'>13611<\/a><\/li>\n\n\n\n<li><a href='?page_no=13612'>13612<\/a><\/li>\n\n    \n\t\n\n<li >\n\t<a href='?page_no=13398'>Next<\/a>\n\t<\/li>\n\n\n    \n\n<li><a href='?page_no=13612'>Last &rsaquo;&rsaquo;<\/a><\/li>\n\n<\/ul>\n\n\n--><br \/>\n<\/body><\/p>\n","protected":false},"excerpt":{"rendered":"<p>LAS PRINCIPALES EN TELEDEBATE&#13; &#13; Martes 28,11,06&#13; &#13; UNA DECISI\u00d3N SALUDABLE. Aunque todav\u00eca no se ha producido un anuncio oficial, todo parece indicar que el proyecto fiscal del gobierno excluir\u00e0 del ITBIs los siete productos b\u00e1sicos de la canasta familiar, incluyendo caf\u00e9, chocolate y az\u00facar, que ser\u00ecan gravados en el proyecto original.\u00a0 Sin\u00a0 dudas, una [&hellip;]<\/p>\n","protected":false},"author":3,"featured_media":0,"comment_status":"open","ping_status":"open","sticky":false,"template":"","format":"standard","meta":{"footnotes":""},"categories":[16],"tags":[],"class_list":["post-37655","post","type-post","status-publish","format-standard","hentry","category-opiniones"],"_links":{"self":[{"href":"https:\/\/diariodominicano.com\/index.php?rest_route=\/wp\/v2\/posts\/37655","targetHints":{"allow":["GET"]}}],"collection":[{"href":"https:\/\/diariodominicano.com\/index.php?rest_route=\/wp\/v2\/posts"}],"about":[{"href":"https:\/\/diariodominicano.com\/index.php?rest_route=\/wp\/v2\/types\/post"}],"author":[{"embeddable":true,"href":"https:\/\/diariodominicano.com\/index.php?rest_route=\/wp\/v2\/users\/3"}],"replies":[{"embeddable":true,"href":"https:\/\/diariodominicano.com\/index.php?rest_route=%2Fwp%2Fv2%2Fcomments&post=37655"}],"version-history":[{"count":0,"href":"https:\/\/diariodominicano.com\/index.php?rest_route=\/wp\/v2\/posts\/37655\/revisions"}],"wp:attachment":[{"href":"https:\/\/diariodominicano.com\/index.php?rest_route=%2Fwp%2Fv2%2Fmedia&parent=37655"}],"wp:term":[{"taxonomy":"category","embeddable":true,"href":"https:\/\/diariodominicano.com\/index.php?rest_route=%2Fwp%2Fv2%2Fcategories&post=37655"},{"taxonomy":"post_tag","embeddable":true,"href":"https:\/\/diariodominicano.com\/index.php?rest_route=%2Fwp%2Fv2%2Ftags&post=37655"}],"curies":[{"name":"wp","href":"https:\/\/api.w.org\/{rel}","templated":true}]}}