{"id":376544,"date":"2022-08-16T23:51:55","date_gmt":"2022-08-17T03:51:55","guid":{"rendered":"http:\/\/diariodominicano.com\/?p=376544"},"modified":"2022-08-16T23:51:55","modified_gmt":"2022-08-17T03:51:55","slug":"en-el-sepelio-de-norte-botello-destacan-su-impronta-politica-y-virtudes","status":"publish","type":"post","link":"https:\/\/diariodominicano.com\/?p=376544","title":{"rendered":"En el sepelio de Norte Botello destacan su impronta pol\u00edtica y virtudes"},"content":{"rendered":"\n<p> Euclides Guti\u00e9rrez F\u00e9lix,  calific\u00f3 a  Norge  Botello como un  pr\u00f3cer por sus virtudes de hombre honrado y luchador por los m\u00e1s preciados intereses de la naci\u00f3n. <\/p>\n\n\n\n<figure class=\"wp-block-image size-full\"><img loading=\"lazy\" decoding=\"async\" width=\"205\" height=\"246\" src=\"https:\/\/diariodominicano.com\/wp-content\/uploads\/2022\/08\/Norge-Botello17.jpg\" alt=\"\" class=\"wp-image-376545\"\/><figcaption>Norge Botello<\/figcaption><\/figure>\n\n\n\n<p>En el acto de inhumaci\u00f3n, &nbsp;en el cementerio Cristo Redentor, Euclides Guti\u00e9rrez F\u00e9lix, lo calific\u00f3 de pr\u00f3cer por sus virtudes de hombre honrado y luchador por los m\u00e1s preciados intereses de la naci\u00f3n.<\/p>\n\n\n\n<p>Santo Domingo RD, el&nbsp; 17 de Agosto de 2008, fueron sepultados los restos del dirigente del Partido de la Liberaci\u00f3n Dominicana (PLD), Norge Botello, fallecido el 15 de Agosto de 2008. Fue uno de los fundadores de la organizaci\u00f3n.<\/p>\n\n\n\n<p>Botello, quien falleci\u00f3 siendo miembro del Comit\u00e9 Pol\u00edtico del PLD, ingres\u00f3 a la vida pol\u00edtica de joven como miembro de la resistencia contra la dictadura de Rafael Le\u00f3nidas Trujillo Molina durante los a\u00f1os finales.<\/p>\n\n\n\n<p>Perteneci\u00f3 al Movimiento Revolucionario 14 de Junio, organizaci\u00f3n pol\u00edtica que lider\u00f3 Manuel Aurelio \u2013Manolo-&nbsp; Tavarez Justo, quien fue fusilado con un grupo de compa\u00f1eros en la loma Las Manaclas durante la guerrilla de diciembre de 1963.<\/p>\n\n\n\n<p>Tuvo una destacada participaci\u00f3n en la insurrecci\u00f3n c\u00edvico militar de abril de 1965, en la que fue comandante del comando B-3,&nbsp; en la calle Jacinto de la Concha, en Villa Francisca.<\/p>\n\n\n\n<p>Botello fue jefe de la seguridad de Juan Bosch durante varios a\u00f1os. Fue diputado al Congreso Nacional y presidente de la C\u00e1mara de Diputados, secretario de Interior y Polic\u00eda, director de Autoridad Portuaria Dominicana y del Instituto Dominicano de Aviaci\u00f3n Civil (IDAC).<\/p>\n\n\n\n<p>Minutos antes del acto, Danilo Medina, quien sustituy\u00f3 a Botello en la presidencia de la C\u00e1mara de Diputados,&nbsp; lo defini\u00f3&nbsp; como un patriota.<\/p>\n\n\n\n<p>\u00abFue un hombre con una gran sensibilidad social, creo que para el PLD es una p\u00e9rdida irreparable y el pa\u00eds pierde uno de sus mejores hombres\u00bb dijo Medina, previo al acto de sepelio.<\/p>\n\n\n\n<p><strong>Botello falleci\u00f3 el d\u00eda 15 de agosto de 2008 y sus restos fueron sepultados el d\u00eda 17 de agosto en un masivo acto que congreg\u00f3 los sectores sociales y pol\u00edticos m\u00e1s diversos del pa\u00eds.<\/strong><\/p>\n\n\n\n<p>En enero de 2008, el PLD clausur\u00f3 su congreso ordinario, que en honor al fenecido dirigente lo nombr\u00f3 VIII Congreso Ordinario del PLD Comandante Norge Botello.<\/p>\n","protected":false},"excerpt":{"rendered":"<p>Euclides Guti\u00e9rrez F\u00e9lix, calific\u00f3 a Norge Botello como un pr\u00f3cer por sus virtudes de hombre honrado y luchador por los m\u00e1s preciados intereses de la naci\u00f3n. En el acto de inhumaci\u00f3n, &nbsp;en el cementerio Cristo Redentor, Euclides Guti\u00e9rrez F\u00e9lix, lo calific\u00f3 de pr\u00f3cer por sus virtudes de hombre honrado y luchador por los m\u00e1s preciados [&hellip;]<\/p>\n","protected":false},"author":28,"featured_media":365317,"comment_status":"closed","ping_status":"","sticky":true,"template":"","format":"standard","meta":{"footnotes":""},"categories":[26,27],"tags":[],"class_list":["post-376544","post","type-post","status-publish","format-standard","has-post-thumbnail","hentry","category-efemerides","category-portada"],"_links":{"self":[{"href":"https:\/\/diariodominicano.com\/index.php?rest_route=\/wp\/v2\/posts\/376544","targetHints":{"allow":["GET"]}}],"collection":[{"href":"https:\/\/diariodominicano.com\/index.php?rest_route=\/wp\/v2\/posts"}],"about":[{"href":"https:\/\/diariodominicano.com\/index.php?rest_route=\/wp\/v2\/types\/post"}],"author":[{"embeddable":true,"href":"https:\/\/diariodominicano.com\/index.php?rest_route=\/wp\/v2\/users\/28"}],"replies":[{"embeddable":true,"href":"https:\/\/diariodominicano.com\/index.php?rest_route=%2Fwp%2Fv2%2Fcomments&post=376544"}],"version-history":[{"count":1,"href":"https:\/\/diariodominicano.com\/index.php?rest_route=\/wp\/v2\/posts\/376544\/revisions"}],"predecessor-version":[{"id":376546,"href":"https:\/\/diariodominicano.com\/index.php?rest_route=\/wp\/v2\/posts\/376544\/revisions\/376546"}],"wp:featuredmedia":[{"embeddable":true,"href":"https:\/\/diariodominicano.com\/index.php?rest_route=\/wp\/v2\/media\/365317"}],"wp:attachment":[{"href":"https:\/\/diariodominicano.com\/index.php?rest_route=%2Fwp%2Fv2%2Fmedia&parent=376544"}],"wp:term":[{"taxonomy":"category","embeddable":true,"href":"https:\/\/diariodominicano.com\/index.php?rest_route=%2Fwp%2Fv2%2Fcategories&post=376544"},{"taxonomy":"post_tag","embeddable":true,"href":"https:\/\/diariodominicano.com\/index.php?rest_route=%2Fwp%2Fv2%2Ftags&post=376544"}],"curies":[{"name":"wp","href":"https:\/\/api.w.org\/{rel}","templated":true}]}}