{"id":37654,"date":"2006-12-01T15:44:07","date_gmt":"2006-12-01T15:44:07","guid":{"rendered":"http:\/\/diariodominicano.ddns.net\/?p=37654"},"modified":"2006-12-01T15:44:07","modified_gmt":"2006-12-01T15:44:07","slug":"invitada-en-teledebate","status":"publish","type":"post","link":"https:\/\/diariodominicano.com\/?p=37654","title":{"rendered":"INVITADA EN TELEDEBATE"},"content":{"rendered":"<p><body><\/p>\n<p align=\"center\" class=\"titulogrande1\">INVITADA EN TELEDEBATE<\/p>\n<p>&#13;<\/p>\n<p align=\"center\"><span class=\"textogrande\">Reyna Camacho de Coh\u00e8n<\/span><br \/>&#13;<br \/>\n  <br \/>&#13;<br \/>\n    <strong>Presidenta de la Alianza por los Derechos y el Desarrollo de la Mujer y la Familia<\/strong><\/p>\n<p>&#13;<\/p>\n<p align=\"justify\" class=\"text1noticias\">Ma\u00f1ana, jueves 30, se  cierra el mes de Noviembre, onceno del a\u00f1o, y con \u00e8l el Mes de la Familia. En nuestro  pa\u00ecs, la instituci\u00f3n familiar lamentablemente ofrece aspectos muy  cuestionables.\u00a0 Hay una gran cantidad de  hogar fragmentados, uniones inconsistentes que r\u00e1pidamente se disuelven por  carencia de una verdadera base de sustentaci\u00f3n, embarazos prematuros en  adolescentes que ni fisiol\u00f3gica ni psicol\u00f3gicamente est\u00e0n preparadas para  ejercer la maternidad, paternidad irresponsable, violencia intrafamiliar, una  elevada tasa de feminicidios y muchos hu\u00e9rfanos de padres vivos.<\/p>\n<p>&#13;<\/p>\n<p align=\"justify\" class=\"text1noticias\">La instituci\u00f3n cuya presidenta tenemos hoy con nosotros,  es pionera del trabajo familiar en nuestro pa\u00ecs.\u00a0 Representa la versi\u00f3n local de la m\u00e0s  acredita y antigua red internacional en este sentido.\u00a0 Su prop\u00f2sito es fortalecer la bases de la  familia dominicana, y en particular de sensibilzar sobre la violencia contra la  mujer. Recordemos que el pa\u00ecs ha sido objeto de un honor singular a  consecuencia de una gran tragedia, de un crimen horrendo: el de las hermanas  Mirabal.\u00a0 <br \/>&#13;<br \/>\n  <br \/>&#13;<br \/>\nLas Naciones han escogido  precisamente el d\u00eca de su asesinato, dentro de este mes, para declararlo de No  Violencia contra la   Mujer.\u00a0 Una celebraci\u00f3n  que deber\u00eca serlo todos los d\u00ecas del a\u00f1o. <\/p>\n<p>&#13;<\/p>\n<p align=\"justify\" class=\"text1noticias\">Do\u00f1a Reyna comienza por aclarar que la Alianza no es una  instituci\u00f3n feminista. \u201cRespetamos a las feministas. Creemos que han hecho un  excelente trabajo.\u00a0 Pero ya hoy  consideramos que debemos tener un radio de acci\u00f2n m\u00e0s amplio y focalizar el  inter\u00e9s y el trabajo en la integraci\u00f3n y consolidaci\u00f3n de la familia, no de la  mujer ni del hombre como entes individuales, sino como una unidad, porque el  ideal familiar no puede concebirse ni desarrollarse a plenitud sobre una base  monoparental\u201d<\/p>\n<p>&#13;<\/p>\n<p align=\"justify\" class=\"text1noticias\">Los integrantes de la Alianza son todos voluntarios.\u00a0 \u201cPero el trabajo profesional tiene que ser  necesariamente remunerado para poder garantizar un servicio efectivo y continuo.\u00a0 No recibimos ayudas en efectivo sino en  naturaleza.\u00a0 <br \/>&#13;<br \/>\n  <br \/>&#13;<br \/>\nPor ejemplo, si una empresa  quiere patrocinarnos la contrataci\u00f2n de un m\u00e8dico, un psic\u00f3logo o un empleado.\u201d\u00a0 Y al respecto, se\u00f1ala como ejemplo \u201cLas seis  l\u00edneas telef\u00f3nicas de que disponemos han sido donadas por TRICOM y corren de su  cuenta.\u00a0 As\u00ec ocurre con otros servicios\u201d.<\/p>\n<p>&#13;<\/p>\n<p align=\"justify\" class=\"text1noticias\">Las l\u00edneas telef\u00f3nicas sustentan la relaci\u00f2n con las  personas que son atendidas.\u00a0 Las llamadas  se reciben en horario normal de trabajo.\u00a0  \u201cPero estamos buscando patrocinio para ampliar el servicio a las 24  horas del d\u00eca.\u00a0 De hecho, es de noche que  nuestro secretel registra mayor n\u00f9mero de llamadas recabando ayuda y  orientaci\u00f3n\u201d <\/p>\n<p>&#13;<\/p>\n<p align=\"justify\" class=\"text1noticias\">Prosigue \u201cCada vez que recibimos una llamada ponemos a la  persona a hablar con un psic\u00f3logo o psiquiatra. Este determina que se trata de  un reclamo de auxilio v\u00e0lido y real.\u00a0 A  partir de ese momento comienza el tratamiento fundamentado inicialmente el  nivel de stress de la persona que llama.\u00a0  Ya en una fase posterior del manejo del caso se le facilita nuestra  direcci\u00f2n donde se le hace un examen m\u00e8dico y recibe la ayuda psicol\u00f3gica para  superar la crisis.<br \/>&#13;<br \/>\n  <br \/> &#13;<br \/>\nTambi\u00e8n le brindamos asistencia legal.\u00a0 Intervenimos en los conflictos familiares con  \u00e0nimo de buscar conciliaci\u00f3n.\u00a0 Pero si  media alg\u00fan delito, agresi\u00f3n f\u00edsica, etc. entonces colocamos el caso en manos  de la autoridad\u201d.<\/p>\n<p>&#13;<\/p>\n<p align=\"justify\" class=\"text1noticias\">Sobre la condici\u00f3n social de quienes requieren ayuda,  do\u00f1a Reyna aclara \u201cAl principio de nuestro trabajo pensamos que el mismo se  focalizar\u00eca sobre todo en grupos de escasos recursos.\u00a0 Se sorprender\u00edan de conocer qu\u00e8 cantidad, sin  embargo, de familias pudientes est\u00e0n en problemas y acuden a nosotros\u201d.<\/p>\n<p>&#13;<\/p>\n<p align=\"justify\" class=\"text1noticias\">Un tema importante es el de la falta de hogares de  protecci\u00f3n, que hace que muchas mujeres desistan de denunciar los abusos a que  son sometidos por sus parejas ante el temor de ser victimas de una nueva  agresi\u00f3n. El hecho fue se\u00f1alado por el Dr.Jos\u00e8 Miguel G\u00f2mez Montero, en su m\u00e0s  reciente comparecencia en TELEDEBATE\u00a0 .\u00a0 Al respecto do\u00f1a Reyna, con un dejo de  amargura, revela: \u201cQuiz\u00e0s est\u00e8 mal que lo diga p\u00fablicamente, pero eso es  consecuencia del \u201cyo\u00ecsmo\u201d.\u00a0<br \/>&#13;<br \/>\n  <br \/> &#13;<br \/>\nFuimos  nosotros los pioneros para el establecimiento de dichos refugios y los que  redactamos e impulsamos la aprobaci\u00f3n de la ley destinada a su creaci\u00f2n.\u00a0 Una ley que cuenta con recursos propios ya  que establece el cobro de un 1 porciento del valor de todas las armas que se  comercializan en el pa\u00ecs.\u00a0 Una vez  promulgada la misma se impuso el \u201cyoismo\u201d, instituciones oficiales se  disputaron su implementaci\u00f2n.\u00a0 A la fecha  quis\u00e8ramos saber qu\u00e8 se ha hecho de los recursos recaudados por la aplicaci\u00f3n  de esa legislaci\u00f3n. Que nos despejen este punto la Secretar\u00eca de la Mujer o el organismo que  est\u00e8 encargado de su ejecuci\u00f3n\u201d.<\/p>\n<p>&#13;<\/p>\n<p align=\"justify\" class=\"text1noticias\">Para finalizar una vehemente exhortaci\u00f3n a favor de la  integraci\u00f3n familiar.\u00a0 \u201cLa familia es la  base de la sociedad, la c\u00e9lula fundamental de todo el tejido social.\u00a0 Es nuestro \u00e0mbito focal de trabajo y  exhortamos a todos en general, porque no es un problema del gobierno ni de  nadie en particular, sino de inter\u00e9s colectivo a fortalecer la familia y a  desenvolver la existencia de la misma en un marco de respeto mutuo por parte de  la pareja.\u00a0 Hogares desintegrados o mal  manejados, violencia intrafamiliar s\u00f2lo pueden conducir a tragedias, y en el  mejor de los casos a fomentar la misma violencia en sus hijos y empujarlos  hacia la delincuencia\u201d.\u00a0 <\/p>\n<p>&#13;<\/p>\n<h6> 2006-12-01 15:44:07 <\/h6>\n<p><!--\n<link rel=\"stylesheet\" href=\"css\/bootstrap.min.css\">\n\n\n<ul class=\"pagination\">\n\t    \n\t\n\n<li >\n\t<a href='?page_no=13395'>Previous<\/a>\n\t<\/li>\n\n\n       \n    \n\n<li><a href='?page_no=1'>1<\/a><\/li>\n\n\n\n<li><a href='?page_no=2'>2<\/a><\/li>\n\n\n\n<li><a>...<\/a><\/li>\n\n\n\n<li><a href='?page_no=13394'>13394<\/a><\/li>\n\n\n\n<li><a href='?page_no=13395'>13395<\/a><\/li>\n\n\n\n<li class='active'><a>13396<\/a><\/li>\n\n\n\n<li><a href='?page_no=13397'>13397<\/a><\/li>\n\n\n\n<li><a href='?page_no=13398'>13398<\/a><\/li>\n\n\n\n<li><a>...<\/a><\/li>\n\n\n\n<li><a href='?page_no=13611'>13611<\/a><\/li>\n\n\n\n<li><a href='?page_no=13612'>13612<\/a><\/li>\n\n    \n\t\n\n<li >\n\t<a href='?page_no=13397'>Next<\/a>\n\t<\/li>\n\n\n    \n\n<li><a href='?page_no=13612'>Last &rsaquo;&rsaquo;<\/a><\/li>\n\n<\/ul>\n\n\n--><br \/>\n<\/body><\/p>\n","protected":false},"excerpt":{"rendered":"<p>INVITADA EN TELEDEBATE &#13; Reyna Camacho de Coh\u00e8n&#13; &#13; Presidenta de la Alianza por los Derechos y el Desarrollo de la Mujer y la Familia &#13; Ma\u00f1ana, jueves 30, se cierra el mes de Noviembre, onceno del a\u00f1o, y con \u00e8l el Mes de la Familia. En nuestro pa\u00ecs, la instituci\u00f3n familiar lamentablemente ofrece aspectos [&hellip;]<\/p>\n","protected":false},"author":3,"featured_media":0,"comment_status":"open","ping_status":"open","sticky":false,"template":"","format":"standard","meta":{"footnotes":""},"categories":[16],"tags":[],"class_list":["post-37654","post","type-post","status-publish","format-standard","hentry","category-opiniones"],"_links":{"self":[{"href":"https:\/\/diariodominicano.com\/index.php?rest_route=\/wp\/v2\/posts\/37654","targetHints":{"allow":["GET"]}}],"collection":[{"href":"https:\/\/diariodominicano.com\/index.php?rest_route=\/wp\/v2\/posts"}],"about":[{"href":"https:\/\/diariodominicano.com\/index.php?rest_route=\/wp\/v2\/types\/post"}],"author":[{"embeddable":true,"href":"https:\/\/diariodominicano.com\/index.php?rest_route=\/wp\/v2\/users\/3"}],"replies":[{"embeddable":true,"href":"https:\/\/diariodominicano.com\/index.php?rest_route=%2Fwp%2Fv2%2Fcomments&post=37654"}],"version-history":[{"count":0,"href":"https:\/\/diariodominicano.com\/index.php?rest_route=\/wp\/v2\/posts\/37654\/revisions"}],"wp:attachment":[{"href":"https:\/\/diariodominicano.com\/index.php?rest_route=%2Fwp%2Fv2%2Fmedia&parent=37654"}],"wp:term":[{"taxonomy":"category","embeddable":true,"href":"https:\/\/diariodominicano.com\/index.php?rest_route=%2Fwp%2Fv2%2Fcategories&post=37654"},{"taxonomy":"post_tag","embeddable":true,"href":"https:\/\/diariodominicano.com\/index.php?rest_route=%2Fwp%2Fv2%2Ftags&post=37654"}],"curies":[{"name":"wp","href":"https:\/\/api.w.org\/{rel}","templated":true}]}}