{"id":376539,"date":"2022-08-16T23:38:37","date_gmt":"2022-08-17T03:38:37","guid":{"rendered":"http:\/\/diariodominicano.com\/?p=376539"},"modified":"2022-08-16T23:38:37","modified_gmt":"2022-08-17T03:38:37","slug":"tropas-de-benito-moncion-cabrera-y-pimentel-atacan-guarniciones-y-patrullas-del-ejercito-espanol-la-guerra-de-la-restauracion-en-desarrollo","status":"publish","type":"post","link":"https:\/\/diariodominicano.com\/?p=376539","title":{"rendered":"Tropas de Benito Monci\u00f3n, Cabrera y Pimentel atacan guarniciones y patrullas del Ej\u00e9rcito Espa\u00f1ol. La Guerra de la Restauraci\u00f3n en desarrollo"},"content":{"rendered":"\n<p><strong>SANTIAGO DE LOS CABALLEROS, el 17 de agosto de 1863<\/strong>, en la Guerra de la Restauraci\u00f3n, tropas dominicanas comandadas por los generales Benito Monci\u00f3n, Jos\u00e9 Cabrera y Pedro Antonio Pimentel, iniciaron los ataques contra las guarniciones y patrullas espa\u00f1olas, comandadas por el brigadier Manuel Buceta.<\/p>\n\n\n\n<p>&nbsp;&nbsp; El mismo d\u00eda 17 de agosto, las fuerzas del general Pedro Antonio Pimentel destrozaron en el r\u00edo Macab\u00f3n, una columna espa\u00f1ola que se dirig\u00eda de Dajab\u00f3n al municipio de Guayub\u00edn.<\/p>\n\n\n\n<p>&nbsp;&nbsp;&nbsp; El brigadier&nbsp; Buceta, era el Gobernador de la Anexi\u00f3n&nbsp; en Santiago. Cuando se produjo el \u00abGrito de Capotillo\u00bb, el 16 de agosto de 1863, se encontraba en&nbsp; un recorrido por la l\u00ednea Noroeste y la Frontera, con el prop\u00f3sito de comprobar&nbsp; la situaci\u00f3n en la zona.<\/p>\n\n\n\n<p>&nbsp;&nbsp;&nbsp; La Guerra de la Restauraci\u00f3n comenz\u00f3 el d\u00eda 16 de agosto del a\u00f1o 1863, y termin\u00f3 con el rescate de la soberan\u00eda de la Rep\u00fablica Dominicana.<\/p>\n\n\n\n<p>&nbsp;&nbsp; Un informe militar&nbsp; da cuenta de que el 16 de agosto los revolucionarios dominicanos aprovecharon que el Gobierno Espa\u00f1ol de la Anexi\u00f3n hab\u00eda dispuesto el desplazamiento de las guarniciones fronterizas,&nbsp; y el Batall\u00f3n La Corona, con una secci\u00f3n de artiller\u00eda y otra de cazadores, hacia Puerto Plata y Santiago.<\/p>\n\n\n\n<p>&nbsp;El&nbsp; 16 de agosto de 1863, 14 patriotas dominicanos cruzaron la frontera y proclamaron el \u00abGrito de Capotillo\u00bb, en el cerro de Capotillo Espa\u00f1ol y de inmediato izaron la bandera dominicana que hab\u00eda sido&nbsp; cosida por Huberto Mars\u00e1n.<\/p>\n\n\n\n<p>&nbsp;&nbsp;&nbsp;&nbsp;&nbsp;&nbsp;&nbsp;&nbsp; Los 14 pr\u00f3ceres del \u00abGrito de Capotillo\u00bb fueron el coronel Santiago Rodr\u00edguez, capit\u00e1n Eugenio Belliard, Segundo Rivas, Alejandro Bueno, Pablo Reyes,&nbsp; y Juan de la Mata Monci\u00f3n (abanderado). El espa\u00f1ol Jos\u00e9 Angulo (corneta), San M\u00e9zquita, Tom\u00e1s de Aquilino Rodr\u00edguez, Jos\u00e9 Cabrera, Sotero Blan, Benito Monci\u00f3n, Juan de la Cruz Alvarez y un soldado desconocido.<\/p>\n\n\n\n<p>&nbsp;&nbsp;&nbsp;&nbsp; Al comentar el acontecimiento, el historiador Jos\u00e9 Gabriel Garc\u00eda destaca el apoyo que recibieron los restauradores en la regi\u00f3n Norte.<\/p>\n\n\n\n<p>&nbsp;&nbsp;&nbsp;&nbsp;&nbsp; \u00abTodo el Cibao, en fin, estaba en armas, y la bandera del 27 de febrero de 1844, desplegada en Capotillo el 16 de agosto de 1863, por los merodeadores de las fronteras, que como por encanto se hab\u00edan convertido en ej\u00e9rcito revolucionario, iba recuperando, una a una, en marcha triunfal, las astas gloriosas de donde hab\u00eda sido arriada violentamente el 18 de marzo de 1861\u00bb.<\/p>\n\n\n\n<p>&nbsp;&nbsp;&nbsp;&nbsp;&nbsp; La anexi\u00f3n de Rep\u00fablica Dominicana a Espa\u00f1a hab\u00eda sido proclamada por el Presidente Pedro Santana, en un acto celebrado en la plaza de la Catedral de Santo Domingo, el d\u00eda 18 de marzo de 1861.&nbsp;<\/p>\n\n\n\n<p>&nbsp;&nbsp;&nbsp;&nbsp; A pesar de que los dominicanos proclamaron la Restauraci\u00f3n de la Rep\u00fablica el d\u00eda 16 de agosto de 1863,&nbsp; los espa\u00f1oles se resist\u00edan a salir del pa\u00eds y se concentraron en varios puntos del territorio nacional.<\/p>\n\n\n\n<p>&nbsp;&nbsp;&nbsp;&nbsp; En un proceso de negociaciones se lleg\u00f3&nbsp; al acuerdo que produjo la salida de los remanentes del Ej\u00e9rcito Espa\u00f1ol a partir del d\u00eda 10 de julio de 1865, con lo que termin\u00f3 de manera definitiva la Guerra de la Restauraci\u00f3n.<\/p>\n","protected":false},"excerpt":{"rendered":"<p>SANTIAGO DE LOS CABALLEROS, el 17 de agosto de 1863, en la Guerra de la Restauraci\u00f3n, tropas dominicanas comandadas por los generales Benito Monci\u00f3n, Jos\u00e9 Cabrera y Pedro Antonio Pimentel, iniciaron los ataques contra las guarniciones y patrullas espa\u00f1olas, comandadas por el brigadier Manuel Buceta. &nbsp;&nbsp; El mismo d\u00eda 17 de agosto, las fuerzas del [&hellip;]<\/p>\n","protected":false},"author":28,"featured_media":292680,"comment_status":"closed","ping_status":"","sticky":true,"template":"","format":"standard","meta":{"footnotes":""},"categories":[26,27],"tags":[],"class_list":["post-376539","post","type-post","status-publish","format-standard","has-post-thumbnail","hentry","category-efemerides","category-portada"],"_links":{"self":[{"href":"https:\/\/diariodominicano.com\/index.php?rest_route=\/wp\/v2\/posts\/376539","targetHints":{"allow":["GET"]}}],"collection":[{"href":"https:\/\/diariodominicano.com\/index.php?rest_route=\/wp\/v2\/posts"}],"about":[{"href":"https:\/\/diariodominicano.com\/index.php?rest_route=\/wp\/v2\/types\/post"}],"author":[{"embeddable":true,"href":"https:\/\/diariodominicano.com\/index.php?rest_route=\/wp\/v2\/users\/28"}],"replies":[{"embeddable":true,"href":"https:\/\/diariodominicano.com\/index.php?rest_route=%2Fwp%2Fv2%2Fcomments&post=376539"}],"version-history":[{"count":1,"href":"https:\/\/diariodominicano.com\/index.php?rest_route=\/wp\/v2\/posts\/376539\/revisions"}],"predecessor-version":[{"id":376540,"href":"https:\/\/diariodominicano.com\/index.php?rest_route=\/wp\/v2\/posts\/376539\/revisions\/376540"}],"wp:featuredmedia":[{"embeddable":true,"href":"https:\/\/diariodominicano.com\/index.php?rest_route=\/wp\/v2\/media\/292680"}],"wp:attachment":[{"href":"https:\/\/diariodominicano.com\/index.php?rest_route=%2Fwp%2Fv2%2Fmedia&parent=376539"}],"wp:term":[{"taxonomy":"category","embeddable":true,"href":"https:\/\/diariodominicano.com\/index.php?rest_route=%2Fwp%2Fv2%2Fcategories&post=376539"},{"taxonomy":"post_tag","embeddable":true,"href":"https:\/\/diariodominicano.com\/index.php?rest_route=%2Fwp%2Fv2%2Ftags&post=376539"}],"curies":[{"name":"wp","href":"https:\/\/api.w.org\/{rel}","templated":true}]}}