{"id":37652,"date":"2006-12-01T15:57:49","date_gmt":"2006-12-01T15:57:49","guid":{"rendered":"http:\/\/diariodominicano.ddns.net\/?p=37652"},"modified":"2006-12-01T15:57:49","modified_gmt":"2006-12-01T15:57:49","slug":"es-el-tiempo-de-la-reforma","status":"publish","type":"post","link":"https:\/\/diariodominicano.com\/?p=37652","title":{"rendered":"Es el tiempo de la reforma"},"content":{"rendered":"<p><body><\/p>\n<p align=\"center\" class=\"titulogrande1\">Es el tiempo de la reforma<\/p>\n<p>&#13;<\/p>\n<p align=\"center\" class=\"textogrande\">Por Lu\u00eds Fern\u00e1ndez*<\/p>\n<p>&#13;<\/p>\n<p align=\"justify\" class=\"text1noticias\">El proceso de cambios pol\u00edticos,  econ\u00f3micos y sociales que necesita el pa\u00eds, es algo prioritario para los que  nos sentimos comprometidos, con la reforma constitucional, la  institucionalizaci\u00f3n del pa\u00eds, la modernizaci\u00f3n del Estado, la lucha contra la  corrupci\u00f3n y contra la impunidad y la estabilidad\u00a0 econ\u00f3mica que conduzca al progreso de los  dominicanos.<\/p>\n<p>&#13;<\/p>\n<p align=\"justify\" class=\"text1noticias\">Es por esto que resulta  preocupante que fuerzas progresistas como el PLD, que debe ser la organizaci\u00f3n  mas interesada en mantener la coherencia y unidad de sus fuerzas, mantenga una  lucha interna por la candidatura presidencial del 2008, que esta desbordando  los limites propios de una organizaci\u00f3n que es la obra del maestro y gu\u00eda del  pueblo dominicano el profesor Juan Bosch, caracterizada siempre por el respeto  a sus m\u00e9todos de trabajo y a la unificaci\u00f3n de criterios.<\/p>\n<p>&#13;<\/p>\n<p align=\"justify\" class=\"text1noticias\">El PLD debe ser un ejemplo de  fortaleza pol\u00edtica a lo interno y a lo externo, por lo que debe poner un freno  en un camino que a lo \u00fanico que va a conducir es a la descalificaci\u00f3n y a los  ataques desconsiderados, lo que seria un atentado a la unidad del partido, que  facilitar\u00eda la destrucci\u00f3n del instrumento pol\u00edtico llamado a completar la obra  del patricio Juan Pablo Duarte.<\/p>\n<p>&#13;<\/p>\n<p align=\"justify\" class=\"text1noticias\">Los intereses personales o de  grupo no deben regir la vida del PLD, es por esto que el proceso electoral  interno debe servir para fortalecer y nunca para dividir, conscientes del papel  estelar que debemos jugar en el proceso de cambios del pa\u00eds, sugerimos al PLD,  a su mas alta direcci\u00f3n , el comit\u00e9 pol\u00edtico y el comit\u00e9 central, enfrentar la  situaci\u00f3n poniendo en alto los m\u00e9todos\u00a0  pelede\u00edstas y el inter\u00e9s nacional con las siguientes medidas:<\/p>\n<p>&#13;<\/p>\n<p align=\"justify\" class=\"text1noticias\">1.-Suspensi\u00f3n de todo  pronunciamiento p\u00fablico de dirigentes del partido o de funcionarios del  gobierno a favor o en contra de cualquier candidato. <\/p>\n<p>&#13;<\/p>\n<p align=\"justify\" class=\"text1noticias\">2.-Suspensi\u00f3n de toda reuni\u00f3n de  consulta\u00a0 o de contacto de los aspirantes  presidenciales o de sus parciales.<\/p>\n<p>&#13;<\/p>\n<p align=\"justify\" class=\"text1noticias\">3.-Solicitar a los partidos y  organizaciones aliadas que no hagan pronunciamiento alguno a favor o en contra  de cualquier candidato.<\/p>\n<p>&#13;<\/p>\n<p align=\"justify\" class=\"text1noticias\">4.-Dedicar el mes de Diciembre  para que el comit\u00e9 pol\u00edtico discuta la situaci\u00f3n, en un clima de distensi\u00f3n y  sin presiones que haga posible encausar el proceso, tomando como primer aspecto, el  inter\u00e9s de la continuidad en el poder en el 2008 y mas all\u00e1.<\/p>\n<p>&#13;<\/p>\n<p align=\"justify\" class=\"text1noticias\">5.-Realizar esfuerzos por crear  un clima que asegure el fortalecimiento de las relaciones entre el presidente  Leonel Fern\u00e1ndez y el Lic. Danilo Medina, ejes fundamentales de la presente  gesti\u00f3n.<\/p>\n<p>&#13;<\/p>\n<p align=\"justify\" class=\"text1noticias\">6.-Garantizar el derecho de todos  los precandidatos, con igualdad de condiciones, con respeto para cada uno y con  un proceso que no de lugar a ninguna duda, ni cuestionamiento interno o  externo.<\/p>\n<p>&#13;<\/p>\n<p align=\"justify\" class=\"text1noticias\">7.-Establecer la metodolog\u00eda a  seguir y el calendario a desarrollar, con estricto apego a los m\u00e9todos  establecidos.<\/p>\n<p>&#13;<\/p>\n<p align=\"justify\" class=\"text1noticias\">8.-Establecer la fecha del inicio  del proceso interno y las condiciones de \u00e9tica y moralidad que deben regir el  desarrollo del mismo.<\/p>\n<p>&#13;<\/p>\n<p align=\"justify\" class=\"text1noticias\">Despu\u00e9s de tomadas estas medidas  se deber\u00e1 escoger el candidato presidencial para el 2008, proceso que deber\u00e1  hacerse sin traumas, en democracia y con pulcritud.<\/p>\n<p>&#13;<\/p>\n<p align=\"justify\" class=\"text1noticias\">El PLD no puede hacer lo mismo  que ha hecho el PRD y el PRSC, organizaciones que desacreditan el ejercicio  pol\u00edtico y que representan las posiciones mas atrasadas del pa\u00eds, esto el  pueblo no lo perdonar\u00eda, el PLD debe levantarse como un solo hombre,  fuertemente unido a lo interno, fortaleciendo el bloque progresista y  desarrollando el proyecto de naci\u00f3n que conducir\u00e1\u00a0 a la disminuci\u00f3n de la pobreza y a sentar las  bases del desarrollo nacional.<\/p>\n<p>&#13;<\/p>\n<p align=\"justify\" class=\"text1noticias\">Llamamos a todos los Pelede\u00edstas  y a las fuerzas progresistas del pa\u00eds a cerrar filas en la lucha por la unidad  de las fuerzas pol\u00edticas, que cerraran el paso al retroceso que pretende volver  , para llevar el desastre, el caos\u00a0 y el  desorden a la   Rep\u00fablica Dominicana.<\/p>\n<p>&#13;<\/p>\n<p align=\"justify\" class=\"text1noticias\">Las contradicciones entre  progresistas y patriotas, son pasajeras y de momento, las contradicciones  verdaderas y a las que tenemos que dirigir nuestras fuerzas, son contra las  fuerzas del atraso, las que no deben tener ninguna oportunidad, que puedan  aprovechar, para cercenar las conquistas y el cambio de rumbo que ha emprendido  el pa\u00eds.<\/p>\n<p>&#13;<\/p>\n<p align=\"justify\" class=\"text1noticias\">*Lu\u00eds Fern\u00e1ndez es presidente del  Movimiento Democracia y Desarrollo (MDD).<\/p>\n<p>&#13;<\/p>\n<h6> 2006-12-01 15:57:49 <\/h6>\n<p><!--\n<link rel=\"stylesheet\" href=\"css\/bootstrap.min.css\">\n\n\n<ul class=\"pagination\">\n\t    \n\t\n\n<li >\n\t<a href='?page_no=13393'>Previous<\/a>\n\t<\/li>\n\n\n       \n    \n\n<li><a href='?page_no=1'>1<\/a><\/li>\n\n\n\n<li><a href='?page_no=2'>2<\/a><\/li>\n\n\n\n<li><a>...<\/a><\/li>\n\n\n\n<li><a href='?page_no=13392'>13392<\/a><\/li>\n\n\n\n<li><a href='?page_no=13393'>13393<\/a><\/li>\n\n\n\n<li class='active'><a>13394<\/a><\/li>\n\n\n\n<li><a href='?page_no=13395'>13395<\/a><\/li>\n\n\n\n<li><a href='?page_no=13396'>13396<\/a><\/li>\n\n\n\n<li><a>...<\/a><\/li>\n\n\n\n<li><a href='?page_no=13611'>13611<\/a><\/li>\n\n\n\n<li><a href='?page_no=13612'>13612<\/a><\/li>\n\n    \n\t\n\n<li >\n\t<a href='?page_no=13395'>Next<\/a>\n\t<\/li>\n\n\n    \n\n<li><a href='?page_no=13612'>Last &rsaquo;&rsaquo;<\/a><\/li>\n\n<\/ul>\n\n\n--><br \/>\n<\/body><\/p>\n","protected":false},"excerpt":{"rendered":"<p>Es el tiempo de la reforma &#13; Por Lu\u00eds Fern\u00e1ndez* &#13; El proceso de cambios pol\u00edticos, econ\u00f3micos y sociales que necesita el pa\u00eds, es algo prioritario para los que nos sentimos comprometidos, con la reforma constitucional, la institucionalizaci\u00f3n del pa\u00eds, la modernizaci\u00f3n del Estado, la lucha contra la corrupci\u00f3n y contra la impunidad y la [&hellip;]<\/p>\n","protected":false},"author":3,"featured_media":0,"comment_status":"open","ping_status":"open","sticky":false,"template":"","format":"standard","meta":{"footnotes":""},"categories":[16],"tags":[],"class_list":["post-37652","post","type-post","status-publish","format-standard","hentry","category-opiniones"],"_links":{"self":[{"href":"https:\/\/diariodominicano.com\/index.php?rest_route=\/wp\/v2\/posts\/37652","targetHints":{"allow":["GET"]}}],"collection":[{"href":"https:\/\/diariodominicano.com\/index.php?rest_route=\/wp\/v2\/posts"}],"about":[{"href":"https:\/\/diariodominicano.com\/index.php?rest_route=\/wp\/v2\/types\/post"}],"author":[{"embeddable":true,"href":"https:\/\/diariodominicano.com\/index.php?rest_route=\/wp\/v2\/users\/3"}],"replies":[{"embeddable":true,"href":"https:\/\/diariodominicano.com\/index.php?rest_route=%2Fwp%2Fv2%2Fcomments&post=37652"}],"version-history":[{"count":0,"href":"https:\/\/diariodominicano.com\/index.php?rest_route=\/wp\/v2\/posts\/37652\/revisions"}],"wp:attachment":[{"href":"https:\/\/diariodominicano.com\/index.php?rest_route=%2Fwp%2Fv2%2Fmedia&parent=37652"}],"wp:term":[{"taxonomy":"category","embeddable":true,"href":"https:\/\/diariodominicano.com\/index.php?rest_route=%2Fwp%2Fv2%2Fcategories&post=37652"},{"taxonomy":"post_tag","embeddable":true,"href":"https:\/\/diariodominicano.com\/index.php?rest_route=%2Fwp%2Fv2%2Ftags&post=37652"}],"curies":[{"name":"wp","href":"https:\/\/api.w.org\/{rel}","templated":true}]}}