{"id":37648,"date":"2006-12-01T16:35:29","date_gmt":"2006-12-01T16:35:29","guid":{"rendered":"http:\/\/diariodominicano.ddns.net\/?p=37648"},"modified":"2006-12-01T16:35:29","modified_gmt":"2006-12-01T16:35:29","slug":"el-tiro-rapido-466","status":"publish","type":"post","link":"https:\/\/diariodominicano.com\/?p=37648","title":{"rendered":"EL TIRO RAPIDO"},"content":{"rendered":"<p><body><\/p>\n<h1 align=\"center\">EL TIRO RAPIDO<\/h1>\n<p>&#13;<\/p>\n<p align=\"center\" class=\"textogrande\">de<br \/>&#13;<br \/>\nMario  Rivadulla<\/p>\n<p>&#13;<\/p>\n<p align=\"justify\" class=\"text1noticias\">Cuando se puso en pr\u00e0ctica el\u00a0 Plan de Seguridad Democr\u00e1tica\u00a0 implementado inicialmente\u00a0\u00a0 la Capital y llevado luego a\u00a0 Santiago, en los barrios y sectores  considerados m\u00e0s calientes al haber sido convertidos en verdaderos territorios  \u201capache\u201d por las bandas de micro narcotraficantes y malhechores de todo g\u00e8nero,  hicimos una advertencia.<\/p>\n<p>&#13;<\/p>\n<p align=\"justify\" class=\"text1noticias\">Dijimos entonces que el intenso  patrullaje policial desplegado en esos marginados y atormentados vecindarios,  sin dudas pondr\u00eda en retirada a los maleantes.\u00a0  Pero no precisamente para abandonar sus actividades il\u00edcitas,\u00a0 sino para trasladar sus fechor\u00edas a otros  escenarios.\u00a0 Primero, a otros barrios  pr\u00f3ximos a los incluidos en el Plan y que ofrecieran sus mismas  caracter\u00edsticas.\u00a0 Y m\u00e0s tarde, a sectores  de clase media y alta que hasta entonces hab\u00ecan permanecido relativamente  seguros.<\/p>\n<p>&#13;<\/p>\n<p align=\"justify\" class=\"text1noticias\">En la pr\u00e0ctica, esto es lo que  ha ocurrido y sigue sucediendo.<\/p>\n<p>&#13;<\/p>\n<p align=\"justify\" class=\"text1noticias\">Esta pasada semana, la  exclusiva zona residencial de Los Cacicazgos vio alterada su tradicional  tranquilidad con un hecho sangriento\u00a0 muy  preocupante.<\/p>\n<p>&#13;<\/p>\n<p align=\"justify\" class=\"text1noticias\">De acuerdo a las versiones  iniciales ofrecidas por la   Polic\u00eca, un nacional austriaco residente en el pa\u00ecs, Marcos  Elvis Cuevas Grinood, result\u00f2 muerto de un balazo en el t\u00f2rax en el curso de un  asalto.Lo caracter\u00edstico y m\u00e0s inquietante del este hecho criminal, de  frecuencia casi diaria, es que\u00a0 el mismo  se produjo dentro del propio apartamento de la v\u00ecctima.<\/p>\n<p>&#13;<\/p>\n<p align=\"justify\" class=\"text1noticias\">Todos saben que a todo lo largo  de la Avenida   Anacaona, teniendo como frente el relajante parte Mirador  Sur, que lleva el nombre del doctor Joaqu\u00edn Balaguer bajo uno de cuyos  gobiernos se desarroll\u00f2 ese pulm\u00f2n natural y ampliamente usado como sitio de  deportes y recreaci\u00f3n por miles de personas, se levantan edificios con  apartamentos y pent houses de lujo, as\u00ec como costosas residencias entre las  cuales descuella m\u00e0s por su ocupante que por su elevado valor que realmente lo  tiene, la del popular y estelar Sammy Sosa.<\/p>\n<p>&#13;<\/p>\n<p align=\"justify\" class=\"text1noticias\">Y es precisamente en ese  sector,\u00a0 donde \u00faltimamente han venido  registr\u00e1ndose algunos hechos delictivos de importancia y mucha peligrosidad,  que ahora culminan con la muerte del austriaco Cuevas Grinood.<\/p>\n<p>&#13;<\/p>\n<p align=\"justify\" class=\"text1noticias\">Es claro que toda vida humana  es valiosa.\u00a0 Y que la injusta p\u00e8rdida por  causa de violencia criminal de cualquiera,\u00a0  no importa el rango social de la v\u00ecctima, tiene el mismo valor y debe  provocar los mismos sentimientos de pesar.\u00a0  Pero no es menos cierto que por la relevancia de la v\u00ecctima o por otras  diversas circunstancias, hay muertes que producen mayor impacto que otras. <\/p>\n<p>&#13;<\/p>\n<p align=\"justify\" class=\"text1noticias\">En este caso, estamos hablando  no s\u00f2lo del sector m\u00e0s exclusivo de la capital, donde residen\u00a0 numerosos dominicanos y una gran cantidad de  extranjeros, empresarios y diplom\u00e1ticos sobre todo, en edificios que cuentan  con mecanismos de control de acceso y vigilancia y muchos de los cuales poseen  servicios de guardianes privados, y por tanto el que resulta m\u00e0s a cubierto de  acciones criminales.<\/p>\n<p>&#13;<\/p>\n<p align=\"justify\" class=\"text1noticias\">Un hecho como el ocurrido en  ese sector y particularmente\u00a0 costando la  vida a un extranjero, tiene repercusiones hacia el exterior mucho m\u00e0s acusadas  y perjudiciales que cualquier hecho similar ocurrido en otro escenario y si la  v\u00ecctima fuese dominicano.<\/p>\n<p>&#13;<\/p>\n<p align=\"justify\" class=\"text1noticias\">Confirma adem\u00e1s, lo que  previmos y se\u00f1alamos inicialmente.\u00a0 O  sea, que las bandas de malhechores se han ido moviendo desde otros barrios  calientes hacia las zonas que eran m\u00e0s fr\u00ecas pero que ahora est\u00e0n en riesgo de  cambiar de temperatura.<\/p>\n<p>&#13;<\/p>\n<p align=\"justify\" class=\"text1noticias\">Ampl\u00eca adem\u00e1s el reto de la  delincuencia para un cuerpo policial que todav\u00eca dista mucho de disponer del  personal requerido, confiable y preparado as\u00ec como el equipamiento requerido  para garantizar la seguridad en los sectores m\u00e0s pudientes, sin sacrificar en  lo absoluto la protecci\u00f3n que requieren y merecen los vecindarios de clase  media baja y baja.<\/p>\n<p>&#13;<\/p>\n<p align=\"justify\" class=\"text1noticias\">El tema de la seguridad  ciudadana, por consiguiente, vuelve a colocarse, si es que dej\u00f2 de serlo en  alg\u00fan momento, como una de las m\u00e0s exigentes prioridades para el gobierno y en  particular, para la   Polic\u00eca Nacional y los cuerpos de investigaci\u00f3n tanto por  razones de real seguridad interna como de imagen hacia el exterior.<\/p>\n<p>&#13;<\/p>\n<h6> 2006-12-01 16:35:29 <\/h6>\n<p><!--\n<link rel=\"stylesheet\" href=\"css\/bootstrap.min.css\">\n\n\n<ul class=\"pagination\">\n\t    \n\t\n\n<li >\n\t<a href='?page_no=13389'>Previous<\/a>\n\t<\/li>\n\n\n       \n    \n\n<li><a href='?page_no=1'>1<\/a><\/li>\n\n\n\n<li><a href='?page_no=2'>2<\/a><\/li>\n\n\n\n<li><a>...<\/a><\/li>\n\n\n\n<li><a href='?page_no=13388'>13388<\/a><\/li>\n\n\n\n<li><a href='?page_no=13389'>13389<\/a><\/li>\n\n\n\n<li class='active'><a>13390<\/a><\/li>\n\n\n\n<li><a href='?page_no=13391'>13391<\/a><\/li>\n\n\n\n<li><a href='?page_no=13392'>13392<\/a><\/li>\n\n\n\n<li><a>...<\/a><\/li>\n\n\n\n<li><a href='?page_no=13611'>13611<\/a><\/li>\n\n\n\n<li><a href='?page_no=13612'>13612<\/a><\/li>\n\n    \n\t\n\n<li >\n\t<a href='?page_no=13391'>Next<\/a>\n\t<\/li>\n\n\n    \n\n<li><a href='?page_no=13612'>Last &rsaquo;&rsaquo;<\/a><\/li>\n\n<\/ul>\n\n\n--><br \/>\n<\/body><\/p>\n","protected":false},"excerpt":{"rendered":"<p>EL TIRO RAPIDO &#13; de&#13; Mario Rivadulla &#13; Cuando se puso en pr\u00e0ctica el\u00a0 Plan de Seguridad Democr\u00e1tica\u00a0 implementado inicialmente\u00a0\u00a0 la Capital y llevado luego a\u00a0 Santiago, en los barrios y sectores considerados m\u00e0s calientes al haber sido convertidos en verdaderos territorios \u201capache\u201d por las bandas de micro narcotraficantes y malhechores de todo g\u00e8nero, hicimos [&hellip;]<\/p>\n","protected":false},"author":3,"featured_media":0,"comment_status":"open","ping_status":"open","sticky":false,"template":"","format":"standard","meta":{"footnotes":""},"categories":[16],"tags":[],"class_list":["post-37648","post","type-post","status-publish","format-standard","hentry","category-opiniones"],"_links":{"self":[{"href":"https:\/\/diariodominicano.com\/index.php?rest_route=\/wp\/v2\/posts\/37648","targetHints":{"allow":["GET"]}}],"collection":[{"href":"https:\/\/diariodominicano.com\/index.php?rest_route=\/wp\/v2\/posts"}],"about":[{"href":"https:\/\/diariodominicano.com\/index.php?rest_route=\/wp\/v2\/types\/post"}],"author":[{"embeddable":true,"href":"https:\/\/diariodominicano.com\/index.php?rest_route=\/wp\/v2\/users\/3"}],"replies":[{"embeddable":true,"href":"https:\/\/diariodominicano.com\/index.php?rest_route=%2Fwp%2Fv2%2Fcomments&post=37648"}],"version-history":[{"count":0,"href":"https:\/\/diariodominicano.com\/index.php?rest_route=\/wp\/v2\/posts\/37648\/revisions"}],"wp:attachment":[{"href":"https:\/\/diariodominicano.com\/index.php?rest_route=%2Fwp%2Fv2%2Fmedia&parent=37648"}],"wp:term":[{"taxonomy":"category","embeddable":true,"href":"https:\/\/diariodominicano.com\/index.php?rest_route=%2Fwp%2Fv2%2Fcategories&post=37648"},{"taxonomy":"post_tag","embeddable":true,"href":"https:\/\/diariodominicano.com\/index.php?rest_route=%2Fwp%2Fv2%2Ftags&post=37648"}],"curies":[{"name":"wp","href":"https:\/\/api.w.org\/{rel}","templated":true}]}}