{"id":37645,"date":"2006-12-04T15:08:28","date_gmt":"2006-12-04T15:08:28","guid":{"rendered":"http:\/\/diariodominicano.ddns.net\/?p=37645"},"modified":"2006-12-04T15:08:28","modified_gmt":"2006-12-04T15:08:28","slug":"la-verdad-duele","status":"publish","type":"post","link":"https:\/\/diariodominicano.com\/?p=37645","title":{"rendered":"La verdad duele"},"content":{"rendered":"<p><body><\/p>\n<p align=\"center\" class=\"titulogrande1\">La verdad duele<\/p>\n<p>&#13;<\/p>\n<p align=\"center\" class=\"textogrande\"><strong>Por Hector J. Peniche<\/strong><\/p>\n<p>&#13;<\/p>\n<p align=\"justify\"><strong>New Jersey.- <\/strong><span class=\"text1noticias\">Siempre se ha comentado que cuando un  dominicano habla mal de su pa\u00eds no pasa nada, pero no es lo mismo si el  comentario negativo lo hace un extranjero, se siente ofendido. Creo que lo  mismo vale para todas las naciones, por lo de que \u00a0si lo hace alguien del propio pa\u00eds tiene todo  el derecho, o tambi\u00e9n porque el que hace el comentario es parte de la oposici\u00f3n  del Gobierno de turno.<\/span><\/p>\n<p>&#13;<\/p>\n<p align=\"justify\" class=\"text1noticias\">Por un extra\u00f1o sentimiento, nos sentimos ofendidos porque  alguien venga al pa\u00eds y nos diga la verdad de nuestra condici\u00f3n social, la  verdad duele, sobre todo si es un extranjero quien nos la dice.<\/p>\n<p>&#13;<\/p>\n<p align=\"justify\" class=\"text1noticias\">Hace poco corrieron como p\u00f3lvora los comentarios  supuestamente negativos que hizo uno de los m\u00fasicos del cantautor\u00a0 espa\u00f1ol, Joaqu\u00edn Sabina, en su p\u00e1gina de  Internet sobre su impresi\u00f3n\u00a0 de Santo  Domingo. Daba pena, dec\u00eda el m\u00fasico, por las condiciones en que estaba la  capital dominicana. \u201cesta bastante descuidada, esta como descarrilada y se ve  constantemente gente en condiciones lamentables, ni\u00f1os pidiendo en cada  esquina\u201d.<\/p>\n<p>&#13;<\/p>\n<p align=\"justify\" class=\"text1noticias\">En honor a otra verdad, el m\u00fasico de Sabina, no dijo nada  que todos los dominicanos no ven ni sienten, pero la verdad duele.<\/p>\n<p>&#13;<\/p>\n<p align=\"justify\" class=\"text1noticias\">Es que los slogans publicitarios sobre el turismo para  promocionar la   Republica Dominicana, no muestran las im\u00e1genes que el  guitarrista Francisco Varona vio en su estad\u00eda en la capital dominicana; playas  paradis\u00edacas como las que tenemos, la m\u00fasica contagiante del merengue, hermosas  mujeres y lugares bien cuidados.<\/p>\n<p>&#13;<\/p>\n<p align=\"justify\" class=\"text1noticias\">Claro que esto no es exclusivo de la Republica Dominicana,  es impresionante ver las condiciones de todas las dem\u00e1s situaciones econ\u00f3micas  y sociales\u00a0 de la regi\u00f3n del Caribe y  toda Latinoam\u00e9rica que los extranjeros s\u00f3lo ven cuando visitan esos lugares. No  quiero ser especifico para no tener que hacer como el m\u00fasico de Sabina, pedir  p\u00fablica disculpa, que ya no valen ni tienen raz\u00f3n de ser, pues lo que se vio  nadie lo puede borrar, a\u00a0 no ser que  cambien las im\u00e1genes que\u00a0 \u00e9l describe.<\/p>\n<p>&#13;<\/p>\n<p align=\"justify\" class=\"text1noticias\">Deber\u00eda, ser todo  lo contrario, las impresiones del m\u00fasico Varona nos deben servir de ejemplo a  todos los dominicanos para que las cosas cambien y sepamos que otros ojos nos  miran de otra manera, con derecho a vernos. Sin ofendernos, voy m\u00e1s lejos, en  los aeropuertos del pa\u00eds deber\u00edan poner anuncios que digan: \u201cqueridos  visitantes cualquier criticas o sugerencias sobre nuestro pa\u00eds depos\u00edtenlas en  este buz\u00f3n\u201d.<\/p>\n<p>&#13;<\/p>\n<p align=\"justify\"><strong>Hector J. Peniche  es un periodista y abogado residente en el estado de New Jersey.<\/strong><\/p>\n<p>&#13;<\/p>\n<h6> 2006-12-04 15:08:28 <\/h6>\n<p><!--\n<link rel=\"stylesheet\" href=\"css\/bootstrap.min.css\">\n\n\n<ul class=\"pagination\">\n\t    \n\t\n\n<li >\n\t<a href='?page_no=13387'>Previous<\/a>\n\t<\/li>\n\n\n       \n    \n\n<li><a href='?page_no=1'>1<\/a><\/li>\n\n\n\n<li><a href='?page_no=2'>2<\/a><\/li>\n\n\n\n<li><a>...<\/a><\/li>\n\n\n\n<li><a href='?page_no=13386'>13386<\/a><\/li>\n\n\n\n<li><a href='?page_no=13387'>13387<\/a><\/li>\n\n\n\n<li class='active'><a>13388<\/a><\/li>\n\n\n\n<li><a href='?page_no=13389'>13389<\/a><\/li>\n\n\n\n<li><a href='?page_no=13390'>13390<\/a><\/li>\n\n\n\n<li><a>...<\/a><\/li>\n\n\n\n<li><a href='?page_no=13611'>13611<\/a><\/li>\n\n\n\n<li><a href='?page_no=13612'>13612<\/a><\/li>\n\n    \n\t\n\n<li >\n\t<a href='?page_no=13389'>Next<\/a>\n\t<\/li>\n\n\n    \n\n<li><a href='?page_no=13612'>Last &rsaquo;&rsaquo;<\/a><\/li>\n\n<\/ul>\n\n\n--><br \/>\n<\/body><\/p>\n","protected":false},"excerpt":{"rendered":"<p>La verdad duele &#13; Por Hector J. Peniche &#13; New Jersey.- Siempre se ha comentado que cuando un dominicano habla mal de su pa\u00eds no pasa nada, pero no es lo mismo si el comentario negativo lo hace un extranjero, se siente ofendido. Creo que lo mismo vale para todas las naciones, por lo de [&hellip;]<\/p>\n","protected":false},"author":3,"featured_media":0,"comment_status":"open","ping_status":"open","sticky":false,"template":"","format":"standard","meta":{"footnotes":""},"categories":[16],"tags":[],"class_list":["post-37645","post","type-post","status-publish","format-standard","hentry","category-opiniones"],"_links":{"self":[{"href":"https:\/\/diariodominicano.com\/index.php?rest_route=\/wp\/v2\/posts\/37645","targetHints":{"allow":["GET"]}}],"collection":[{"href":"https:\/\/diariodominicano.com\/index.php?rest_route=\/wp\/v2\/posts"}],"about":[{"href":"https:\/\/diariodominicano.com\/index.php?rest_route=\/wp\/v2\/types\/post"}],"author":[{"embeddable":true,"href":"https:\/\/diariodominicano.com\/index.php?rest_route=\/wp\/v2\/users\/3"}],"replies":[{"embeddable":true,"href":"https:\/\/diariodominicano.com\/index.php?rest_route=%2Fwp%2Fv2%2Fcomments&post=37645"}],"version-history":[{"count":0,"href":"https:\/\/diariodominicano.com\/index.php?rest_route=\/wp\/v2\/posts\/37645\/revisions"}],"wp:attachment":[{"href":"https:\/\/diariodominicano.com\/index.php?rest_route=%2Fwp%2Fv2%2Fmedia&parent=37645"}],"wp:term":[{"taxonomy":"category","embeddable":true,"href":"https:\/\/diariodominicano.com\/index.php?rest_route=%2Fwp%2Fv2%2Fcategories&post=37645"},{"taxonomy":"post_tag","embeddable":true,"href":"https:\/\/diariodominicano.com\/index.php?rest_route=%2Fwp%2Fv2%2Ftags&post=37645"}],"curies":[{"name":"wp","href":"https:\/\/api.w.org\/{rel}","templated":true}]}}