{"id":37644,"date":"2006-12-04T15:13:45","date_gmt":"2006-12-04T15:13:45","guid":{"rendered":"http:\/\/diariodominicano.ddns.net\/?p=37644"},"modified":"2006-12-04T15:13:45","modified_gmt":"2006-12-04T15:13:45","slug":"deuda-externa-y-rectificacion-fiscal","status":"publish","type":"post","link":"https:\/\/diariodominicano.com\/?p=37644","title":{"rendered":"Deuda externa y rectificaci\u00f3n fiscal"},"content":{"rendered":"<p><body><\/p>\n<p><span class=\"titulogrande1\">Deuda externa y rectificaci\u00f3n fiscal\u00a0\u00a0<\/span>\u00a0\u00a0\u00a0\u00a0\u00a0\u00a0\u00a0\u00a0\u00a0\u00a0\u00a0\u00a0 <\/p>\n<p>&#13;<\/p>\n<p><span class=\"textogrande\">Por Jos\u00e9 Reyes Mart\u00ednez<\/span><br \/>&#13;<br \/>\n  <br \/>&#13;<br \/>\n    <strong>Especial para Diario Dominicano<\/strong><\/p>\n<p>&#13;<\/p>\n<p align=\"justify\" class=\"text1noticias\">Andr\u00e9 Gide, con la elegancia y el contenido con que se  expresan los grandes \u00a0de la literatura,  escribe: \u00abMuchas veces las palabras\u00a0  que tendr\u00edamos\u00a0 que \u00a0haber dicho no se presentan\u00a0 ante\u00a0  nuestros esp\u00edritus hasta que ya es \u00a0demasiado tarde\u00bb.<\/p>\n<p>&#13;<\/p>\n<p align=\"justify\" class=\"text1noticias\">Esta cita lapidaria del afamado escritor franc\u00e9s, viene a  prop\u00f3sito\u00a0 de que el \u00a0PRD ha  anunciado\u00a0 que asumir\u00e1 la defensa de los  pobres y las clases medias, ahora fuera del poder y cuando ya es\u00a0 tarde para volver a creer en el Partido que se arrog\u00f3 la misi\u00f3n hist\u00f3rica de transformar  el\u00a0 porvenir de la \u00a0R.D.<\/p>\n<p>&#13;<\/p>\n<p align=\"justify\" class=\"text1noticias\">Este anuncio, naturalmente, lo hace despu\u00e9s de haber dejado  el pa\u00eds en una grave crisis econ\u00f3mica y de credibilidad, y justamente  cuando la Rep\u00fablica Dominicana atraviesa por un\u00a0  momento especialmente dif\u00edcil por el peso de una deuda externa que se torna ya\u00a0 insostenible y asfixiante frente a los recursos que ahora generan las recaudaciones fiscales.<\/p>\n<p>&#13;<\/p>\n<p align=\"justify\" class=\"text1noticias\">El anuncio de la organizaci\u00f3n pol\u00edtica es a prop\u00f3sito del  proyecto de rectificaci\u00f3n fiscal que presentara el Gobierno al Congreso  junto al proyecto de Presupuesto del 2007.<\/p>\n<p>&#13;<\/p>\n<p align=\"justify\" class=\"text1noticias\">Pues, no se puede obviar la realidad de que las autoridades  necesitan buscar 18,000 millones de\u00a0  pesos, que equivalen al 1.5 por ciento del PIB, como lo demanda el FMI para garantizar el pago de la deuda externa.<\/p>\n<p>&#13;<\/p>\n<p align=\"justify\" class=\"text1noticias\">En 2003, por ejemplo, el desenfrenado endeudamiento externo  a que someti\u00f3 \u00a0al pa\u00eds el\u00a0 Gobierno del PRD, rond\u00f3 la hist\u00f3rica cifra  del 57% del PIB, cuando lo juicioso seria\u00a0  que se colocara por debajo del 25 por ciento, seg\u00fan lo estimado por el director gerente del FMI, Rodrigo  Rato.<\/p>\n<p>&#13;<\/p>\n<p align=\"justify\" class=\"text1noticias\">Una situaci\u00f3n que ha sido generada por haber duplicado la  deuda externa, que \u00a0en el 2000 se\u00a0 encontraba en 3,679.38 millones de d\u00f3lares,  pero ya en el \u00a02004 ascend\u00eda\u00a0 a la pesada cifra de 6,379.70 millones de la  divisa estadounidense.<\/p>\n<p>&#13;<\/p>\n<p align=\"justify\" class=\"text1noticias\">Como consecuencia de este innecesario endeudamiento, que no  fue usado para financiar un noble\u00a0  proyecto nacional de desarrollo que nos impulsara hacia \u00a0el adelante, ahora el pa\u00eds requiere para el  pr\u00f3ximo a\u00f1o de\u00a0 65,000 millones \u00a0de pesos para el pago de la deuda externa.<\/p>\n<p>&#13;<\/p>\n<p align=\"justify\" class=\"text1noticias\">Esa pol\u00edtica de endeudamiento irracional ha incidido  negativamente tambi\u00e9n en los planes de pol\u00edticas de desarrollo humano, esto as\u00ed  porque el pa\u00eds tiene que dedicar sustanciales recursos a una deuda que debi\u00f3  haber sido invertida \u00a0en salud,  educaci\u00f3n, viviendas e infraestructuras sociales.<\/p>\n<p>&#13;<\/p>\n<p align=\"justify\" class=\"text1noticias\">Con raz\u00f3n, David Ricardo, cl\u00e1sico del pensamiento econ\u00f3mico,  consider\u00f3 la \u00a0deuda p\u00fablica como \u201cel  abrumador obst\u00e1culo que paraliza todos los esfuerzos \u00a0de una naci\u00f3n\u201d.<\/p>\n<p>&#13;<\/p>\n<p align=\"justify\" class=\"text1noticias\">Es interesante recordar, porque est\u00e1 fresco en la mente de  cada dominicano,\u00a0 el uso incoherente y desordenado  con que el PRD manej\u00f3 el poder que le hab\u00eda endosado la sociedad\u00a0 dominicana, la dej\u00f3 sin oxigeno ni esperanzas para salir adelante.<\/p>\n<p>&#13;<\/p>\n<p align=\"justify\" class=\"text1noticias\">Esa entidad pol\u00edtica ya olvid\u00f3 que su gesti\u00f3n ineficaz y la  crisis econ\u00f3mica que de all\u00ed se deriv\u00f3, produjo 1.5 millones de dominicanos  que\u00a0 cayeron estrepitosamente en la pobreza, de los cuales 700 mil fueron  a parar en la pobreza\u00a0 extrema. <br \/>&#13;<br \/>\n  <br \/>&#13;<br \/>\nSon  evidencias concretas de c\u00f3mo ese partido defiende, con \u00a0palabras, naturalmente, a\u00a0 los pobres y la clase media.<\/p>\n<p>&#13;<\/p>\n<p align=\"justify\" class=\"text1noticias\">En las circunstancias actuales, a la oposici\u00f3n le  corresponde, si aspira de verdad a un mejor porvenir para los dominicanos, ponerse por  encima de su estrecha visi\u00f3n pol\u00edtica y no usar el\u00a0 tema de la rectificaci\u00f3n fiscal, con palabras que ni brillan ni saltan, como dir\u00eda el laureado  poeta Pablo Neruda, para alimentar sus apetencias partidarias.<\/p>\n<p>&#13;<\/p>\n<p align=\"justify\" class=\"text1noticias\">Por todo esto, el PRD deber\u00eda reflexionar hasta que madure  en su cabeza y en \u00a0su sangre, que el\u00a0 verdadero papel de un partido de oposici\u00f3n, a  nuestro juicio, es hacer propuestas de Estado razonadas y cre\u00edbles;  es contribuir al consenso y al di\u00e1logo para trabajar en torno a las\u00a0 prioridades que demanda la naci\u00f3n.<\/p>\n<p>&#13;<\/p>\n<p align=\"justify\" class=\"text1noticias\">As\u00ed es como los buenos dirigentes con visi\u00f3n y liderazgo  critico, ejercen la pol\u00edtica como una ciencia que estudia la b\u00fasqueda del  bienestar y el progreso del pa\u00eds, a trav\u00e9s de las instituciones que le \u00a0sirvan de soporte.<\/p>\n<p>&#13;<\/p>\n<p align=\"justify\" class=\"text1noticias\">El autor es periodista<br \/>&#13;<br \/>\n  <br \/>&#13;<br \/>\n  <a href=\"http:\/\/webmail.diariodominicano.com\/src\/compose.php?send_to=jr_reyes_16%40hotmail.com\"><strong>jr_reyes_16@hotmail.com<\/strong><\/a><\/p>\n<p>&#13;<\/p>\n<h6> 2006-12-04 15:13:45 <\/h6>\n<p><!--\n<link rel=\"stylesheet\" href=\"css\/bootstrap.min.css\">\n\n\n<ul class=\"pagination\">\n\t    \n\t\n\n<li >\n\t<a href='?page_no=13386'>Previous<\/a>\n\t<\/li>\n\n\n       \n    \n\n<li><a href='?page_no=1'>1<\/a><\/li>\n\n\n\n<li><a href='?page_no=2'>2<\/a><\/li>\n\n\n\n<li><a>...<\/a><\/li>\n\n\n\n<li><a href='?page_no=13385'>13385<\/a><\/li>\n\n\n\n<li><a href='?page_no=13386'>13386<\/a><\/li>\n\n\n\n<li class='active'><a>13387<\/a><\/li>\n\n\n\n<li><a href='?page_no=13388'>13388<\/a><\/li>\n\n\n\n<li><a href='?page_no=13389'>13389<\/a><\/li>\n\n\n\n<li><a>...<\/a><\/li>\n\n\n\n<li><a href='?page_no=13611'>13611<\/a><\/li>\n\n\n\n<li><a href='?page_no=13612'>13612<\/a><\/li>\n\n    \n\t\n\n<li >\n\t<a href='?page_no=13388'>Next<\/a>\n\t<\/li>\n\n\n    \n\n<li><a href='?page_no=13612'>Last &rsaquo;&rsaquo;<\/a><\/li>\n\n<\/ul>\n\n\n--><br \/>\n<\/body><\/p>\n","protected":false},"excerpt":{"rendered":"<p>Deuda externa y rectificaci\u00f3n fiscal\u00a0\u00a0\u00a0\u00a0\u00a0\u00a0\u00a0\u00a0\u00a0\u00a0\u00a0\u00a0\u00a0\u00a0 &#13; Por Jos\u00e9 Reyes Mart\u00ednez&#13; &#13; Especial para Diario Dominicano &#13; Andr\u00e9 Gide, con la elegancia y el contenido con que se expresan los grandes \u00a0de la literatura, escribe: \u00abMuchas veces las palabras\u00a0 que tendr\u00edamos\u00a0 que \u00a0haber dicho no se presentan\u00a0 ante\u00a0 nuestros esp\u00edritus hasta que ya es \u00a0demasiado tarde\u00bb. [&hellip;]<\/p>\n","protected":false},"author":3,"featured_media":0,"comment_status":"open","ping_status":"open","sticky":false,"template":"","format":"standard","meta":{"footnotes":""},"categories":[16],"tags":[],"class_list":["post-37644","post","type-post","status-publish","format-standard","hentry","category-opiniones"],"_links":{"self":[{"href":"https:\/\/diariodominicano.com\/index.php?rest_route=\/wp\/v2\/posts\/37644","targetHints":{"allow":["GET"]}}],"collection":[{"href":"https:\/\/diariodominicano.com\/index.php?rest_route=\/wp\/v2\/posts"}],"about":[{"href":"https:\/\/diariodominicano.com\/index.php?rest_route=\/wp\/v2\/types\/post"}],"author":[{"embeddable":true,"href":"https:\/\/diariodominicano.com\/index.php?rest_route=\/wp\/v2\/users\/3"}],"replies":[{"embeddable":true,"href":"https:\/\/diariodominicano.com\/index.php?rest_route=%2Fwp%2Fv2%2Fcomments&post=37644"}],"version-history":[{"count":0,"href":"https:\/\/diariodominicano.com\/index.php?rest_route=\/wp\/v2\/posts\/37644\/revisions"}],"wp:attachment":[{"href":"https:\/\/diariodominicano.com\/index.php?rest_route=%2Fwp%2Fv2%2Fmedia&parent=37644"}],"wp:term":[{"taxonomy":"category","embeddable":true,"href":"https:\/\/diariodominicano.com\/index.php?rest_route=%2Fwp%2Fv2%2Fcategories&post=37644"},{"taxonomy":"post_tag","embeddable":true,"href":"https:\/\/diariodominicano.com\/index.php?rest_route=%2Fwp%2Fv2%2Ftags&post=37644"}],"curies":[{"name":"wp","href":"https:\/\/api.w.org\/{rel}","templated":true}]}}