{"id":37643,"date":"2006-12-06T19:53:05","date_gmt":"2006-12-06T19:53:05","guid":{"rendered":"http:\/\/diariodominicano.ddns.net\/?p=37643"},"modified":"2006-12-06T19:53:05","modified_gmt":"2006-12-06T19:53:05","slug":"uno","status":"publish","type":"post","link":"https:\/\/diariodominicano.com\/?p=37643","title":{"rendered":"UNO"},"content":{"rendered":"<p><body><\/p>\n<p align=\"right\"><strong><img loading=\"lazy\" decoding=\"async\" width=\"67\" height=\"36\" src=\"http:\/\/10.0.0.82:8080\/formato_clip_image002_0029.gif\" \/><\/strong><br \/>&#13;<br \/>\n    <strong><img loading=\"lazy\" decoding=\"async\" width=\"177\" height=\"33\" src=\"http:\/\/10.0.0.82:8080\/formato_clip_image004_0008.gif\" \/><\/strong><\/p>\n<p>&#13;<\/p>\n<p align=\"right\"><strong><em>Comentarios de Medios<\/em><\/strong><br \/>&#13;<br \/>\n  <br \/>&#13;<br \/>\n    <em>05 de Diciembre, 2006.<\/em><\/p>\n<p>&#13;<\/p>\n<p align=\"right\"><em>\u201cLa potencia intelectual de un hombre se mide<\/em><br \/>&#13;<br \/>\n    <em>\u00a0por la dosis de humor que es  capaz de utilizar\u201d<\/em><br \/>&#13;<br \/>\n    <br \/>&#13;<br \/>\n    <em>Friedrich Nietzsche <\/em><\/p>\n<p>&#13;<\/p>\n<p><strong>\u00a0<\/strong><\/p>\n<p>&#13;<\/p>\n<p><strong>UNO<\/strong><br \/>&#13;<br \/>\n  <br \/>&#13;<br \/>\n    <strong>No s\u00f3lo austeridad, sino  priorizar\u2026<\/strong><\/p>\n<p>&#13;<\/p>\n<p align=\"justify\" class=\"text1noticias\">Hemos  escuchado con atenci\u00f3n el discurso del Presidente Leonel Fern\u00e1ndez en donde  plantea su necesidad de obtener m\u00e1s recursos para el gasto p\u00fablico.<br \/>&#13;<br \/>\n  <br \/>&#13;<br \/>\n  Una primera  reacci\u00f3n es preguntarnos \u00bfA qu\u00e9 tipo de sociedad aspiramos? M\u00faltiples pueden  ser las respuestas, tanto en el plano de las palabras como de nuestras  pr\u00e1cticas. <br \/>&#13;<br \/>\n  <br \/>&#13;<br \/>\n  El Presidente <strong>Leonel Fern\u00e1ndez<\/strong> ha enarbolado el discurso de la austeridad y de  una reforma fiscal que intenta no afectar a los m\u00e1s pobres de nuestra sociedad.<br \/>&#13;<br \/>\n  <br \/>&#13;<br \/>\n  Sin embargo, a  nuestro modo de ver, nuestros gobiernos han mostrado  ser incapaces de \u201cracionalidad\u201d en el gasto p\u00fablico (y decimos gasto, no  inversi\u00f3n), por varias razones. <br \/>&#13;<br \/>\n  <br \/>&#13;<br \/>\n  La primera lo  es el hecho de gastar m\u00e1s de lo que puede ingresarle.  Cualquier padre de familia que entre en ese c\u00edrculo a\u00f1o tras a\u00f1o termina mal y  puede f\u00e1cilmente escuchar a alguien que pueda indicarle: \u201c\u00a1Y es que te estas  volviendo loco!\u201d.<br \/>&#13;<br \/>\n  <br \/>&#13;<br \/>\n  Y no s\u00f3lo  estamos gastando en exceso, sino en una direcci\u00f3n  aparentemente equivocada. Esta es la segunda raz\u00f3n por la que percibimos  poca \u201cracionalidad\u201d en el gasto p\u00fablico. \u00bfCu\u00e1l es nuestro nivel de inversi\u00f3n en  agua potable, en salud, en educaci\u00f3n, en cuidado del medio ambiente? Es el  nivel de inversi\u00f3n en estas \u00e1reas, el cual se ha mantenido fluctuante y hasta  con retrocesos, el que nos indica que tipo de sociedad quieren los que nos  gobiernan.<br \/>&#13;<br \/>\n  <br \/>&#13;<br \/>\n  Ya el  Presidente nos habl\u00f3 de su reforma. Ahora nos queda esperar ver cu\u00e1l es su  planteamiento de Presupuesto\u2026. <br \/>&#13;<br \/>\n  Si los  gobiernos pueden ser concebidos como administradores del bien com\u00fan, esta  sociedad ha sufrido mucho con administradores poco \u201cracionales\u201d en su manejo de  las finanzas p\u00fablicas. Es hora de torcer el rumbo.<\/p>\n<p>&#13;<\/p>\n<p align=\"justify\" class=\"text1noticias\"><strong>DOS<\/strong><br \/>&#13;<br \/>\n  <br \/>&#13;<br \/>\n  <strong>Una reelecci\u00f3n posible<\/strong><\/p>\n<p>&#13;<\/p>\n<p align=\"justify\" class=\"text1noticias\">\u00bfPor qu\u00e9 no juega Leonel Fern\u00e1ndez a una reelecci\u00f3n posible,  que es la del Partido  no del Presidente? Muchos consideran que la historia social y pol\u00edtica  dominicana se lo agradecer\u00eda y que sus posibilidades de retorno se  incrementar\u00edan. <br \/>&#13;<br \/>\n  <br \/>&#13;<br \/>\n  Es probable  que la otra reelecci\u00f3n, la   del Presidente, tambi\u00e9n tenga posibilidades.<br \/>&#13;<br \/>\n  <br \/>&#13;<br \/>\n  No s\u00e9 si  funciona adecuadamente la balanza de las razones pol\u00edticas con las pesas de  \u201cmediano tiempo\u201d o si, como es tradici\u00f3n en la pol\u00edtica dominicana, las pesas  utilizadas son la de la preponderancia individual.<br \/>&#13;<br \/>\n  <br \/>&#13;<br \/>\n\u00bfDanilo Medina?  \u00bfJaime David Fern\u00e1ndez Mirabal? \u00bfJos\u00e9 Tom\u00e1s P\u00e9rez? Candidatos tiene el PLD.  Actualmente la imagen del Presidente parece deteriorada. Algunos de sus  funcionarios han logrado \u00abcualquierizarlo\u00bb como pol\u00edtico,  especialmente los funcionarios del \u00e1rea econ\u00f3mica (algo que la oposici\u00f3n y los  aspirantes del PLD agradecer\u00e1n).<br \/>&#13;<br \/>\n<br \/>&#13;<br \/>\nSin embargo,  esta \u201ccualquierizaci\u00f3n\u201d puede afectar a los aspirantes del PLD, puesto que el  capital pol\u00edtico acumulado por Fern\u00e1ndez se disminuye y ese capital puede  servir al Partido en el Gobierno. Es necesario recordar que la popularidad del  Presidente estuvo siempre por encima de la popularidad del PLD y que los  dominicanos parecemos estar m\u00e1s inclinados a escuchar personalidades que a  entender razones colectivas.<br \/>&#13;<br \/>\n<br \/>&#13;<br \/>\nParece ser que  Fern\u00e1ndez Mirabal, Medina y P\u00e9rez est\u00e1n apostando a dejar que los muertos  entierren a sus muertos. El problema es que pueden seguir viviendo como  fantasmas\u2026<\/p>\n<p>&#13;<\/p>\n<p align=\"justify\" class=\"text1noticias\"><strong>TRES<\/strong><br \/>&#13;<br \/>\n  <br \/>&#13;<br \/>\n<strong>Una pobre concepci\u00f3n de la  pol\u00edtica<\/strong><\/p>\n<p>&#13;<\/p>\n<p align=\"justify\" class=\"text1noticias\">\u201cEl secretario  sin cartera <strong>Luis  Ynchausti<\/strong> censur\u00f3 la \u201cingratitud\u201d del grupo que respalda el proyecto  presidencial de Danilo Medina y lament\u00f3 que el presidente Leonel Fern\u00e1ndez haya  \u201cpuesto los huevos en una sola canasta\u201d, tras considerar que en vez de sacar  pollos, de ella s\u00f3lo salieron \u201ccuervos\u201d, expresa una nota redactada por Kleiner L\u00f3pez, en Diario  Libre.<br \/>&#13;<br \/>\n  <br \/>&#13;<br \/>\n Censurar  la \u201cingratitud\u201d\u2026 Una pobre concepci\u00f3n de la pol\u00edtica: debe seguirse a un l\u00edder  por estar agradecidos\u2026 Parece que en este caso se trata de las posiciones  logradas en el Gobierno, de los empleos. Si los  empleados p\u00fablicos fueron nombrados en funci\u00f3n de su capacidad de desempe\u00f1ar un  puesto \u00bfdeben agradecer con servilismo dicho nombramiento?<\/p>\n<p>&#13;<\/p>\n<p align=\"justify\">Milton Tejada C.<br \/>&#13;<br \/>\n  <br \/>&#13;<br \/>\n<a href=\"mailto:tejadamilton@yahoo.com\">tejadamilton@yahoo.com<\/a><\/p>\n<p>&#13;<\/p>\n<h6> 2006-12-06 19:53:05 <\/h6>\n<p><!--\n<link rel=\"stylesheet\" href=\"css\/bootstrap.min.css\">\n\n\n<ul class=\"pagination\">\n\t    \n\t\n\n<li >\n\t<a href='?page_no=13385'>Previous<\/a>\n\t<\/li>\n\n\n       \n    \n\n<li><a href='?page_no=1'>1<\/a><\/li>\n\n\n\n<li><a href='?page_no=2'>2<\/a><\/li>\n\n\n\n<li><a>...<\/a><\/li>\n\n\n\n<li><a href='?page_no=13384'>13384<\/a><\/li>\n\n\n\n<li><a href='?page_no=13385'>13385<\/a><\/li>\n\n\n\n<li class='active'><a>13386<\/a><\/li>\n\n\n\n<li><a href='?page_no=13387'>13387<\/a><\/li>\n\n\n\n<li><a href='?page_no=13388'>13388<\/a><\/li>\n\n\n\n<li><a>...<\/a><\/li>\n\n\n\n<li><a href='?page_no=13611'>13611<\/a><\/li>\n\n\n\n<li><a href='?page_no=13612'>13612<\/a><\/li>\n\n    \n\t\n\n<li >\n\t<a href='?page_no=13387'>Next<\/a>\n\t<\/li>\n\n\n    \n\n<li><a href='?page_no=13612'>Last &rsaquo;&rsaquo;<\/a><\/li>\n\n<\/ul>\n\n\n--><br \/>\n<\/body><\/p>\n","protected":false},"excerpt":{"rendered":"<p>&#13; &#13; Comentarios de Medios&#13; &#13; 05 de Diciembre, 2006. &#13; \u201cLa potencia intelectual de un hombre se mide&#13; \u00a0por la dosis de humor que es capaz de utilizar\u201d&#13; &#13; Friedrich Nietzsche &#13; \u00a0 &#13; UNO&#13; &#13; No s\u00f3lo austeridad, sino priorizar\u2026 &#13; Hemos escuchado con atenci\u00f3n el discurso del Presidente Leonel Fern\u00e1ndez en donde [&hellip;]<\/p>\n","protected":false},"author":3,"featured_media":0,"comment_status":"open","ping_status":"open","sticky":false,"template":"","format":"standard","meta":{"footnotes":""},"categories":[16],"tags":[],"class_list":["post-37643","post","type-post","status-publish","format-standard","hentry","category-opiniones"],"_links":{"self":[{"href":"https:\/\/diariodominicano.com\/index.php?rest_route=\/wp\/v2\/posts\/37643","targetHints":{"allow":["GET"]}}],"collection":[{"href":"https:\/\/diariodominicano.com\/index.php?rest_route=\/wp\/v2\/posts"}],"about":[{"href":"https:\/\/diariodominicano.com\/index.php?rest_route=\/wp\/v2\/types\/post"}],"author":[{"embeddable":true,"href":"https:\/\/diariodominicano.com\/index.php?rest_route=\/wp\/v2\/users\/3"}],"replies":[{"embeddable":true,"href":"https:\/\/diariodominicano.com\/index.php?rest_route=%2Fwp%2Fv2%2Fcomments&post=37643"}],"version-history":[{"count":0,"href":"https:\/\/diariodominicano.com\/index.php?rest_route=\/wp\/v2\/posts\/37643\/revisions"}],"wp:attachment":[{"href":"https:\/\/diariodominicano.com\/index.php?rest_route=%2Fwp%2Fv2%2Fmedia&parent=37643"}],"wp:term":[{"taxonomy":"category","embeddable":true,"href":"https:\/\/diariodominicano.com\/index.php?rest_route=%2Fwp%2Fv2%2Fcategories&post=37643"},{"taxonomy":"post_tag","embeddable":true,"href":"https:\/\/diariodominicano.com\/index.php?rest_route=%2Fwp%2Fv2%2Ftags&post=37643"}],"curies":[{"name":"wp","href":"https:\/\/api.w.org\/{rel}","templated":true}]}}